 {"id":101,"date":"2016-02-18T22:40:10","date_gmt":"2016-02-18T21:40:10","guid":{"rendered":"https:\/\/zabnica.e-przedszkolak.eu\/?p=101"},"modified":"2016-02-24T23:47:00","modified_gmt":"2016-02-24T22:47:00","slug":"ii-przeglad-koled-i-pastoralek-polskich-hej-koleda-koleda","status":"publish","type":"post","link":"https:\/\/zabnica.e-przedszkolak.eu\/archiwum\/2016\/02\/18\/ii-przeglad-koled-i-pastoralek-polskich-hej-koleda-koleda\/","title":{"rendered":"II Przegl\u0105d Kol\u0119d i Pastora\u0142ek Polskich &#8222;Hej kol\u0119da, kol\u0119da&#8221;"},"content":{"rendered":"<p style=\"text-align: justify;\">13.01.2015 W O\u015brodku Promocji Gminy W\u0119gierska G\u00f3rka odby\u0142 si\u0119 II Przegl\u0105d Kol\u0119d i Pastora\u0142ek Polskich &#8222;Hej kol\u0119da, kol\u0119da&#8221;. Dzieci za\u015bpiewa\u0142y \u2026..\u00a0Dumni z naszych przedszkolak\u00f3w z rado\u015bci\u0105 chcemy poinformowa\u0107 o wynikach konkursu:<\/p>\n<p style=\"text-align: justify;\"><!--more--><\/p>\n<p style=\"text-align: justify;\">Przedszkola \u2013 soli\u015bci:<\/p>\n<p style=\"text-align: justify;\"><strong>I miejsce:<\/strong> Karolina Jurasz, Klaudia Piwowarczyk, Karol Gruszka<\/p>\n<p style=\"text-align: justify;\">\u017byczymy dalszych sukces\u00f3w \ud83d\ude42<\/p>\n<p style=\"text-align: justify;\">\n<div class=\"ngg-galleryoverview ngg-slideshow\"\n\tid=\"ngg-slideshow-37cc69503786fbf97ca1711eec087d2f-175579400\"\n\tdata-gallery-id=\"37cc69503786fbf97ca1711eec087d2f\"\n\tstyle=\"max-width: 600px;\n\t\t\tmax-height: 400px;\n\t\t\tdisplay: none;\">\n\n\t\n\t\t<a href=\"https:\/\/zabnica.e-przedszkolak.eu\/archiwum\/wp-content\/gallery\/ii-przeglad-koled-i-pastoralek-polskich-hej-koleda-koleda\/dsc-0016_201601131509.jpg\"\n\t\t\ttitle=\"\"\n\t\t\tdata-src=\"https:\/\/zabnica.e-przedszkolak.eu\/archiwum\/wp-content\/gallery\/ii-przeglad-koled-i-pastoralek-polskich-hej-koleda-koleda\/dsc-0016_201601131509.jpg\"\n\t\t\tdata-thumbnail=\"https:\/\/zabnica.e-przedszkolak.eu\/archiwum\/wp-content\/gallery\/ii-przeglad-koled-i-pastoralek-polskich-hej-koleda-koleda\/thumbs\/thumbs_dsc-0016_201601131509.jpg\"\n\t\t\tdata-image-id=\"366\"\n\t\t\tdata-title=\"dsc-0016_201601131509\"\n\t\t\tdata-description=\"\"\n\t\t\tclass=\"ngg-fancybox\" rel=\"37cc69503786fbf97ca1711eec087d2f\">\n\n\t\t\t<img data-image-id='366'\n\t\t\t\ttitle=\"\"\n\t\t\t\talt=\"dsc-0016_201601131509\"\n\t\t\t\tsrc=\"https:\/\/zabnica.e-przedszkolak.eu\/archiwum\/wp-content\/gallery\/ii-przeglad-koled-i-pastoralek-polskich-hej-koleda-koleda\/dsc-0016_201601131509.jpg\"\n\t\t\t\tstyle=\"max-height: 380px;\"\/>\n\t\t<\/a>\n\n\t\t\n\t\t<a href=\"https:\/\/zabnica.e-przedszkolak.eu\/archiwum\/wp-content\/gallery\/ii-przeglad-koled-i-pastoralek-polskich-hej-koleda-koleda\/dsc-0020_201601131510.jpg\"\n\t\t\ttitle=\"\"\n\t\t\tdata-src=\"https:\/\/zabnica.e-przedszkolak.eu\/archiwum\/wp-content\/gallery\/ii-przeglad-koled-i-pastoralek-polskich-hej-koleda-koleda\/dsc-0020_201601131510.jpg\"\n\t\t\tdata-thumbnail=\"https:\/\/zabnica.e-przedszkolak.eu\/archiwum\/wp-content\/gallery\/ii-przeglad-koled-i-pastoralek-polskich-hej-koleda-koleda\/thumbs\/thumbs_dsc-0020_201601131510.jpg\"\n\t\t\tdata-image-id=\"367\"\n\t\t\tdata-title=\"dsc-0020_201601131510\"\n\t\t\tdata-description=\"\"\n\t\t\tclass=\"ngg-fancybox\" rel=\"37cc69503786fbf97ca1711eec087d2f\">\n\n\t\t\t<img data-image-id='367'\n\t\t\t\ttitle=\"\"\n\t\t\t\talt=\"dsc-0020_201601131510\"\n\t\t\t\tsrc=\"https:\/\/zabnica.e-przedszkolak.eu\/archiwum\/wp-content\/gallery\/ii-przeglad-koled-i-pastoralek-polskich-hej-koleda-koleda\/dsc-0020_201601131510.jpg\"\n\t\t\t\tstyle=\"max-height: 380px;\"\/>\n\t\t<\/a>\n\n\t\t\n\t\t<a href=\"https:\/\/zabnica.e-przedszkolak.eu\/archiwum\/wp-content\/gallery\/ii-przeglad-koled-i-pastoralek-polskich-hej-koleda-koleda\/dsc-0024_201601131510.jpg\"\n\t\t\ttitle=\"\"\n\t\t\tdata-src=\"https:\/\/zabnica.e-przedszkolak.eu\/archiwum\/wp-content\/gallery\/ii-przeglad-koled-i-pastoralek-polskich-hej-koleda-koleda\/dsc-0024_201601131510.jpg\"\n\t\t\tdata-thumbnail=\"https:\/\/zabnica.e-przedszkolak.eu\/archiwum\/wp-content\/gallery\/ii-przeglad-koled-i-pastoralek-polskich-hej-koleda-koleda\/thumbs\/thumbs_dsc-0024_201601131510.jpg\"\n\t\t\tdata-image-id=\"368\"\n\t\t\tdata-title=\"dsc-0024_201601131510\"\n\t\t\tdata-description=\"\"\n\t\t\tclass=\"ngg-fancybox\" rel=\"37cc69503786fbf97ca1711eec087d2f\">\n\n\t\t\t<img data-image-id='368'\n\t\t\t\ttitle=\"\"\n\t\t\t\talt=\"dsc-0024_201601131510\"\n\t\t\t\tsrc=\"https:\/\/zabnica.e-przedszkolak.eu\/archiwum\/wp-content\/gallery\/ii-przeglad-koled-i-pastoralek-polskich-hej-koleda-koleda\/dsc-0024_201601131510.jpg\"\n\t\t\t\tstyle=\"max-height: 380px;\"\/>\n\t\t<\/a>\n\n\t\t\n\t\t<a href=\"https:\/\/zabnica.e-przedszkolak.eu\/archiwum\/wp-content\/gallery\/ii-przeglad-koled-i-pastoralek-polskich-hej-koleda-koleda\/dsc-0027_201601131510.jpg\"\n\t\t\ttitle=\"\"\n\t\t\tdata-src=\"https:\/\/zabnica.e-przedszkolak.eu\/archiwum\/wp-content\/gallery\/ii-przeglad-koled-i-pastoralek-polskich-hej-koleda-koleda\/dsc-0027_201601131510.jpg\"\n\t\t\tdata-thumbnail=\"https:\/\/zabnica.e-przedszkolak.eu\/archiwum\/wp-content\/gallery\/ii-przeglad-koled-i-pastoralek-polskich-hej-koleda-koleda\/thumbs\/thumbs_dsc-0027_201601131510.jpg\"\n\t\t\tdata-image-id=\"369\"\n\t\t\tdata-title=\"dsc-0027_201601131510\"\n\t\t\tdata-description=\"\"\n\t\t\tclass=\"ngg-fancybox\" rel=\"37cc69503786fbf97ca1711eec087d2f\">\n\n\t\t\t<img data-image-id='369'\n\t\t\t\ttitle=\"\"\n\t\t\t\talt=\"dsc-0027_201601131510\"\n\t\t\t\tsrc=\"https:\/\/zabnica.e-przedszkolak.eu\/archiwum\/wp-content\/gallery\/ii-przeglad-koled-i-pastoralek-polskich-hej-koleda-koleda\/dsc-0027_201601131510.jpg\"\n\t\t\t\tstyle=\"max-height: 380px;\"\/>\n\t\t<\/a>\n\n\t\t\n\t\t<a href=\"https:\/\/zabnica.e-przedszkolak.eu\/archiwum\/wp-content\/gallery\/ii-przeglad-koled-i-pastoralek-polskich-hej-koleda-koleda\/dsc-0034_201601131510.jpg\"\n\t\t\ttitle=\"\"\n\t\t\tdata-src=\"https:\/\/zabnica.e-przedszkolak.eu\/archiwum\/wp-content\/gallery\/ii-przeglad-koled-i-pastoralek-polskich-hej-koleda-koleda\/dsc-0034_201601131510.jpg\"\n\t\t\tdata-thumbnail=\"https:\/\/zabnica.e-przedszkolak.eu\/archiwum\/wp-content\/gallery\/ii-przeglad-koled-i-pastoralek-polskich-hej-koleda-koleda\/thumbs\/thumbs_dsc-0034_201601131510.jpg\"\n\t\t\tdata-image-id=\"370\"\n\t\t\tdata-title=\"dsc-0034_201601131510\"\n\t\t\tdata-description=\"\"\n\t\t\tclass=\"ngg-fancybox\" rel=\"37cc69503786fbf97ca1711eec087d2f\">\n\n\t\t\t<img data-image-id='370'\n\t\t\t\ttitle=\"\"\n\t\t\t\talt=\"dsc-0034_201601131510\"\n\t\t\t\tsrc=\"https:\/\/zabnica.e-przedszkolak.eu\/archiwum\/wp-content\/gallery\/ii-przeglad-koled-i-pastoralek-polskich-hej-koleda-koleda\/dsc-0034_201601131510.jpg\"\n\t\t\t\tstyle=\"max-height: 380px;\"\/>\n\t\t<\/a>\n\n\t\t\n\t\t<a href=\"https:\/\/zabnica.e-przedszkolak.eu\/archiwum\/wp-content\/gallery\/ii-przeglad-koled-i-pastoralek-polskich-hej-koleda-koleda\/dsc-0041_201601131510.jpg\"\n\t\t\ttitle=\"\"\n\t\t\tdata-src=\"https:\/\/zabnica.e-przedszkolak.eu\/archiwum\/wp-content\/gallery\/ii-przeglad-koled-i-pastoralek-polskich-hej-koleda-koleda\/dsc-0041_201601131510.jpg\"\n\t\t\tdata-thumbnail=\"https:\/\/zabnica.e-przedszkolak.eu\/archiwum\/wp-content\/gallery\/ii-przeglad-koled-i-pastoralek-polskich-hej-koleda-koleda\/thumbs\/thumbs_dsc-0041_201601131510.jpg\"\n\t\t\tdata-image-id=\"371\"\n\t\t\tdata-title=\"dsc-0041_201601131510\"\n\t\t\tdata-description=\"\"\n\t\t\tclass=\"ngg-fancybox\" rel=\"37cc69503786fbf97ca1711eec087d2f\">\n\n\t\t\t<img data-image-id='371'\n\t\t\t\ttitle=\"\"\n\t\t\t\talt=\"dsc-0041_201601131510\"\n\t\t\t\tsrc=\"https:\/\/zabnica.e-przedszkolak.eu\/archiwum\/wp-content\/gallery\/ii-przeglad-koled-i-pastoralek-polskich-hej-koleda-koleda\/dsc-0041_201601131510.jpg\"\n\t\t\t\tstyle=\"max-height: 380px;\"\/>\n\t\t<\/a>\n\n\t\t\n\t\t<a href=\"https:\/\/zabnica.e-przedszkolak.eu\/archiwum\/wp-content\/gallery\/ii-przeglad-koled-i-pastoralek-polskich-hej-koleda-koleda\/dsc-0046_201601131510.jpg\"\n\t\t\ttitle=\"\"\n\t\t\tdata-src=\"https:\/\/zabnica.e-przedszkolak.eu\/archiwum\/wp-content\/gallery\/ii-przeglad-koled-i-pastoralek-polskich-hej-koleda-koleda\/dsc-0046_201601131510.jpg\"\n\t\t\tdata-thumbnail=\"https:\/\/zabnica.e-przedszkolak.eu\/archiwum\/wp-content\/gallery\/ii-przeglad-koled-i-pastoralek-polskich-hej-koleda-koleda\/thumbs\/thumbs_dsc-0046_201601131510.jpg\"\n\t\t\tdata-image-id=\"372\"\n\t\t\tdata-title=\"dsc-0046_201601131510\"\n\t\t\tdata-description=\"\"\n\t\t\tclass=\"ngg-fancybox\" rel=\"37cc69503786fbf97ca1711eec087d2f\">\n\n\t\t\t<img data-image-id='372'\n\t\t\t\ttitle=\"\"\n\t\t\t\talt=\"dsc-0046_201601131510\"\n\t\t\t\tsrc=\"https:\/\/zabnica.e-przedszkolak.eu\/archiwum\/wp-content\/gallery\/ii-przeglad-koled-i-pastoralek-polskich-hej-koleda-koleda\/dsc-0046_201601131510.jpg\"\n\t\t\t\tstyle=\"max-height: 380px;\"\/>\n\t\t<\/a>\n\n\t\t\n\t\t<a href=\"https:\/\/zabnica.e-przedszkolak.eu\/archiwum\/wp-content\/gallery\/ii-przeglad-koled-i-pastoralek-polskich-hej-koleda-koleda\/dsc-0065_201601131511.jpg\"\n\t\t\ttitle=\"\"\n\t\t\tdata-src=\"https:\/\/zabnica.e-przedszkolak.eu\/archiwum\/wp-content\/gallery\/ii-przeglad-koled-i-pastoralek-polskich-hej-koleda-koleda\/dsc-0065_201601131511.jpg\"\n\t\t\tdata-thumbnail=\"https:\/\/zabnica.e-przedszkolak.eu\/archiwum\/wp-content\/gallery\/ii-przeglad-koled-i-pastoralek-polskich-hej-koleda-koleda\/thumbs\/thumbs_dsc-0065_201601131511.jpg\"\n\t\t\tdata-image-id=\"373\"\n\t\t\tdata-title=\"dsc-0065_201601131511\"\n\t\t\tdata-description=\"\"\n\t\t\tclass=\"ngg-fancybox\" rel=\"37cc69503786fbf97ca1711eec087d2f\">\n\n\t\t\t<img data-image-id='373'\n\t\t\t\ttitle=\"\"\n\t\t\t\talt=\"dsc-0065_201601131511\"\n\t\t\t\tsrc=\"https:\/\/zabnica.e-przedszkolak.eu\/archiwum\/wp-content\/gallery\/ii-przeglad-koled-i-pastoralek-polskich-hej-koleda-koleda\/dsc-0065_201601131511.jpg\"\n\t\t\t\tstyle=\"max-height: 380px;\"\/>\n\t\t<\/a>\n\n\t\t\n\t\t<a href=\"https:\/\/zabnica.e-przedszkolak.eu\/archiwum\/wp-content\/gallery\/ii-przeglad-koled-i-pastoralek-polskich-hej-koleda-koleda\/dsc-0071_201601111337.jpg\"\n\t\t\ttitle=\"\"\n\t\t\tdata-src=\"https:\/\/zabnica.e-przedszkolak.eu\/archiwum\/wp-content\/gallery\/ii-przeglad-koled-i-pastoralek-polskich-hej-koleda-koleda\/dsc-0071_201601111337.jpg\"\n\t\t\tdata-thumbnail=\"https:\/\/zabnica.e-przedszkolak.eu\/archiwum\/wp-content\/gallery\/ii-przeglad-koled-i-pastoralek-polskich-hej-koleda-koleda\/thumbs\/thumbs_dsc-0071_201601111337.jpg\"\n\t\t\tdata-image-id=\"374\"\n\t\t\tdata-title=\"dsc-0071_201601111337\"\n\t\t\tdata-description=\"\"\n\t\t\tclass=\"ngg-fancybox\" rel=\"37cc69503786fbf97ca1711eec087d2f\">\n\n\t\t\t<img data-image-id='374'\n\t\t\t\ttitle=\"\"\n\t\t\t\talt=\"dsc-0071_201601111337\"\n\t\t\t\tsrc=\"https:\/\/zabnica.e-przedszkolak.eu\/archiwum\/wp-content\/gallery\/ii-przeglad-koled-i-pastoralek-polskich-hej-koleda-koleda\/dsc-0071_201601111337.jpg\"\n\t\t\t\tstyle=\"max-height: 380px;\"\/>\n\t\t<\/a>\n\n\t\t\n\t\t<a href=\"https:\/\/zabnica.e-przedszkolak.eu\/archiwum\/wp-content\/gallery\/ii-przeglad-koled-i-pastoralek-polskich-hej-koleda-koleda\/dsc-0087_201601131511.jpg\"\n\t\t\ttitle=\"\"\n\t\t\tdata-src=\"https:\/\/zabnica.e-przedszkolak.eu\/archiwum\/wp-content\/gallery\/ii-przeglad-koled-i-pastoralek-polskich-hej-koleda-koleda\/dsc-0087_201601131511.jpg\"\n\t\t\tdata-thumbnail=\"https:\/\/zabnica.e-przedszkolak.eu\/archiwum\/wp-content\/gallery\/ii-przeglad-koled-i-pastoralek-polskich-hej-koleda-koleda\/thumbs\/thumbs_dsc-0087_201601131511.jpg\"\n\t\t\tdata-image-id=\"375\"\n\t\t\tdata-title=\"dsc-0087_201601131511\"\n\t\t\tdata-description=\"\"\n\t\t\tclass=\"ngg-fancybox\" rel=\"37cc69503786fbf97ca1711eec087d2f\">\n\n\t\t\t<img data-image-id='375'\n\t\t\t\ttitle=\"\"\n\t\t\t\talt=\"dsc-0087_201601131511\"\n\t\t\t\tsrc=\"https:\/\/zabnica.e-przedszkolak.eu\/archiwum\/wp-content\/gallery\/ii-przeglad-koled-i-pastoralek-polskich-hej-koleda-koleda\/dsc-0087_201601131511.jpg\"\n\t\t\t\tstyle=\"max-height: 380px;\"\/>\n\t\t<\/a>\n\n\t\t\n\t\t<a href=\"https:\/\/zabnica.e-przedszkolak.eu\/archiwum\/wp-content\/gallery\/ii-przeglad-koled-i-pastoralek-polskich-hej-koleda-koleda\/dsc-0092_201601131511.jpg\"\n\t\t\ttitle=\"\"\n\t\t\tdata-src=\"https:\/\/zabnica.e-przedszkolak.eu\/archiwum\/wp-content\/gallery\/ii-przeglad-koled-i-pastoralek-polskich-hej-koleda-koleda\/dsc-0092_201601131511.jpg\"\n\t\t\tdata-thumbnail=\"https:\/\/zabnica.e-przedszkolak.eu\/archiwum\/wp-content\/gallery\/ii-przeglad-koled-i-pastoralek-polskich-hej-koleda-koleda\/thumbs\/thumbs_dsc-0092_201601131511.jpg\"\n\t\t\tdata-image-id=\"376\"\n\t\t\tdata-title=\"dsc-0092_201601131511\"\n\t\t\tdata-description=\"\"\n\t\t\tclass=\"ngg-fancybox\" rel=\"37cc69503786fbf97ca1711eec087d2f\">\n\n\t\t\t<img data-image-id='376'\n\t\t\t\ttitle=\"\"\n\t\t\t\talt=\"dsc-0092_201601131511\"\n\t\t\t\tsrc=\"https:\/\/zabnica.e-przedszkolak.eu\/archiwum\/wp-content\/gallery\/ii-przeglad-koled-i-pastoralek-polskich-hej-koleda-koleda\/dsc-0092_201601131511.jpg\"\n\t\t\t\tstyle=\"max-height: 380px;\"\/>\n\t\t<\/a>\n\n\t\t\n\t\t<a href=\"https:\/\/zabnica.e-przedszkolak.eu\/archiwum\/wp-content\/gallery\/ii-przeglad-koled-i-pastoralek-polskich-hej-koleda-koleda\/dsc-0094_201601131511.jpg\"\n\t\t\ttitle=\"\"\n\t\t\tdata-src=\"https:\/\/zabnica.e-przedszkolak.eu\/archiwum\/wp-content\/gallery\/ii-przeglad-koled-i-pastoralek-polskich-hej-koleda-koleda\/dsc-0094_201601131511.jpg\"\n\t\t\tdata-thumbnail=\"https:\/\/zabnica.e-przedszkolak.eu\/archiwum\/wp-content\/gallery\/ii-przeglad-koled-i-pastoralek-polskich-hej-koleda-koleda\/thumbs\/thumbs_dsc-0094_201601131511.jpg\"\n\t\t\tdata-image-id=\"377\"\n\t\t\tdata-title=\"dsc-0094_201601131511\"\n\t\t\tdata-description=\"\"\n\t\t\tclass=\"ngg-fancybox\" rel=\"37cc69503786fbf97ca1711eec087d2f\">\n\n\t\t\t<img data-image-id='377'\n\t\t\t\ttitle=\"\"\n\t\t\t\talt=\"dsc-0094_201601131511\"\n\t\t\t\tsrc=\"https:\/\/zabnica.e-przedszkolak.eu\/archiwum\/wp-content\/gallery\/ii-przeglad-koled-i-pastoralek-polskich-hej-koleda-koleda\/dsc-0094_201601131511.jpg\"\n\t\t\t\tstyle=\"max-height: 380px;\"\/>\n\t\t<\/a>\n\n\t\t\n\t\t<a href=\"https:\/\/zabnica.e-przedszkolak.eu\/archiwum\/wp-content\/gallery\/ii-przeglad-koled-i-pastoralek-polskich-hej-koleda-koleda\/dsc-0102_201601131511.jpg\"\n\t\t\ttitle=\"\"\n\t\t\tdata-src=\"https:\/\/zabnica.e-przedszkolak.eu\/archiwum\/wp-content\/gallery\/ii-przeglad-koled-i-pastoralek-polskich-hej-koleda-koleda\/dsc-0102_201601131511.jpg\"\n\t\t\tdata-thumbnail=\"https:\/\/zabnica.e-przedszkolak.eu\/archiwum\/wp-content\/gallery\/ii-przeglad-koled-i-pastoralek-polskich-hej-koleda-koleda\/thumbs\/thumbs_dsc-0102_201601131511.jpg\"\n\t\t\tdata-image-id=\"378\"\n\t\t\tdata-title=\"dsc-0102_201601131511\"\n\t\t\tdata-description=\"\"\n\t\t\tclass=\"ngg-fancybox\" rel=\"37cc69503786fbf97ca1711eec087d2f\">\n\n\t\t\t<img data-image-id='378'\n\t\t\t\ttitle=\"\"\n\t\t\t\talt=\"dsc-0102_201601131511\"\n\t\t\t\tsrc=\"https:\/\/zabnica.e-przedszkolak.eu\/archiwum\/wp-content\/gallery\/ii-przeglad-koled-i-pastoralek-polskich-hej-koleda-koleda\/dsc-0102_201601131511.jpg\"\n\t\t\t\tstyle=\"max-height: 380px;\"\/>\n\t\t<\/a>\n\n\t\t\n\t\t<a href=\"https:\/\/zabnica.e-przedszkolak.eu\/archiwum\/wp-content\/gallery\/ii-przeglad-koled-i-pastoralek-polskich-hej-koleda-koleda\/dsc-0107_201601131512.jpg\"\n\t\t\ttitle=\"\"\n\t\t\tdata-src=\"https:\/\/zabnica.e-przedszkolak.eu\/archiwum\/wp-content\/gallery\/ii-przeglad-koled-i-pastoralek-polskich-hej-koleda-koleda\/dsc-0107_201601131512.jpg\"\n\t\t\tdata-thumbnail=\"https:\/\/zabnica.e-przedszkolak.eu\/archiwum\/wp-content\/gallery\/ii-przeglad-koled-i-pastoralek-polskich-hej-koleda-koleda\/thumbs\/thumbs_dsc-0107_201601131512.jpg\"\n\t\t\tdata-image-id=\"379\"\n\t\t\tdata-title=\"dsc-0107_201601131512\"\n\t\t\tdata-description=\"\"\n\t\t\tclass=\"ngg-fancybox\" rel=\"37cc69503786fbf97ca1711eec087d2f\">\n\n\t\t\t<img data-image-id='379'\n\t\t\t\ttitle=\"\"\n\t\t\t\talt=\"dsc-0107_201601131512\"\n\t\t\t\tsrc=\"https:\/\/zabnica.e-przedszkolak.eu\/archiwum\/wp-content\/gallery\/ii-przeglad-koled-i-pastoralek-polskich-hej-koleda-koleda\/dsc-0107_201601131512.jpg\"\n\t\t\t\tstyle=\"max-height: 380px;\"\/>\n\t\t<\/a>\n\n\t\t\n\t\t<a href=\"https:\/\/zabnica.e-przedszkolak.eu\/archiwum\/wp-content\/gallery\/ii-przeglad-koled-i-pastoralek-polskich-hej-koleda-koleda\/dsc-0112_201601131512.jpg\"\n\t\t\ttitle=\"\"\n\t\t\tdata-src=\"https:\/\/zabnica.e-przedszkolak.eu\/archiwum\/wp-content\/gallery\/ii-przeglad-koled-i-pastoralek-polskich-hej-koleda-koleda\/dsc-0112_201601131512.jpg\"\n\t\t\tdata-thumbnail=\"https:\/\/zabnica.e-przedszkolak.eu\/archiwum\/wp-content\/gallery\/ii-przeglad-koled-i-pastoralek-polskich-hej-koleda-koleda\/thumbs\/thumbs_dsc-0112_201601131512.jpg\"\n\t\t\tdata-image-id=\"380\"\n\t\t\tdata-title=\"dsc-0112_201601131512\"\n\t\t\tdata-description=\"\"\n\t\t\tclass=\"ngg-fancybox\" rel=\"37cc69503786fbf97ca1711eec087d2f\">\n\n\t\t\t<img data-image-id='380'\n\t\t\t\ttitle=\"\"\n\t\t\t\talt=\"dsc-0112_201601131512\"\n\t\t\t\tsrc=\"https:\/\/zabnica.e-przedszkolak.eu\/archiwum\/wp-content\/gallery\/ii-przeglad-koled-i-pastoralek-polskich-hej-koleda-koleda\/dsc-0112_201601131512.jpg\"\n\t\t\t\tstyle=\"max-height: 380px;\"\/>\n\t\t<\/a>\n\n\t\t<\/div>\n\n\n<\/p>\n","protected":false},"excerpt":{"rendered":"<p>13.01.2015 W O\u015brodku Promocji Gminy W\u0119gierska G\u00f3rka odby\u0142 si\u0119 II Przegl\u0105d Kol\u0119d i Pastora\u0142ek Polskich &#8222;Hej kol\u0119da, kol\u0119da&#8221;. Dzieci za\u015bpiewa\u0142y \u2026..\u00a0Dumni z naszych przedszkolak\u00f3w z rado\u015bci\u0105 chcemy poinformowa\u0107 o wynikach konkursu:<\/p>\n","protected":false},"author":2,"featured_media":102,"comment_status":"open","ping_status":"open","sticky":false,"template":"","format":"standard","meta":{"ngg_post_thumbnail":0,"footnotes":""},"categories":[1],"tags":[],"class_list":["post-101","post","type-post","status-publish","format-standard","has-post-thumbnail","hentry","category-bez-kategorii"],"_links":{"self":[{"href":"https:\/\/zabnica.e-przedszkolak.eu\/archiwum\/wp-json\/wp\/v2\/posts\/101","targetHints":{"allow":["GET"]}}],"collection":[{"href":"https:\/\/zabnica.e-przedszkolak.eu\/archiwum\/wp-json\/wp\/v2\/posts"}],"about":[{"href":"https:\/\/zabnica.e-przedszkolak.eu\/archiwum\/wp-json\/wp\/v2\/types\/post"}],"author":[{"embeddable":true,"href":"https:\/\/zabnica.e-przedszkolak.eu\/archiwum\/wp-json\/wp\/v2\/users\/2"}],"replies":[{"embeddable":true,"href":"https:\/\/zabnica.e-przedszkolak.eu\/archiwum\/wp-json\/wp\/v2\/comments?post=101"}],"version-history":[{"count":4,"href":"https:\/\/zabnica.e-przedszkolak.eu\/archiwum\/wp-json\/wp\/v2\/posts\/101\/revisions"}],"predecessor-version":[{"id":903,"href":"https:\/\/zabnica.e-przedszkolak.eu\/archiwum\/wp-json\/wp\/v2\/posts\/101\/revisions\/903"}],"wp:featuredmedia":[{"embeddable":true,"href":"https:\/\/zabnica.e-przedszkolak.eu\/archiwum\/wp-json\/wp\/v2\/media\/102"}],"wp:attachment":[{"href":"https:\/\/zabnica.e-przedszkolak.eu\/archiwum\/wp-json\/wp\/v2\/media?parent=101"}],"wp:term":[{"taxonomy":"category","embeddable":true,"href":"https:\/\/zabnica.e-przedszkolak.eu\/archiwum\/wp-json\/wp\/v2\/categories?post=101"},{"taxonomy":"post_tag","embeddable":true,"href":"https:\/\/zabnica.e-przedszkolak.eu\/archiwum\/wp-json\/wp\/v2\/tags?post=101"}],"curies":[{"name":"wp","href":"https:\/\/api.w.org\/{rel}","templated":true}]}}