 {"id":110,"date":"2016-02-18T22:46:13","date_gmt":"2016-02-18T21:46:13","guid":{"rendered":"https:\/\/zabnica.e-przedszkolak.eu\/?p=110"},"modified":"2016-02-18T23:08:45","modified_gmt":"2016-02-18T22:08:45","slug":"dzien-babci-i-dziadka","status":"publish","type":"post","link":"https:\/\/zabnica.e-przedszkolak.eu\/archiwum\/2016\/02\/18\/dzien-babci-i-dziadka\/","title":{"rendered":"Dzie\u0144 Babci i Dziadka"},"content":{"rendered":"<p style=\"text-align: justify;\">Pe\u0142na sala dostojnych go\u015bci przyby\u0142a na uroczysto\u015b\u0107 z okazji Dnia Babci i Dziadka odpowiadaj\u0105c na zaproszenie kochanych wnuk\u00f3w. To w\u0142a\u015bnie oni im podzi\u0119kowali za wspania\u0142\u0105 mi\u0142o\u015b\u0107. Wnukowie w tym dniu przygotowali dla kochanych Dziadk\u00f3w wspania\u0142y wyst\u0119p oraz drobne upominki. Dzi\u0119kujemy wszystkim Rodzicom za okazan\u0105 pomoc w organizacji uroczysto\u015bci.<\/p>\n<p style=\"text-align: justify;\"><!--more--><\/p>\n<p style=\"text-align: justify;\"><!-- index.php -->\n<div\n\tclass=\"ngg-galleryoverview\n\t ngg-ajax-pagination-none\t\"\n\tid=\"ngg-gallery-8596c3d980bfe0d5c680630bb711ae33-1\">\n\n\t\t\t<!-- Thumbnails -->\n\t\t\t\t<div id=\"ngg-image-0\" class=\"ngg-gallery-thumbnail-box\"\n\t\t\t\t\t\t\t\t\t\t\t>\n\t\t\t\t\t\t<div class=\"ngg-gallery-thumbnail\">\n\t\t\t<a href=\"https:\/\/zabnica.e-przedszkolak.eu\/archiwum\/wp-content\/gallery\/dzien-babci-i-dziadka\/IMG_7379.JPG\"\n\t\t\t\ttitle=\"\"\n\t\t\t\tdata-src=\"https:\/\/zabnica.e-przedszkolak.eu\/archiwum\/wp-content\/gallery\/dzien-babci-i-dziadka\/IMG_7379.JPG\"\n\t\t\t\tdata-thumbnail=\"https:\/\/zabnica.e-przedszkolak.eu\/archiwum\/wp-content\/gallery\/dzien-babci-i-dziadka\/thumbs\/thumbs_IMG_7379.JPG\"\n\t\t\t\tdata-image-id=\"9\"\n\t\t\t\tdata-title=\"IMG_7379\"\n\t\t\t\tdata-description=\"\"\n\t\t\t\tdata-image-slug=\"img_7379\"\n\t\t\t\tclass=\"ngg-fancybox\" rel=\"8596c3d980bfe0d5c680630bb711ae33\">\n\t\t\t\t<img\n\t\t\t\t\ttitle=\"IMG_7379\"\n\t\t\t\t\talt=\"IMG_7379\"\n\t\t\t\t\tsrc=\"https:\/\/zabnica.e-przedszkolak.eu\/archiwum\/wp-content\/gallery\/dzien-babci-i-dziadka\/thumbs\/thumbs_IMG_7379.JPG\"\n\t\t\t\t\twidth=\"240\"\n\t\t\t\t\theight=\"160\"\n\t\t\t\t\tstyle=\"max-width:100%;\"\n\t\t\t\t\/>\n\t\t\t<\/a>\n\t\t<\/div>\n\t\t\t\t\t\t\t<\/div>\n\t\t\t\n\t\t\t\t\t\t\t\n\t\t\t\t<div id=\"ngg-image-1\" class=\"ngg-gallery-thumbnail-box\"\n\t\t\t\t\t\t\t\t\t\t\t>\n\t\t\t\t\t\t<div class=\"ngg-gallery-thumbnail\">\n\t\t\t<a href=\"https:\/\/zabnica.e-przedszkolak.eu\/archiwum\/wp-content\/gallery\/dzien-babci-i-dziadka\/IMG_7380.JPG\"\n\t\t\t\ttitle=\"\"\n\t\t\t\tdata-src=\"https:\/\/zabnica.e-przedszkolak.eu\/archiwum\/wp-content\/gallery\/dzien-babci-i-dziadka\/IMG_7380.JPG\"\n\t\t\t\tdata-thumbnail=\"https:\/\/zabnica.e-przedszkolak.eu\/archiwum\/wp-content\/gallery\/dzien-babci-i-dziadka\/thumbs\/thumbs_IMG_7380.JPG\"\n\t\t\t\tdata-image-id=\"10\"\n\t\t\t\tdata-title=\"IMG_7380\"\n\t\t\t\tdata-description=\"\"\n\t\t\t\tdata-image-slug=\"img_7380\"\n\t\t\t\tclass=\"ngg-fancybox\" rel=\"8596c3d980bfe0d5c680630bb711ae33\">\n\t\t\t\t<img\n\t\t\t\t\ttitle=\"IMG_7380\"\n\t\t\t\t\talt=\"IMG_7380\"\n\t\t\t\t\tsrc=\"https:\/\/zabnica.e-przedszkolak.eu\/archiwum\/wp-content\/gallery\/dzien-babci-i-dziadka\/thumbs\/thumbs_IMG_7380.JPG\"\n\t\t\t\t\twidth=\"240\"\n\t\t\t\t\theight=\"160\"\n\t\t\t\t\tstyle=\"max-width:100%;\"\n\t\t\t\t\/>\n\t\t\t<\/a>\n\t\t<\/div>\n\t\t\t\t\t\t\t<\/div>\n\t\t\t\n\t\t\t\t\t\t\t\t\t<br style=\"clear: both\" \/>\n\t\t\t\t\t\n\t\t\t\t<div id=\"ngg-image-2\" class=\"ngg-gallery-thumbnail-box\"\n\t\t\t\t\t\t\t\t\t\t\t>\n\t\t\t\t\t\t<div class=\"ngg-gallery-thumbnail\">\n\t\t\t<a href=\"https:\/\/zabnica.e-przedszkolak.eu\/archiwum\/wp-content\/gallery\/dzien-babci-i-dziadka\/IMG_7381.JPG\"\n\t\t\t\ttitle=\"\"\n\t\t\t\tdata-src=\"https:\/\/zabnica.e-przedszkolak.eu\/archiwum\/wp-content\/gallery\/dzien-babci-i-dziadka\/IMG_7381.JPG\"\n\t\t\t\tdata-thumbnail=\"https:\/\/zabnica.e-przedszkolak.eu\/archiwum\/wp-content\/gallery\/dzien-babci-i-dziadka\/thumbs\/thumbs_IMG_7381.JPG\"\n\t\t\t\tdata-image-id=\"11\"\n\t\t\t\tdata-title=\"IMG_7381\"\n\t\t\t\tdata-description=\"\"\n\t\t\t\tdata-image-slug=\"img_7381\"\n\t\t\t\tclass=\"ngg-fancybox\" rel=\"8596c3d980bfe0d5c680630bb711ae33\">\n\t\t\t\t<img\n\t\t\t\t\ttitle=\"IMG_7381\"\n\t\t\t\t\talt=\"IMG_7381\"\n\t\t\t\t\tsrc=\"https:\/\/zabnica.e-przedszkolak.eu\/archiwum\/wp-content\/gallery\/dzien-babci-i-dziadka\/thumbs\/thumbs_IMG_7381.JPG\"\n\t\t\t\t\twidth=\"240\"\n\t\t\t\t\theight=\"160\"\n\t\t\t\t\tstyle=\"max-width:100%;\"\n\t\t\t\t\/>\n\t\t\t<\/a>\n\t\t<\/div>\n\t\t\t\t\t\t\t<\/div>\n\t\t\t\n\t\t\t\t\t\t\t\n\t\t\t\t<div id=\"ngg-image-3\" class=\"ngg-gallery-thumbnail-box\"\n\t\t\t\t\t\t\t\t\t\t\t>\n\t\t\t\t\t\t<div class=\"ngg-gallery-thumbnail\">\n\t\t\t<a href=\"https:\/\/zabnica.e-przedszkolak.eu\/archiwum\/wp-content\/gallery\/dzien-babci-i-dziadka\/IMG_7382.JPG\"\n\t\t\t\ttitle=\"\"\n\t\t\t\tdata-src=\"https:\/\/zabnica.e-przedszkolak.eu\/archiwum\/wp-content\/gallery\/dzien-babci-i-dziadka\/IMG_7382.JPG\"\n\t\t\t\tdata-thumbnail=\"https:\/\/zabnica.e-przedszkolak.eu\/archiwum\/wp-content\/gallery\/dzien-babci-i-dziadka\/thumbs\/thumbs_IMG_7382.JPG\"\n\t\t\t\tdata-image-id=\"12\"\n\t\t\t\tdata-title=\"IMG_7382\"\n\t\t\t\tdata-description=\"\"\n\t\t\t\tdata-image-slug=\"img_7382\"\n\t\t\t\tclass=\"ngg-fancybox\" rel=\"8596c3d980bfe0d5c680630bb711ae33\">\n\t\t\t\t<img\n\t\t\t\t\ttitle=\"IMG_7382\"\n\t\t\t\t\talt=\"IMG_7382\"\n\t\t\t\t\tsrc=\"https:\/\/zabnica.e-przedszkolak.eu\/archiwum\/wp-content\/gallery\/dzien-babci-i-dziadka\/thumbs\/thumbs_IMG_7382.JPG\"\n\t\t\t\t\twidth=\"240\"\n\t\t\t\t\theight=\"160\"\n\t\t\t\t\tstyle=\"max-width:100%;\"\n\t\t\t\t\/>\n\t\t\t<\/a>\n\t\t<\/div>\n\t\t\t\t\t\t\t<\/div>\n\t\t\t\n\t\t\t\t\t\t\t\t\t<br style=\"clear: both\" \/>\n\t\t\t\t\t\n\t\t\t\t<div id=\"ngg-image-4\" class=\"ngg-gallery-thumbnail-box\"\n\t\t\t\t\t\t\t\t\t\t\t>\n\t\t\t\t\t\t<div class=\"ngg-gallery-thumbnail\">\n\t\t\t<a href=\"https:\/\/zabnica.e-przedszkolak.eu\/archiwum\/wp-content\/gallery\/dzien-babci-i-dziadka\/IMG_7383.JPG\"\n\t\t\t\ttitle=\"\"\n\t\t\t\tdata-src=\"https:\/\/zabnica.e-przedszkolak.eu\/archiwum\/wp-content\/gallery\/dzien-babci-i-dziadka\/IMG_7383.JPG\"\n\t\t\t\tdata-thumbnail=\"https:\/\/zabnica.e-przedszkolak.eu\/archiwum\/wp-content\/gallery\/dzien-babci-i-dziadka\/thumbs\/thumbs_IMG_7383.JPG\"\n\t\t\t\tdata-image-id=\"13\"\n\t\t\t\tdata-title=\"IMG_7383\"\n\t\t\t\tdata-description=\"\"\n\t\t\t\tdata-image-slug=\"img_7383\"\n\t\t\t\tclass=\"ngg-fancybox\" rel=\"8596c3d980bfe0d5c680630bb711ae33\">\n\t\t\t\t<img\n\t\t\t\t\ttitle=\"IMG_7383\"\n\t\t\t\t\talt=\"IMG_7383\"\n\t\t\t\t\tsrc=\"https:\/\/zabnica.e-przedszkolak.eu\/archiwum\/wp-content\/gallery\/dzien-babci-i-dziadka\/thumbs\/thumbs_IMG_7383.JPG\"\n\t\t\t\t\twidth=\"240\"\n\t\t\t\t\theight=\"160\"\n\t\t\t\t\tstyle=\"max-width:100%;\"\n\t\t\t\t\/>\n\t\t\t<\/a>\n\t\t<\/div>\n\t\t\t\t\t\t\t<\/div>\n\t\t\t\n\t\t\t\t\t\t\t\n\t\t\t\t<div id=\"ngg-image-5\" class=\"ngg-gallery-thumbnail-box\"\n\t\t\t\t\t\t\t\t\t\t\t>\n\t\t\t\t\t\t<div class=\"ngg-gallery-thumbnail\">\n\t\t\t<a href=\"https:\/\/zabnica.e-przedszkolak.eu\/archiwum\/wp-content\/gallery\/dzien-babci-i-dziadka\/IMG_7384.JPG\"\n\t\t\t\ttitle=\"\"\n\t\t\t\tdata-src=\"https:\/\/zabnica.e-przedszkolak.eu\/archiwum\/wp-content\/gallery\/dzien-babci-i-dziadka\/IMG_7384.JPG\"\n\t\t\t\tdata-thumbnail=\"https:\/\/zabnica.e-przedszkolak.eu\/archiwum\/wp-content\/gallery\/dzien-babci-i-dziadka\/thumbs\/thumbs_IMG_7384.JPG\"\n\t\t\t\tdata-image-id=\"14\"\n\t\t\t\tdata-title=\"IMG_7384\"\n\t\t\t\tdata-description=\"\"\n\t\t\t\tdata-image-slug=\"img_7384\"\n\t\t\t\tclass=\"ngg-fancybox\" rel=\"8596c3d980bfe0d5c680630bb711ae33\">\n\t\t\t\t<img\n\t\t\t\t\ttitle=\"IMG_7384\"\n\t\t\t\t\talt=\"IMG_7384\"\n\t\t\t\t\tsrc=\"https:\/\/zabnica.e-przedszkolak.eu\/archiwum\/wp-content\/gallery\/dzien-babci-i-dziadka\/thumbs\/thumbs_IMG_7384.JPG\"\n\t\t\t\t\twidth=\"240\"\n\t\t\t\t\theight=\"160\"\n\t\t\t\t\tstyle=\"max-width:100%;\"\n\t\t\t\t\/>\n\t\t\t<\/a>\n\t\t<\/div>\n\t\t\t\t\t\t\t<\/div>\n\t\t\t\n\t\t\t\t\t\t\t\t\t<br style=\"clear: both\" \/>\n\t\t\t\t\t\n\t\t\t\t<div id=\"ngg-image-6\" class=\"ngg-gallery-thumbnail-box\"\n\t\t\t\t\t\t\t\t\t\t\t>\n\t\t\t\t\t\t<div class=\"ngg-gallery-thumbnail\">\n\t\t\t<a href=\"https:\/\/zabnica.e-przedszkolak.eu\/archiwum\/wp-content\/gallery\/dzien-babci-i-dziadka\/IMG_7385.JPG\"\n\t\t\t\ttitle=\"\"\n\t\t\t\tdata-src=\"https:\/\/zabnica.e-przedszkolak.eu\/archiwum\/wp-content\/gallery\/dzien-babci-i-dziadka\/IMG_7385.JPG\"\n\t\t\t\tdata-thumbnail=\"https:\/\/zabnica.e-przedszkolak.eu\/archiwum\/wp-content\/gallery\/dzien-babci-i-dziadka\/thumbs\/thumbs_IMG_7385.JPG\"\n\t\t\t\tdata-image-id=\"15\"\n\t\t\t\tdata-title=\"IMG_7385\"\n\t\t\t\tdata-description=\"\"\n\t\t\t\tdata-image-slug=\"img_7385\"\n\t\t\t\tclass=\"ngg-fancybox\" rel=\"8596c3d980bfe0d5c680630bb711ae33\">\n\t\t\t\t<img\n\t\t\t\t\ttitle=\"IMG_7385\"\n\t\t\t\t\talt=\"IMG_7385\"\n\t\t\t\t\tsrc=\"https:\/\/zabnica.e-przedszkolak.eu\/archiwum\/wp-content\/gallery\/dzien-babci-i-dziadka\/thumbs\/thumbs_IMG_7385.JPG\"\n\t\t\t\t\twidth=\"240\"\n\t\t\t\t\theight=\"160\"\n\t\t\t\t\tstyle=\"max-width:100%;\"\n\t\t\t\t\/>\n\t\t\t<\/a>\n\t\t<\/div>\n\t\t\t\t\t\t\t<\/div>\n\t\t\t\n\t\t\t\t\t\t\t\n\t\t\t\t<div id=\"ngg-image-7\" class=\"ngg-gallery-thumbnail-box\"\n\t\t\t\t\t\t\t\t\t\t\t>\n\t\t\t\t\t\t<div class=\"ngg-gallery-thumbnail\">\n\t\t\t<a href=\"https:\/\/zabnica.e-przedszkolak.eu\/archiwum\/wp-content\/gallery\/dzien-babci-i-dziadka\/IMG_7386.JPG\"\n\t\t\t\ttitle=\"\"\n\t\t\t\tdata-src=\"https:\/\/zabnica.e-przedszkolak.eu\/archiwum\/wp-content\/gallery\/dzien-babci-i-dziadka\/IMG_7386.JPG\"\n\t\t\t\tdata-thumbnail=\"https:\/\/zabnica.e-przedszkolak.eu\/archiwum\/wp-content\/gallery\/dzien-babci-i-dziadka\/thumbs\/thumbs_IMG_7386.JPG\"\n\t\t\t\tdata-image-id=\"16\"\n\t\t\t\tdata-title=\"IMG_7386\"\n\t\t\t\tdata-description=\"\"\n\t\t\t\tdata-image-slug=\"img_7386\"\n\t\t\t\tclass=\"ngg-fancybox\" rel=\"8596c3d980bfe0d5c680630bb711ae33\">\n\t\t\t\t<img\n\t\t\t\t\ttitle=\"IMG_7386\"\n\t\t\t\t\talt=\"IMG_7386\"\n\t\t\t\t\tsrc=\"https:\/\/zabnica.e-przedszkolak.eu\/archiwum\/wp-content\/gallery\/dzien-babci-i-dziadka\/thumbs\/thumbs_IMG_7386.JPG\"\n\t\t\t\t\twidth=\"240\"\n\t\t\t\t\theight=\"160\"\n\t\t\t\t\tstyle=\"max-width:100%;\"\n\t\t\t\t\/>\n\t\t\t<\/a>\n\t\t<\/div>\n\t\t\t\t\t\t\t<\/div>\n\t\t\t\n\t\t\t\t\t\t\t\t\t<br style=\"clear: both\" \/>\n\t\t\t\t\t\n\t\t\t\t<div id=\"ngg-image-8\" class=\"ngg-gallery-thumbnail-box\"\n\t\t\t\t\t\t\t\t\t\t\t>\n\t\t\t\t\t\t<div class=\"ngg-gallery-thumbnail\">\n\t\t\t<a href=\"https:\/\/zabnica.e-przedszkolak.eu\/archiwum\/wp-content\/gallery\/dzien-babci-i-dziadka\/IMG_7387.JPG\"\n\t\t\t\ttitle=\"\"\n\t\t\t\tdata-src=\"https:\/\/zabnica.e-przedszkolak.eu\/archiwum\/wp-content\/gallery\/dzien-babci-i-dziadka\/IMG_7387.JPG\"\n\t\t\t\tdata-thumbnail=\"https:\/\/zabnica.e-przedszkolak.eu\/archiwum\/wp-content\/gallery\/dzien-babci-i-dziadka\/thumbs\/thumbs_IMG_7387.JPG\"\n\t\t\t\tdata-image-id=\"17\"\n\t\t\t\tdata-title=\"IMG_7387\"\n\t\t\t\tdata-description=\"\"\n\t\t\t\tdata-image-slug=\"img_7387\"\n\t\t\t\tclass=\"ngg-fancybox\" rel=\"8596c3d980bfe0d5c680630bb711ae33\">\n\t\t\t\t<img\n\t\t\t\t\ttitle=\"IMG_7387\"\n\t\t\t\t\talt=\"IMG_7387\"\n\t\t\t\t\tsrc=\"https:\/\/zabnica.e-przedszkolak.eu\/archiwum\/wp-content\/gallery\/dzien-babci-i-dziadka\/thumbs\/thumbs_IMG_7387.JPG\"\n\t\t\t\t\twidth=\"240\"\n\t\t\t\t\theight=\"160\"\n\t\t\t\t\tstyle=\"max-width:100%;\"\n\t\t\t\t\/>\n\t\t\t<\/a>\n\t\t<\/div>\n\t\t\t\t\t\t\t<\/div>\n\t\t\t\n\t\t\t\t\t\t\t\n\t\t\t\t<div id=\"ngg-image-9\" class=\"ngg-gallery-thumbnail-box\"\n\t\t\t\t\t\t\t\t\t\t\t>\n\t\t\t\t\t\t<div class=\"ngg-gallery-thumbnail\">\n\t\t\t<a href=\"https:\/\/zabnica.e-przedszkolak.eu\/archiwum\/wp-content\/gallery\/dzien-babci-i-dziadka\/IMG_7388.JPG\"\n\t\t\t\ttitle=\"\"\n\t\t\t\tdata-src=\"https:\/\/zabnica.e-przedszkolak.eu\/archiwum\/wp-content\/gallery\/dzien-babci-i-dziadka\/IMG_7388.JPG\"\n\t\t\t\tdata-thumbnail=\"https:\/\/zabnica.e-przedszkolak.eu\/archiwum\/wp-content\/gallery\/dzien-babci-i-dziadka\/thumbs\/thumbs_IMG_7388.JPG\"\n\t\t\t\tdata-image-id=\"18\"\n\t\t\t\tdata-title=\"IMG_7388\"\n\t\t\t\tdata-description=\"\"\n\t\t\t\tdata-image-slug=\"img_7388\"\n\t\t\t\tclass=\"ngg-fancybox\" rel=\"8596c3d980bfe0d5c680630bb711ae33\">\n\t\t\t\t<img\n\t\t\t\t\ttitle=\"IMG_7388\"\n\t\t\t\t\talt=\"IMG_7388\"\n\t\t\t\t\tsrc=\"https:\/\/zabnica.e-przedszkolak.eu\/archiwum\/wp-content\/gallery\/dzien-babci-i-dziadka\/thumbs\/thumbs_IMG_7388.JPG\"\n\t\t\t\t\twidth=\"240\"\n\t\t\t\t\theight=\"160\"\n\t\t\t\t\tstyle=\"max-width:100%;\"\n\t\t\t\t\/>\n\t\t\t<\/a>\n\t\t<\/div>\n\t\t\t\t\t\t\t<\/div>\n\t\t\t\n\t\t\t\t\t\t\t\t\t<br style=\"clear: both\" \/>\n\t\t\t\t\t\n\t\t\t\t<div id=\"ngg-image-10\" class=\"ngg-gallery-thumbnail-box\"\n\t\t\t\t\t\t\t\t\t\t\t>\n\t\t\t\t\t\t<div class=\"ngg-gallery-thumbnail\">\n\t\t\t<a href=\"https:\/\/zabnica.e-przedszkolak.eu\/archiwum\/wp-content\/gallery\/dzien-babci-i-dziadka\/IMG_7389.JPG\"\n\t\t\t\ttitle=\"\"\n\t\t\t\tdata-src=\"https:\/\/zabnica.e-przedszkolak.eu\/archiwum\/wp-content\/gallery\/dzien-babci-i-dziadka\/IMG_7389.JPG\"\n\t\t\t\tdata-thumbnail=\"https:\/\/zabnica.e-przedszkolak.eu\/archiwum\/wp-content\/gallery\/dzien-babci-i-dziadka\/thumbs\/thumbs_IMG_7389.JPG\"\n\t\t\t\tdata-image-id=\"19\"\n\t\t\t\tdata-title=\"IMG_7389\"\n\t\t\t\tdata-description=\"\"\n\t\t\t\tdata-image-slug=\"img_7389\"\n\t\t\t\tclass=\"ngg-fancybox\" rel=\"8596c3d980bfe0d5c680630bb711ae33\">\n\t\t\t\t<img\n\t\t\t\t\ttitle=\"IMG_7389\"\n\t\t\t\t\talt=\"IMG_7389\"\n\t\t\t\t\tsrc=\"https:\/\/zabnica.e-przedszkolak.eu\/archiwum\/wp-content\/gallery\/dzien-babci-i-dziadka\/thumbs\/thumbs_IMG_7389.JPG\"\n\t\t\t\t\twidth=\"240\"\n\t\t\t\t\theight=\"160\"\n\t\t\t\t\tstyle=\"max-width:100%;\"\n\t\t\t\t\/>\n\t\t\t<\/a>\n\t\t<\/div>\n\t\t\t\t\t\t\t<\/div>\n\t\t\t\n\t\t\t\t\t\t\t\n\t\t\t\t<div id=\"ngg-image-11\" class=\"ngg-gallery-thumbnail-box\"\n\t\t\t\t\t\t\t\t\t\t\t>\n\t\t\t\t\t\t<div class=\"ngg-gallery-thumbnail\">\n\t\t\t<a href=\"https:\/\/zabnica.e-przedszkolak.eu\/archiwum\/wp-content\/gallery\/dzien-babci-i-dziadka\/IMG_7390.JPG\"\n\t\t\t\ttitle=\"\"\n\t\t\t\tdata-src=\"https:\/\/zabnica.e-przedszkolak.eu\/archiwum\/wp-content\/gallery\/dzien-babci-i-dziadka\/IMG_7390.JPG\"\n\t\t\t\tdata-thumbnail=\"https:\/\/zabnica.e-przedszkolak.eu\/archiwum\/wp-content\/gallery\/dzien-babci-i-dziadka\/thumbs\/thumbs_IMG_7390.JPG\"\n\t\t\t\tdata-image-id=\"20\"\n\t\t\t\tdata-title=\"IMG_7390\"\n\t\t\t\tdata-description=\"\"\n\t\t\t\tdata-image-slug=\"img_7390\"\n\t\t\t\tclass=\"ngg-fancybox\" rel=\"8596c3d980bfe0d5c680630bb711ae33\">\n\t\t\t\t<img\n\t\t\t\t\ttitle=\"IMG_7390\"\n\t\t\t\t\talt=\"IMG_7390\"\n\t\t\t\t\tsrc=\"https:\/\/zabnica.e-przedszkolak.eu\/archiwum\/wp-content\/gallery\/dzien-babci-i-dziadka\/thumbs\/thumbs_IMG_7390.JPG\"\n\t\t\t\t\twidth=\"240\"\n\t\t\t\t\theight=\"160\"\n\t\t\t\t\tstyle=\"max-width:100%;\"\n\t\t\t\t\/>\n\t\t\t<\/a>\n\t\t<\/div>\n\t\t\t\t\t\t\t<\/div>\n\t\t\t\n\t\t\t\t\t\t\t\t\t<br style=\"clear: both\" \/>\n\t\t\t\t\t\n\t\t\t\t<div id=\"ngg-image-12\" class=\"ngg-gallery-thumbnail-box\"\n\t\t\t\t\t\t\t\t\t\t\t>\n\t\t\t\t\t\t<div class=\"ngg-gallery-thumbnail\">\n\t\t\t<a href=\"https:\/\/zabnica.e-przedszkolak.eu\/archiwum\/wp-content\/gallery\/dzien-babci-i-dziadka\/IMG_7391.JPG\"\n\t\t\t\ttitle=\"\"\n\t\t\t\tdata-src=\"https:\/\/zabnica.e-przedszkolak.eu\/archiwum\/wp-content\/gallery\/dzien-babci-i-dziadka\/IMG_7391.JPG\"\n\t\t\t\tdata-thumbnail=\"https:\/\/zabnica.e-przedszkolak.eu\/archiwum\/wp-content\/gallery\/dzien-babci-i-dziadka\/thumbs\/thumbs_IMG_7391.JPG\"\n\t\t\t\tdata-image-id=\"21\"\n\t\t\t\tdata-title=\"IMG_7391\"\n\t\t\t\tdata-description=\"\"\n\t\t\t\tdata-image-slug=\"img_7391\"\n\t\t\t\tclass=\"ngg-fancybox\" rel=\"8596c3d980bfe0d5c680630bb711ae33\">\n\t\t\t\t<img\n\t\t\t\t\ttitle=\"IMG_7391\"\n\t\t\t\t\talt=\"IMG_7391\"\n\t\t\t\t\tsrc=\"https:\/\/zabnica.e-przedszkolak.eu\/archiwum\/wp-content\/gallery\/dzien-babci-i-dziadka\/thumbs\/thumbs_IMG_7391.JPG\"\n\t\t\t\t\twidth=\"240\"\n\t\t\t\t\theight=\"160\"\n\t\t\t\t\tstyle=\"max-width:100%;\"\n\t\t\t\t\/>\n\t\t\t<\/a>\n\t\t<\/div>\n\t\t\t\t\t\t\t<\/div>\n\t\t\t\n\t\t\t\t\t\t\t\n\t\t\t\t<div id=\"ngg-image-13\" class=\"ngg-gallery-thumbnail-box\"\n\t\t\t\t\t\t\t\t\t\t\t>\n\t\t\t\t\t\t<div class=\"ngg-gallery-thumbnail\">\n\t\t\t<a href=\"https:\/\/zabnica.e-przedszkolak.eu\/archiwum\/wp-content\/gallery\/dzien-babci-i-dziadka\/IMG_7392.JPG\"\n\t\t\t\ttitle=\"\"\n\t\t\t\tdata-src=\"https:\/\/zabnica.e-przedszkolak.eu\/archiwum\/wp-content\/gallery\/dzien-babci-i-dziadka\/IMG_7392.JPG\"\n\t\t\t\tdata-thumbnail=\"https:\/\/zabnica.e-przedszkolak.eu\/archiwum\/wp-content\/gallery\/dzien-babci-i-dziadka\/thumbs\/thumbs_IMG_7392.JPG\"\n\t\t\t\tdata-image-id=\"22\"\n\t\t\t\tdata-title=\"IMG_7392\"\n\t\t\t\tdata-description=\"\"\n\t\t\t\tdata-image-slug=\"img_7392\"\n\t\t\t\tclass=\"ngg-fancybox\" rel=\"8596c3d980bfe0d5c680630bb711ae33\">\n\t\t\t\t<img\n\t\t\t\t\ttitle=\"IMG_7392\"\n\t\t\t\t\talt=\"IMG_7392\"\n\t\t\t\t\tsrc=\"https:\/\/zabnica.e-przedszkolak.eu\/archiwum\/wp-content\/gallery\/dzien-babci-i-dziadka\/thumbs\/thumbs_IMG_7392.JPG\"\n\t\t\t\t\twidth=\"240\"\n\t\t\t\t\theight=\"160\"\n\t\t\t\t\tstyle=\"max-width:100%;\"\n\t\t\t\t\/>\n\t\t\t<\/a>\n\t\t<\/div>\n\t\t\t\t\t\t\t<\/div>\n\t\t\t\n\t\t\t\t\t\t\t\t\t<br style=\"clear: both\" \/>\n\t\t\t\t\t\n\t\t\t\t<div id=\"ngg-image-14\" class=\"ngg-gallery-thumbnail-box\"\n\t\t\t\t\t\t\t\t\t\t\t>\n\t\t\t\t\t\t<div class=\"ngg-gallery-thumbnail\">\n\t\t\t<a href=\"https:\/\/zabnica.e-przedszkolak.eu\/archiwum\/wp-content\/gallery\/dzien-babci-i-dziadka\/IMG_7393.JPG\"\n\t\t\t\ttitle=\"\"\n\t\t\t\tdata-src=\"https:\/\/zabnica.e-przedszkolak.eu\/archiwum\/wp-content\/gallery\/dzien-babci-i-dziadka\/IMG_7393.JPG\"\n\t\t\t\tdata-thumbnail=\"https:\/\/zabnica.e-przedszkolak.eu\/archiwum\/wp-content\/gallery\/dzien-babci-i-dziadka\/thumbs\/thumbs_IMG_7393.JPG\"\n\t\t\t\tdata-image-id=\"23\"\n\t\t\t\tdata-title=\"IMG_7393\"\n\t\t\t\tdata-description=\"\"\n\t\t\t\tdata-image-slug=\"img_7393\"\n\t\t\t\tclass=\"ngg-fancybox\" rel=\"8596c3d980bfe0d5c680630bb711ae33\">\n\t\t\t\t<img\n\t\t\t\t\ttitle=\"IMG_7393\"\n\t\t\t\t\talt=\"IMG_7393\"\n\t\t\t\t\tsrc=\"https:\/\/zabnica.e-przedszkolak.eu\/archiwum\/wp-content\/gallery\/dzien-babci-i-dziadka\/thumbs\/thumbs_IMG_7393.JPG\"\n\t\t\t\t\twidth=\"240\"\n\t\t\t\t\theight=\"160\"\n\t\t\t\t\tstyle=\"max-width:100%;\"\n\t\t\t\t\/>\n\t\t\t<\/a>\n\t\t<\/div>\n\t\t\t\t\t\t\t<\/div>\n\t\t\t\n\t\t\t\t\t\t\t\n\t\t\t\t<div id=\"ngg-image-15\" class=\"ngg-gallery-thumbnail-box\"\n\t\t\t\t\t\t\t\t\t\t\t>\n\t\t\t\t\t\t<div class=\"ngg-gallery-thumbnail\">\n\t\t\t<a href=\"https:\/\/zabnica.e-przedszkolak.eu\/archiwum\/wp-content\/gallery\/dzien-babci-i-dziadka\/IMG_7394.JPG\"\n\t\t\t\ttitle=\"\"\n\t\t\t\tdata-src=\"https:\/\/zabnica.e-przedszkolak.eu\/archiwum\/wp-content\/gallery\/dzien-babci-i-dziadka\/IMG_7394.JPG\"\n\t\t\t\tdata-thumbnail=\"https:\/\/zabnica.e-przedszkolak.eu\/archiwum\/wp-content\/gallery\/dzien-babci-i-dziadka\/thumbs\/thumbs_IMG_7394.JPG\"\n\t\t\t\tdata-image-id=\"24\"\n\t\t\t\tdata-title=\"IMG_7394\"\n\t\t\t\tdata-description=\"\"\n\t\t\t\tdata-image-slug=\"img_7394\"\n\t\t\t\tclass=\"ngg-fancybox\" rel=\"8596c3d980bfe0d5c680630bb711ae33\">\n\t\t\t\t<img\n\t\t\t\t\ttitle=\"IMG_7394\"\n\t\t\t\t\talt=\"IMG_7394\"\n\t\t\t\t\tsrc=\"https:\/\/zabnica.e-przedszkolak.eu\/archiwum\/wp-content\/gallery\/dzien-babci-i-dziadka\/thumbs\/thumbs_IMG_7394.JPG\"\n\t\t\t\t\twidth=\"240\"\n\t\t\t\t\theight=\"160\"\n\t\t\t\t\tstyle=\"max-width:100%;\"\n\t\t\t\t\/>\n\t\t\t<\/a>\n\t\t<\/div>\n\t\t\t\t\t\t\t<\/div>\n\t\t\t\n\t\t\t\t\t\t\t\t\t<br style=\"clear: both\" \/>\n\t\t\t\t\t\n\t\t\t\t<div id=\"ngg-image-16\" class=\"ngg-gallery-thumbnail-box\"\n\t\t\t\t\t\t\t\t\t\t\t>\n\t\t\t\t\t\t<div class=\"ngg-gallery-thumbnail\">\n\t\t\t<a href=\"https:\/\/zabnica.e-przedszkolak.eu\/archiwum\/wp-content\/gallery\/dzien-babci-i-dziadka\/IMG_7395.JPG\"\n\t\t\t\ttitle=\"\"\n\t\t\t\tdata-src=\"https:\/\/zabnica.e-przedszkolak.eu\/archiwum\/wp-content\/gallery\/dzien-babci-i-dziadka\/IMG_7395.JPG\"\n\t\t\t\tdata-thumbnail=\"https:\/\/zabnica.e-przedszkolak.eu\/archiwum\/wp-content\/gallery\/dzien-babci-i-dziadka\/thumbs\/thumbs_IMG_7395.JPG\"\n\t\t\t\tdata-image-id=\"25\"\n\t\t\t\tdata-title=\"IMG_7395\"\n\t\t\t\tdata-description=\"\"\n\t\t\t\tdata-image-slug=\"img_7395\"\n\t\t\t\tclass=\"ngg-fancybox\" rel=\"8596c3d980bfe0d5c680630bb711ae33\">\n\t\t\t\t<img\n\t\t\t\t\ttitle=\"IMG_7395\"\n\t\t\t\t\talt=\"IMG_7395\"\n\t\t\t\t\tsrc=\"https:\/\/zabnica.e-przedszkolak.eu\/archiwum\/wp-content\/gallery\/dzien-babci-i-dziadka\/thumbs\/thumbs_IMG_7395.JPG\"\n\t\t\t\t\twidth=\"240\"\n\t\t\t\t\theight=\"160\"\n\t\t\t\t\tstyle=\"max-width:100%;\"\n\t\t\t\t\/>\n\t\t\t<\/a>\n\t\t<\/div>\n\t\t\t\t\t\t\t<\/div>\n\t\t\t\n\t\t\t\t\t\t\t\n\t\t\t\t<div id=\"ngg-image-17\" class=\"ngg-gallery-thumbnail-box\"\n\t\t\t\t\t\t\t\t\t\t\t>\n\t\t\t\t\t\t<div class=\"ngg-gallery-thumbnail\">\n\t\t\t<a href=\"https:\/\/zabnica.e-przedszkolak.eu\/archiwum\/wp-content\/gallery\/dzien-babci-i-dziadka\/IMG_7396.JPG\"\n\t\t\t\ttitle=\"\"\n\t\t\t\tdata-src=\"https:\/\/zabnica.e-przedszkolak.eu\/archiwum\/wp-content\/gallery\/dzien-babci-i-dziadka\/IMG_7396.JPG\"\n\t\t\t\tdata-thumbnail=\"https:\/\/zabnica.e-przedszkolak.eu\/archiwum\/wp-content\/gallery\/dzien-babci-i-dziadka\/thumbs\/thumbs_IMG_7396.JPG\"\n\t\t\t\tdata-image-id=\"26\"\n\t\t\t\tdata-title=\"IMG_7396\"\n\t\t\t\tdata-description=\"\"\n\t\t\t\tdata-image-slug=\"img_7396\"\n\t\t\t\tclass=\"ngg-fancybox\" rel=\"8596c3d980bfe0d5c680630bb711ae33\">\n\t\t\t\t<img\n\t\t\t\t\ttitle=\"IMG_7396\"\n\t\t\t\t\talt=\"IMG_7396\"\n\t\t\t\t\tsrc=\"https:\/\/zabnica.e-przedszkolak.eu\/archiwum\/wp-content\/gallery\/dzien-babci-i-dziadka\/thumbs\/thumbs_IMG_7396.JPG\"\n\t\t\t\t\twidth=\"240\"\n\t\t\t\t\theight=\"160\"\n\t\t\t\t\tstyle=\"max-width:100%;\"\n\t\t\t\t\/>\n\t\t\t<\/a>\n\t\t<\/div>\n\t\t\t\t\t\t\t<\/div>\n\t\t\t\n\t\t\t\t\t\t\t\t\t<br style=\"clear: both\" \/>\n\t\t\t\t\t\n\t\t\t\t<div id=\"ngg-image-18\" class=\"ngg-gallery-thumbnail-box\"\n\t\t\t\t\t\t\t\t\t\t\t>\n\t\t\t\t\t\t<div class=\"ngg-gallery-thumbnail\">\n\t\t\t<a href=\"https:\/\/zabnica.e-przedszkolak.eu\/archiwum\/wp-content\/gallery\/dzien-babci-i-dziadka\/IMG_7398.JPG\"\n\t\t\t\ttitle=\"\"\n\t\t\t\tdata-src=\"https:\/\/zabnica.e-przedszkolak.eu\/archiwum\/wp-content\/gallery\/dzien-babci-i-dziadka\/IMG_7398.JPG\"\n\t\t\t\tdata-thumbnail=\"https:\/\/zabnica.e-przedszkolak.eu\/archiwum\/wp-content\/gallery\/dzien-babci-i-dziadka\/thumbs\/thumbs_IMG_7398.JPG\"\n\t\t\t\tdata-image-id=\"27\"\n\t\t\t\tdata-title=\"IMG_7398\"\n\t\t\t\tdata-description=\"\"\n\t\t\t\tdata-image-slug=\"img_7398\"\n\t\t\t\tclass=\"ngg-fancybox\" rel=\"8596c3d980bfe0d5c680630bb711ae33\">\n\t\t\t\t<img\n\t\t\t\t\ttitle=\"IMG_7398\"\n\t\t\t\t\talt=\"IMG_7398\"\n\t\t\t\t\tsrc=\"https:\/\/zabnica.e-przedszkolak.eu\/archiwum\/wp-content\/gallery\/dzien-babci-i-dziadka\/thumbs\/thumbs_IMG_7398.JPG\"\n\t\t\t\t\twidth=\"240\"\n\t\t\t\t\theight=\"160\"\n\t\t\t\t\tstyle=\"max-width:100%;\"\n\t\t\t\t\/>\n\t\t\t<\/a>\n\t\t<\/div>\n\t\t\t\t\t\t\t<\/div>\n\t\t\t\n\t\t\t\t\t\t\t\n\t\t\t\t<div id=\"ngg-image-19\" class=\"ngg-gallery-thumbnail-box\"\n\t\t\t\t\t\t\t\t\t\t\t>\n\t\t\t\t\t\t<div class=\"ngg-gallery-thumbnail\">\n\t\t\t<a href=\"https:\/\/zabnica.e-przedszkolak.eu\/archiwum\/wp-content\/gallery\/dzien-babci-i-dziadka\/IMG_7399.JPG\"\n\t\t\t\ttitle=\"\"\n\t\t\t\tdata-src=\"https:\/\/zabnica.e-przedszkolak.eu\/archiwum\/wp-content\/gallery\/dzien-babci-i-dziadka\/IMG_7399.JPG\"\n\t\t\t\tdata-thumbnail=\"https:\/\/zabnica.e-przedszkolak.eu\/archiwum\/wp-content\/gallery\/dzien-babci-i-dziadka\/thumbs\/thumbs_IMG_7399.JPG\"\n\t\t\t\tdata-image-id=\"28\"\n\t\t\t\tdata-title=\"IMG_7399\"\n\t\t\t\tdata-description=\"\"\n\t\t\t\tdata-image-slug=\"img_7399\"\n\t\t\t\tclass=\"ngg-fancybox\" rel=\"8596c3d980bfe0d5c680630bb711ae33\">\n\t\t\t\t<img\n\t\t\t\t\ttitle=\"IMG_7399\"\n\t\t\t\t\talt=\"IMG_7399\"\n\t\t\t\t\tsrc=\"https:\/\/zabnica.e-przedszkolak.eu\/archiwum\/wp-content\/gallery\/dzien-babci-i-dziadka\/thumbs\/thumbs_IMG_7399.JPG\"\n\t\t\t\t\twidth=\"240\"\n\t\t\t\t\theight=\"160\"\n\t\t\t\t\tstyle=\"max-width:100%;\"\n\t\t\t\t\/>\n\t\t\t<\/a>\n\t\t<\/div>\n\t\t\t\t\t\t\t<\/div>\n\t\t\t\n\t\t\t\t\t\t\t\t\t<br style=\"clear: both\" \/>\n\t\t\t\t\t\n\t\t\n\t\t<!-- Pagination -->\n\t\t<div class='ngg-navigation'><span class='current'>1<\/span>\n<a class='page-numbers' data-pageid='2' href='https:\/\/zabnica.e-przedszkolak.eu\/archiwum\/2016\/02\/18\/dzien-babci-i-dziadka\/nggallery\/page\/2'>2<\/a>\n<span class='ellipsis'>...<\/span>\n<a class='page-numbers' data-pageid='5' href='https:\/\/zabnica.e-przedszkolak.eu\/archiwum\/2016\/02\/18\/dzien-babci-i-dziadka\/nggallery\/page\/5'>5<\/a>\n<a class='prev' href='https:\/\/zabnica.e-przedszkolak.eu\/archiwum\/2016\/02\/18\/dzien-babci-i-dziadka\/nggallery\/page\/2' data-pageid=2>&#9658;<\/a><\/div>\t<\/div>\n<\/p>\n","protected":false},"excerpt":{"rendered":"<p>Pe\u0142na sala dostojnych go\u015bci przyby\u0142a na uroczysto\u015b\u0107 z okazji Dnia Babci i Dziadka odpowiadaj\u0105c na zaproszenie kochanych wnuk\u00f3w. To w\u0142a\u015bnie oni im podzi\u0119kowali za wspania\u0142\u0105 mi\u0142o\u015b\u0107. Wnukowie w tym dniu przygotowali dla kochanych Dziadk\u00f3w wspania\u0142y wyst\u0119p oraz drobne upominki. Dzi\u0119kujemy wszystkim Rodzicom za okazan\u0105 pomoc w organizacji uroczysto\u015bci.<\/p>\n","protected":false},"author":2,"featured_media":111,"comment_status":"open","ping_status":"open","sticky":false,"template":"","format":"standard","meta":{"ngg_post_thumbnail":0,"footnotes":""},"categories":[1],"tags":[],"class_list":["post-110","post","type-post","status-publish","format-standard","has-post-thumbnail","hentry","category-bez-kategorii"],"_links":{"self":[{"href":"https:\/\/zabnica.e-przedszkolak.eu\/archiwum\/wp-json\/wp\/v2\/posts\/110","targetHints":{"allow":["GET"]}}],"collection":[{"href":"https:\/\/zabnica.e-przedszkolak.eu\/archiwum\/wp-json\/wp\/v2\/posts"}],"about":[{"href":"https:\/\/zabnica.e-przedszkolak.eu\/archiwum\/wp-json\/wp\/v2\/types\/post"}],"author":[{"embeddable":true,"href":"https:\/\/zabnica.e-przedszkolak.eu\/archiwum\/wp-json\/wp\/v2\/users\/2"}],"replies":[{"embeddable":true,"href":"https:\/\/zabnica.e-przedszkolak.eu\/archiwum\/wp-json\/wp\/v2\/comments?post=110"}],"version-history":[{"count":3,"href":"https:\/\/zabnica.e-przedszkolak.eu\/archiwum\/wp-json\/wp\/v2\/posts\/110\/revisions"}],"predecessor-version":[{"id":331,"href":"https:\/\/zabnica.e-przedszkolak.eu\/archiwum\/wp-json\/wp\/v2\/posts\/110\/revisions\/331"}],"wp:featuredmedia":[{"embeddable":true,"href":"https:\/\/zabnica.e-przedszkolak.eu\/archiwum\/wp-json\/wp\/v2\/media\/111"}],"wp:attachment":[{"href":"https:\/\/zabnica.e-przedszkolak.eu\/archiwum\/wp-json\/wp\/v2\/media?parent=110"}],"wp:term":[{"taxonomy":"category","embeddable":true,"href":"https:\/\/zabnica.e-przedszkolak.eu\/archiwum\/wp-json\/wp\/v2\/categories?post=110"},{"taxonomy":"post_tag","embeddable":true,"href":"https:\/\/zabnica.e-przedszkolak.eu\/archiwum\/wp-json\/wp\/v2\/tags?post=110"}],"curies":[{"name":"wp","href":"https:\/\/api.w.org\/{rel}","templated":true}]}}