 {"id":1116,"date":"2016-03-08T23:07:05","date_gmt":"2016-03-08T22:07:05","guid":{"rendered":"https:\/\/zabnica.e-przedszkolak.eu\/?p=1116"},"modified":"2016-03-11T10:51:07","modified_gmt":"2016-03-11T09:51:07","slug":"spotkanie-z-ratownikiem-medycznym-beskidzkiej-grupy-gopr","status":"publish","type":"post","link":"https:\/\/zabnica.e-przedszkolak.eu\/archiwum\/2016\/03\/08\/spotkanie-z-ratownikiem-medycznym-beskidzkiej-grupy-gopr\/","title":{"rendered":"Spotkanie z ratownikiem g\u00f3rskim beskidzkiej grupy GOPR"},"content":{"rendered":"<p style=\"text-align: justify;\" align=\"justify\">Dnia 12.02.2016 odwiedzi\u0142 nas przedstawiciel Grupy Beskidzkiej GOPR Pan Micha\u0142 Juraszek. Opowiedzia\u0142 dzieciom czym charakteryzuje si\u0119 praca ratownika g\u00f3rskiego, jak nale\u017cy zachowywa\u0107 si\u0119 w g\u00f3rach, jakie zagro\u017cenia czyhaj\u0105 na turyst\u00f3w i jak nale\u017cy dba\u0107 o swoje bezpiecze\u0144stwo. <!--more--><\/p>\n<p style=\"text-align: justify;\" align=\"justify\">Dzieci pozna\u0142y podstawowe zasady udzielania pierwszej pomocy, z zaanga\u017cowaniem \u0107wiczy\u0142y te umiej\u0119tno\u015bci wraz z pieskiem Reksiem. Pan Ratownik przekaza\u0142 dzieciom niezb\u0119dn\u0105 wiedz\u0119 na temat bezpiecze\u0144stwa swojego i innych na stoku, przypomnia\u0142 o numerach alarmowych oraz co czyni\u0107 w sytuacjach awaryjnych na stoku przed zbli\u017caj\u0105cymi si\u0119 zimowymi feriami. Przedszkolaki z wielkim zainteresowaniem ogl\u0105da\u0142y przygotowany przez ratownika sprz\u0119t, zapozna\u0142y si\u0119 z apteczk\u0105 Ratownika GOPR-u. Dzieci ch\u0119tnie uczestniczy\u0142y w zaj\u0119ciach, zadaj\u0105c mn\u00f3stwo ciekawych pyta\u0144. Na koniec otrzymali\u015bmy od naszego go\u015bcia przepi\u0119knie ilustrowan\u0105 ksi\u0105\u017ceczk\u0119 \u201e ABC ma\u0142ego ratownika \u201d<\/p>\n<p align=\"right\"><em><span style=\"color: #000000;\"><span style=\"font-family: 'Times New Roman', serif;\"><span style=\"font-size: medium;\">Barbara Marsza\u0142ek<\/span><\/span><\/span><\/em><\/p>\n<p align=\"justify\"><!-- index.php -->\n<div\n\tclass=\"ngg-galleryoverview\n\t ngg-ajax-pagination-none\t\"\n\tid=\"ngg-gallery-66182dd5870eaa3bf9587bbe9063ad38-1\">\n\n\t\t\t<!-- Thumbnails -->\n\t\t\t\t<div id=\"ngg-image-0\" class=\"ngg-gallery-thumbnail-box\"\n\t\t\t\t\t\t\t\t\t\t\t>\n\t\t\t\t\t\t<div class=\"ngg-gallery-thumbnail\">\n\t\t\t<a href=\"https:\/\/zabnica.e-przedszkolak.eu\/archiwum\/wp-content\/gallery\/gopr\/IMG_0051.JPG\"\n\t\t\t\ttitle=\"\"\n\t\t\t\tdata-src=\"https:\/\/zabnica.e-przedszkolak.eu\/archiwum\/wp-content\/gallery\/gopr\/IMG_0051.JPG\"\n\t\t\t\tdata-thumbnail=\"https:\/\/zabnica.e-przedszkolak.eu\/archiwum\/wp-content\/gallery\/gopr\/thumbs\/thumbs_IMG_0051.JPG\"\n\t\t\t\tdata-image-id=\"461\"\n\t\t\t\tdata-title=\"IMG_0051\"\n\t\t\t\tdata-description=\"\"\n\t\t\t\tdata-image-slug=\"img_0051\"\n\t\t\t\tclass=\"ngg-fancybox\" rel=\"66182dd5870eaa3bf9587bbe9063ad38\">\n\t\t\t\t<img\n\t\t\t\t\ttitle=\"IMG_0051\"\n\t\t\t\t\talt=\"IMG_0051\"\n\t\t\t\t\tsrc=\"https:\/\/zabnica.e-przedszkolak.eu\/archiwum\/wp-content\/gallery\/gopr\/thumbs\/thumbs_IMG_0051.JPG\"\n\t\t\t\t\twidth=\"240\"\n\t\t\t\t\theight=\"160\"\n\t\t\t\t\tstyle=\"max-width:100%;\"\n\t\t\t\t\/>\n\t\t\t<\/a>\n\t\t<\/div>\n\t\t\t\t\t\t\t<\/div>\n\t\t\t\n\t\t\t\t\t\t\t\n\t\t\t\t<div id=\"ngg-image-1\" class=\"ngg-gallery-thumbnail-box\"\n\t\t\t\t\t\t\t\t\t\t\t>\n\t\t\t\t\t\t<div class=\"ngg-gallery-thumbnail\">\n\t\t\t<a href=\"https:\/\/zabnica.e-przedszkolak.eu\/archiwum\/wp-content\/gallery\/gopr\/IMG_0052.JPG\"\n\t\t\t\ttitle=\"\"\n\t\t\t\tdata-src=\"https:\/\/zabnica.e-przedszkolak.eu\/archiwum\/wp-content\/gallery\/gopr\/IMG_0052.JPG\"\n\t\t\t\tdata-thumbnail=\"https:\/\/zabnica.e-przedszkolak.eu\/archiwum\/wp-content\/gallery\/gopr\/thumbs\/thumbs_IMG_0052.JPG\"\n\t\t\t\tdata-image-id=\"462\"\n\t\t\t\tdata-title=\"IMG_0052\"\n\t\t\t\tdata-description=\"\"\n\t\t\t\tdata-image-slug=\"img_0052\"\n\t\t\t\tclass=\"ngg-fancybox\" rel=\"66182dd5870eaa3bf9587bbe9063ad38\">\n\t\t\t\t<img\n\t\t\t\t\ttitle=\"IMG_0052\"\n\t\t\t\t\talt=\"IMG_0052\"\n\t\t\t\t\tsrc=\"https:\/\/zabnica.e-przedszkolak.eu\/archiwum\/wp-content\/gallery\/gopr\/thumbs\/thumbs_IMG_0052.JPG\"\n\t\t\t\t\twidth=\"240\"\n\t\t\t\t\theight=\"160\"\n\t\t\t\t\tstyle=\"max-width:100%;\"\n\t\t\t\t\/>\n\t\t\t<\/a>\n\t\t<\/div>\n\t\t\t\t\t\t\t<\/div>\n\t\t\t\n\t\t\t\t\t\t\t\t\t<br style=\"clear: both\" \/>\n\t\t\t\t\t\n\t\t\t\t<div id=\"ngg-image-2\" class=\"ngg-gallery-thumbnail-box\"\n\t\t\t\t\t\t\t\t\t\t\t>\n\t\t\t\t\t\t<div class=\"ngg-gallery-thumbnail\">\n\t\t\t<a href=\"https:\/\/zabnica.e-przedszkolak.eu\/archiwum\/wp-content\/gallery\/gopr\/IMG_0053.JPG\"\n\t\t\t\ttitle=\"\"\n\t\t\t\tdata-src=\"https:\/\/zabnica.e-przedszkolak.eu\/archiwum\/wp-content\/gallery\/gopr\/IMG_0053.JPG\"\n\t\t\t\tdata-thumbnail=\"https:\/\/zabnica.e-przedszkolak.eu\/archiwum\/wp-content\/gallery\/gopr\/thumbs\/thumbs_IMG_0053.JPG\"\n\t\t\t\tdata-image-id=\"463\"\n\t\t\t\tdata-title=\"IMG_0053\"\n\t\t\t\tdata-description=\"\"\n\t\t\t\tdata-image-slug=\"img_0053\"\n\t\t\t\tclass=\"ngg-fancybox\" rel=\"66182dd5870eaa3bf9587bbe9063ad38\">\n\t\t\t\t<img\n\t\t\t\t\ttitle=\"IMG_0053\"\n\t\t\t\t\talt=\"IMG_0053\"\n\t\t\t\t\tsrc=\"https:\/\/zabnica.e-przedszkolak.eu\/archiwum\/wp-content\/gallery\/gopr\/thumbs\/thumbs_IMG_0053.JPG\"\n\t\t\t\t\twidth=\"240\"\n\t\t\t\t\theight=\"160\"\n\t\t\t\t\tstyle=\"max-width:100%;\"\n\t\t\t\t\/>\n\t\t\t<\/a>\n\t\t<\/div>\n\t\t\t\t\t\t\t<\/div>\n\t\t\t\n\t\t\t\t\t\t\t\n\t\t\t\t<div id=\"ngg-image-3\" class=\"ngg-gallery-thumbnail-box\"\n\t\t\t\t\t\t\t\t\t\t\t>\n\t\t\t\t\t\t<div class=\"ngg-gallery-thumbnail\">\n\t\t\t<a href=\"https:\/\/zabnica.e-przedszkolak.eu\/archiwum\/wp-content\/gallery\/gopr\/IMG_0056.JPG\"\n\t\t\t\ttitle=\"\"\n\t\t\t\tdata-src=\"https:\/\/zabnica.e-przedszkolak.eu\/archiwum\/wp-content\/gallery\/gopr\/IMG_0056.JPG\"\n\t\t\t\tdata-thumbnail=\"https:\/\/zabnica.e-przedszkolak.eu\/archiwum\/wp-content\/gallery\/gopr\/thumbs\/thumbs_IMG_0056.JPG\"\n\t\t\t\tdata-image-id=\"464\"\n\t\t\t\tdata-title=\"IMG_0056\"\n\t\t\t\tdata-description=\"\"\n\t\t\t\tdata-image-slug=\"img_0056\"\n\t\t\t\tclass=\"ngg-fancybox\" rel=\"66182dd5870eaa3bf9587bbe9063ad38\">\n\t\t\t\t<img\n\t\t\t\t\ttitle=\"IMG_0056\"\n\t\t\t\t\talt=\"IMG_0056\"\n\t\t\t\t\tsrc=\"https:\/\/zabnica.e-przedszkolak.eu\/archiwum\/wp-content\/gallery\/gopr\/thumbs\/thumbs_IMG_0056.JPG\"\n\t\t\t\t\twidth=\"240\"\n\t\t\t\t\theight=\"160\"\n\t\t\t\t\tstyle=\"max-width:100%;\"\n\t\t\t\t\/>\n\t\t\t<\/a>\n\t\t<\/div>\n\t\t\t\t\t\t\t<\/div>\n\t\t\t\n\t\t\t\t\t\t\t\t\t<br style=\"clear: both\" \/>\n\t\t\t\t\t\n\t\t\t\t<div id=\"ngg-image-4\" class=\"ngg-gallery-thumbnail-box\"\n\t\t\t\t\t\t\t\t\t\t\t>\n\t\t\t\t\t\t<div class=\"ngg-gallery-thumbnail\">\n\t\t\t<a href=\"https:\/\/zabnica.e-przedszkolak.eu\/archiwum\/wp-content\/gallery\/gopr\/IMG_0062.JPG\"\n\t\t\t\ttitle=\"\"\n\t\t\t\tdata-src=\"https:\/\/zabnica.e-przedszkolak.eu\/archiwum\/wp-content\/gallery\/gopr\/IMG_0062.JPG\"\n\t\t\t\tdata-thumbnail=\"https:\/\/zabnica.e-przedszkolak.eu\/archiwum\/wp-content\/gallery\/gopr\/thumbs\/thumbs_IMG_0062.JPG\"\n\t\t\t\tdata-image-id=\"465\"\n\t\t\t\tdata-title=\"IMG_0062\"\n\t\t\t\tdata-description=\"\"\n\t\t\t\tdata-image-slug=\"img_0062\"\n\t\t\t\tclass=\"ngg-fancybox\" rel=\"66182dd5870eaa3bf9587bbe9063ad38\">\n\t\t\t\t<img\n\t\t\t\t\ttitle=\"IMG_0062\"\n\t\t\t\t\talt=\"IMG_0062\"\n\t\t\t\t\tsrc=\"https:\/\/zabnica.e-przedszkolak.eu\/archiwum\/wp-content\/gallery\/gopr\/thumbs\/thumbs_IMG_0062.JPG\"\n\t\t\t\t\twidth=\"240\"\n\t\t\t\t\theight=\"160\"\n\t\t\t\t\tstyle=\"max-width:100%;\"\n\t\t\t\t\/>\n\t\t\t<\/a>\n\t\t<\/div>\n\t\t\t\t\t\t\t<\/div>\n\t\t\t\n\t\t\t\t\t\t\t\n\t\t\t\t<div id=\"ngg-image-5\" class=\"ngg-gallery-thumbnail-box\"\n\t\t\t\t\t\t\t\t\t\t\t>\n\t\t\t\t\t\t<div class=\"ngg-gallery-thumbnail\">\n\t\t\t<a href=\"https:\/\/zabnica.e-przedszkolak.eu\/archiwum\/wp-content\/gallery\/gopr\/IMG_0063.JPG\"\n\t\t\t\ttitle=\"\"\n\t\t\t\tdata-src=\"https:\/\/zabnica.e-przedszkolak.eu\/archiwum\/wp-content\/gallery\/gopr\/IMG_0063.JPG\"\n\t\t\t\tdata-thumbnail=\"https:\/\/zabnica.e-przedszkolak.eu\/archiwum\/wp-content\/gallery\/gopr\/thumbs\/thumbs_IMG_0063.JPG\"\n\t\t\t\tdata-image-id=\"466\"\n\t\t\t\tdata-title=\"IMG_0063\"\n\t\t\t\tdata-description=\"\"\n\t\t\t\tdata-image-slug=\"img_0063\"\n\t\t\t\tclass=\"ngg-fancybox\" rel=\"66182dd5870eaa3bf9587bbe9063ad38\">\n\t\t\t\t<img\n\t\t\t\t\ttitle=\"IMG_0063\"\n\t\t\t\t\talt=\"IMG_0063\"\n\t\t\t\t\tsrc=\"https:\/\/zabnica.e-przedszkolak.eu\/archiwum\/wp-content\/gallery\/gopr\/thumbs\/thumbs_IMG_0063.JPG\"\n\t\t\t\t\twidth=\"240\"\n\t\t\t\t\theight=\"160\"\n\t\t\t\t\tstyle=\"max-width:100%;\"\n\t\t\t\t\/>\n\t\t\t<\/a>\n\t\t<\/div>\n\t\t\t\t\t\t\t<\/div>\n\t\t\t\n\t\t\t\t\t\t\t\t\t<br style=\"clear: both\" \/>\n\t\t\t\t\t\n\t\t\t\t<div id=\"ngg-image-6\" class=\"ngg-gallery-thumbnail-box\"\n\t\t\t\t\t\t\t\t\t\t\t>\n\t\t\t\t\t\t<div class=\"ngg-gallery-thumbnail\">\n\t\t\t<a href=\"https:\/\/zabnica.e-przedszkolak.eu\/archiwum\/wp-content\/gallery\/gopr\/IMG_0065.JPG\"\n\t\t\t\ttitle=\"\"\n\t\t\t\tdata-src=\"https:\/\/zabnica.e-przedszkolak.eu\/archiwum\/wp-content\/gallery\/gopr\/IMG_0065.JPG\"\n\t\t\t\tdata-thumbnail=\"https:\/\/zabnica.e-przedszkolak.eu\/archiwum\/wp-content\/gallery\/gopr\/thumbs\/thumbs_IMG_0065.JPG\"\n\t\t\t\tdata-image-id=\"467\"\n\t\t\t\tdata-title=\"IMG_0065\"\n\t\t\t\tdata-description=\"\"\n\t\t\t\tdata-image-slug=\"img_0065\"\n\t\t\t\tclass=\"ngg-fancybox\" rel=\"66182dd5870eaa3bf9587bbe9063ad38\">\n\t\t\t\t<img\n\t\t\t\t\ttitle=\"IMG_0065\"\n\t\t\t\t\talt=\"IMG_0065\"\n\t\t\t\t\tsrc=\"https:\/\/zabnica.e-przedszkolak.eu\/archiwum\/wp-content\/gallery\/gopr\/thumbs\/thumbs_IMG_0065.JPG\"\n\t\t\t\t\twidth=\"240\"\n\t\t\t\t\theight=\"160\"\n\t\t\t\t\tstyle=\"max-width:100%;\"\n\t\t\t\t\/>\n\t\t\t<\/a>\n\t\t<\/div>\n\t\t\t\t\t\t\t<\/div>\n\t\t\t\n\t\t\t\t\t\t\t\n\t\t\t\t<div id=\"ngg-image-7\" class=\"ngg-gallery-thumbnail-box\"\n\t\t\t\t\t\t\t\t\t\t\t>\n\t\t\t\t\t\t<div class=\"ngg-gallery-thumbnail\">\n\t\t\t<a href=\"https:\/\/zabnica.e-przedszkolak.eu\/archiwum\/wp-content\/gallery\/gopr\/IMG_0066.JPG\"\n\t\t\t\ttitle=\"\"\n\t\t\t\tdata-src=\"https:\/\/zabnica.e-przedszkolak.eu\/archiwum\/wp-content\/gallery\/gopr\/IMG_0066.JPG\"\n\t\t\t\tdata-thumbnail=\"https:\/\/zabnica.e-przedszkolak.eu\/archiwum\/wp-content\/gallery\/gopr\/thumbs\/thumbs_IMG_0066.JPG\"\n\t\t\t\tdata-image-id=\"468\"\n\t\t\t\tdata-title=\"IMG_0066\"\n\t\t\t\tdata-description=\"\"\n\t\t\t\tdata-image-slug=\"img_0066\"\n\t\t\t\tclass=\"ngg-fancybox\" rel=\"66182dd5870eaa3bf9587bbe9063ad38\">\n\t\t\t\t<img\n\t\t\t\t\ttitle=\"IMG_0066\"\n\t\t\t\t\talt=\"IMG_0066\"\n\t\t\t\t\tsrc=\"https:\/\/zabnica.e-przedszkolak.eu\/archiwum\/wp-content\/gallery\/gopr\/thumbs\/thumbs_IMG_0066.JPG\"\n\t\t\t\t\twidth=\"240\"\n\t\t\t\t\theight=\"160\"\n\t\t\t\t\tstyle=\"max-width:100%;\"\n\t\t\t\t\/>\n\t\t\t<\/a>\n\t\t<\/div>\n\t\t\t\t\t\t\t<\/div>\n\t\t\t\n\t\t\t\t\t\t\t\t\t<br style=\"clear: both\" \/>\n\t\t\t\t\t\n\t\t\n\t\t<!-- Pagination -->\n\t\t<div class='ngg-navigation'><span class='current'>1<\/span>\n<a class='page-numbers' data-pageid='2' href='https:\/\/zabnica.e-przedszkolak.eu\/archiwum\/2016\/03\/08\/spotkanie-z-ratownikiem-medycznym-beskidzkiej-grupy-gopr\/nggallery\/page\/2'>2<\/a>\n<span class='ellipsis'>...<\/span>\n<a class='page-numbers' data-pageid='4' href='https:\/\/zabnica.e-przedszkolak.eu\/archiwum\/2016\/03\/08\/spotkanie-z-ratownikiem-medycznym-beskidzkiej-grupy-gopr\/nggallery\/page\/4'>4<\/a>\n<a class='prev' href='https:\/\/zabnica.e-przedszkolak.eu\/archiwum\/2016\/03\/08\/spotkanie-z-ratownikiem-medycznym-beskidzkiej-grupy-gopr\/nggallery\/page\/2' data-pageid=2>&#9658;<\/a><\/div>\t<\/div>\n<\/p>\n","protected":false},"excerpt":{"rendered":"<p>Dnia 12.02.2016 odwiedzi\u0142 nas przedstawiciel Grupy Beskidzkiej GOPR Pan Micha\u0142 Juraszek. Opowiedzia\u0142 dzieciom czym charakteryzuje si\u0119 praca ratownika g\u00f3rskiego, jak nale\u017cy zachowywa\u0107 si\u0119 w g\u00f3rach, jakie zagro\u017cenia czyhaj\u0105 na turyst\u00f3w i jak nale\u017cy dba\u0107 o swoje bezpiecze\u0144stwo.<\/p>\n","protected":false},"author":2,"featured_media":1179,"comment_status":"open","ping_status":"open","sticky":false,"template":"","format":"standard","meta":{"ngg_post_thumbnail":0,"footnotes":""},"categories":[1],"tags":[],"class_list":["post-1116","post","type-post","status-publish","format-standard","has-post-thumbnail","hentry","category-bez-kategorii"],"_links":{"self":[{"href":"https:\/\/zabnica.e-przedszkolak.eu\/archiwum\/wp-json\/wp\/v2\/posts\/1116","targetHints":{"allow":["GET"]}}],"collection":[{"href":"https:\/\/zabnica.e-przedszkolak.eu\/archiwum\/wp-json\/wp\/v2\/posts"}],"about":[{"href":"https:\/\/zabnica.e-przedszkolak.eu\/archiwum\/wp-json\/wp\/v2\/types\/post"}],"author":[{"embeddable":true,"href":"https:\/\/zabnica.e-przedszkolak.eu\/archiwum\/wp-json\/wp\/v2\/users\/2"}],"replies":[{"embeddable":true,"href":"https:\/\/zabnica.e-przedszkolak.eu\/archiwum\/wp-json\/wp\/v2\/comments?post=1116"}],"version-history":[{"count":4,"href":"https:\/\/zabnica.e-przedszkolak.eu\/archiwum\/wp-json\/wp\/v2\/posts\/1116\/revisions"}],"predecessor-version":[{"id":1182,"href":"https:\/\/zabnica.e-przedszkolak.eu\/archiwum\/wp-json\/wp\/v2\/posts\/1116\/revisions\/1182"}],"wp:featuredmedia":[{"embeddable":true,"href":"https:\/\/zabnica.e-przedszkolak.eu\/archiwum\/wp-json\/wp\/v2\/media\/1179"}],"wp:attachment":[{"href":"https:\/\/zabnica.e-przedszkolak.eu\/archiwum\/wp-json\/wp\/v2\/media?parent=1116"}],"wp:term":[{"taxonomy":"category","embeddable":true,"href":"https:\/\/zabnica.e-przedszkolak.eu\/archiwum\/wp-json\/wp\/v2\/categories?post=1116"},{"taxonomy":"post_tag","embeddable":true,"href":"https:\/\/zabnica.e-przedszkolak.eu\/archiwum\/wp-json\/wp\/v2\/tags?post=1116"}],"curies":[{"name":"wp","href":"https:\/\/api.w.org\/{rel}","templated":true}]}}