 {"id":1291,"date":"2016-05-16T14:10:21","date_gmt":"2016-05-16T12:10:21","guid":{"rendered":"https:\/\/zabnica.e-przedszkolak.eu\/?p=1291"},"modified":"2016-05-16T14:10:21","modified_gmt":"2016-05-16T12:10:21","slug":"wielka-akcja-zbierania-ksiazek","status":"publish","type":"post","link":"https:\/\/zabnica.e-przedszkolak.eu\/archiwum\/2016\/05\/16\/wielka-akcja-zbierania-ksiazek\/","title":{"rendered":"Wielka Akcja Zbierania Ksi\u0105\u017cek!"},"content":{"rendered":"<p style=\"text-align: justify;\">Jest okazja by pom\u00f3c chorym dzieciakom! Czas choroby jest dla nich bardzo trudny, a pobyt w szpitalu wi\u0105\u017ce si\u0119 z du\u017cym stresem i poczuciem osamotnienia. Uprzyjemni\u0107 go mog\u0105 Zaczytane Biblioteki, kt\u00f3re powstan\u0105 w szpitalach.\u00a0 We\u017a udzia\u0142 w akcja Zaczytani. Wystarczy przynie\u015b\u0107 ksi\u0105\u017c\u0119, u\u017cywan\u0105 w dobrym stanie do 23 maja 2016 r.<!--more--><\/p>\n<p style=\"text-align: justify;\">Wi\u0119cej informacji znajdzie na stronie internetowej organizatora <a href=\"http:\/\/www.zaczytani.org\/\">www.zaczytani.org<\/a><\/p>\n<p style=\"text-align: justify;\"><a href=\"http:\/\/www.zaczytani.org\/\">Zaczytani.org<\/a> to setki os\u00f3b, kt\u00f3re chc\u0105 wsp\u00f3lnie wyczarowywa\u0107 u\u015bmiechy na twarzach dzieci, pom\u00f3c pacjentom cho\u0107 na chwil\u0119 zapomnie\u0107 o chorobie.<\/p>\n<p style=\"text-align: justify;\">Przynie\u015b ksi\u0105\u017ck\u0119. Stworzymy razem bibliotek\u0119 dla ma\u0142ych pacjent\u00f3w.<\/p>\n<p style=\"text-align: justify;\"><a href=\"https:\/\/zabnica.e-przedszkolak.eu\/archiwum\/wp-content\/uploads\/2016\/05\/IMG_02591.jpg\" rel=\"attachment wp-att-1293\"><img loading=\"lazy\" decoding=\"async\" class=\"size-medium wp-image-1293 aligncenter\" src=\"https:\/\/zabnica.e-przedszkolak.eu\/archiwum\/wp-content\/uploads\/2016\/05\/IMG_02591-300x225.jpg\" alt=\"IMG_02591\" width=\"300\" height=\"225\" srcset=\"https:\/\/zabnica.e-przedszkolak.eu\/archiwum\/wp-content\/uploads\/2016\/05\/IMG_02591-300x225.jpg 300w, https:\/\/zabnica.e-przedszkolak.eu\/archiwum\/wp-content\/uploads\/2016\/05\/IMG_02591-768x576.jpg 768w, https:\/\/zabnica.e-przedszkolak.eu\/archiwum\/wp-content\/uploads\/2016\/05\/IMG_02591.jpg 800w\" sizes=\"auto, (max-width: 300px) 100vw, 300px\" \/><\/a><\/p>\n","protected":false},"excerpt":{"rendered":"<p>Jest okazja by pom\u00f3c chorym dzieciakom! Czas choroby jest dla nich bardzo trudny, a pobyt w szpitalu wi\u0105\u017ce si\u0119 z du\u017cym stresem i poczuciem osamotnienia. Uprzyjemni\u0107 go mog\u0105 Zaczytane Biblioteki, kt\u00f3re powstan\u0105 w szpitalach.\u00a0 We\u017a udzia\u0142 w akcja Zaczytani. Wystarczy przynie\u015b\u0107 ksi\u0105\u017c\u0119, u\u017cywan\u0105 w dobrym stanie do 23 maja 2016 r.<\/p>\n","protected":false},"author":2,"featured_media":1292,"comment_status":"open","ping_status":"open","sticky":false,"template":"","format":"standard","meta":{"ngg_post_thumbnail":0,"footnotes":""},"categories":[1],"tags":[],"class_list":["post-1291","post","type-post","status-publish","format-standard","has-post-thumbnail","hentry","category-bez-kategorii"],"_links":{"self":[{"href":"https:\/\/zabnica.e-przedszkolak.eu\/archiwum\/wp-json\/wp\/v2\/posts\/1291","targetHints":{"allow":["GET"]}}],"collection":[{"href":"https:\/\/zabnica.e-przedszkolak.eu\/archiwum\/wp-json\/wp\/v2\/posts"}],"about":[{"href":"https:\/\/zabnica.e-przedszkolak.eu\/archiwum\/wp-json\/wp\/v2\/types\/post"}],"author":[{"embeddable":true,"href":"https:\/\/zabnica.e-przedszkolak.eu\/archiwum\/wp-json\/wp\/v2\/users\/2"}],"replies":[{"embeddable":true,"href":"https:\/\/zabnica.e-przedszkolak.eu\/archiwum\/wp-json\/wp\/v2\/comments?post=1291"}],"version-history":[{"count":1,"href":"https:\/\/zabnica.e-przedszkolak.eu\/archiwum\/wp-json\/wp\/v2\/posts\/1291\/revisions"}],"predecessor-version":[{"id":1294,"href":"https:\/\/zabnica.e-przedszkolak.eu\/archiwum\/wp-json\/wp\/v2\/posts\/1291\/revisions\/1294"}],"wp:featuredmedia":[{"embeddable":true,"href":"https:\/\/zabnica.e-przedszkolak.eu\/archiwum\/wp-json\/wp\/v2\/media\/1292"}],"wp:attachment":[{"href":"https:\/\/zabnica.e-przedszkolak.eu\/archiwum\/wp-json\/wp\/v2\/media?parent=1291"}],"wp:term":[{"taxonomy":"category","embeddable":true,"href":"https:\/\/zabnica.e-przedszkolak.eu\/archiwum\/wp-json\/wp\/v2\/categories?post=1291"},{"taxonomy":"post_tag","embeddable":true,"href":"https:\/\/zabnica.e-przedszkolak.eu\/archiwum\/wp-json\/wp\/v2\/tags?post=1291"}],"curies":[{"name":"wp","href":"https:\/\/api.w.org\/{rel}","templated":true}]}}