 {"id":1381,"date":"2016-06-14T00:01:05","date_gmt":"2016-06-13T22:01:05","guid":{"rendered":"https:\/\/zabnica.e-przedszkolak.eu\/?p=1381"},"modified":"2016-06-14T00:01:05","modified_gmt":"2016-06-13T22:01:05","slug":"dzien-dziecka","status":"publish","type":"post","link":"https:\/\/zabnica.e-przedszkolak.eu\/archiwum\/2016\/06\/14\/dzien-dziecka\/","title":{"rendered":"Dzie\u0144 Dziecka"},"content":{"rendered":"<p style=\"text-align: justify;\">Huczne obchody Dnia Dziecka w naszym przedszkolu odby\u0142y si\u0119 1 czerwca. Dla naszych przedszkolak\u00f3w w tym dniu by\u0142o wiele atrakcji &#8211; zabawy muzyczne, konkursy, zabawy zr\u0119czno\u015bciowe w ogrodzie przedszkolnym z chust\u0105 animacyjn\u0105, tunelem i balonami. Jak przysta\u0142o na Dzie\u0144 Dziecka nie zabrak\u0142o tak\u017ce s\u0142odkiego i zdrowego pocz\u0119stunku. Bardzo du\u017cym zainteresowaniem w\u015br\u00f3d dzieci cieszy\u0142o si\u0119 malowanie twarzy oraz ulubione dmuchanie baniek\u00a0 mydlanych. \u017byczymy wszystkim dzieciom &#8211; tym mniejszym i tym wi\u0119kszym &#8211; u\u015bmiechu od ucha do ucha \ud83d\ude42<!--more--><\/p>\n<p style=\"text-align: justify;\"><!-- index.php -->\n<div\n\tclass=\"ngg-galleryoverview\n\t ngg-ajax-pagination-none\t\"\n\tid=\"ngg-gallery-5f2647c717542ff045563d2a47ee8fcc-1\">\n\n\t\t\t<!-- Thumbnails -->\n\t\t\t\t<div id=\"ngg-image-0\" class=\"ngg-gallery-thumbnail-box\"\n\t\t\t\t\t\t\t\t\t\t\t>\n\t\t\t\t\t\t<div class=\"ngg-gallery-thumbnail\">\n\t\t\t<a href=\"https:\/\/zabnica.e-przedszkolak.eu\/archiwum\/wp-content\/gallery\/dzien-dziecka\/122_0842.jpg\"\n\t\t\t\ttitle=\"\"\n\t\t\t\tdata-src=\"https:\/\/zabnica.e-przedszkolak.eu\/archiwum\/wp-content\/gallery\/dzien-dziecka\/122_0842.jpg\"\n\t\t\t\tdata-thumbnail=\"https:\/\/zabnica.e-przedszkolak.eu\/archiwum\/wp-content\/gallery\/dzien-dziecka\/thumbs\/thumbs_122_0842.jpg\"\n\t\t\t\tdata-image-id=\"524\"\n\t\t\t\tdata-title=\"122_0842\"\n\t\t\t\tdata-description=\"\"\n\t\t\t\tdata-image-slug=\"122_0842\"\n\t\t\t\tclass=\"ngg-fancybox\" rel=\"5f2647c717542ff045563d2a47ee8fcc\">\n\t\t\t\t<img\n\t\t\t\t\ttitle=\"122_0842\"\n\t\t\t\t\talt=\"122_0842\"\n\t\t\t\t\tsrc=\"https:\/\/zabnica.e-przedszkolak.eu\/archiwum\/wp-content\/gallery\/dzien-dziecka\/thumbs\/thumbs_122_0842.jpg\"\n\t\t\t\t\twidth=\"240\"\n\t\t\t\t\theight=\"160\"\n\t\t\t\t\tstyle=\"max-width:100%;\"\n\t\t\t\t\/>\n\t\t\t<\/a>\n\t\t<\/div>\n\t\t\t\t\t\t\t<\/div>\n\t\t\t\n\t\t\t\t\t\t\t\n\t\t\t\t<div id=\"ngg-image-1\" class=\"ngg-gallery-thumbnail-box\"\n\t\t\t\t\t\t\t\t\t\t\t>\n\t\t\t\t\t\t<div class=\"ngg-gallery-thumbnail\">\n\t\t\t<a href=\"https:\/\/zabnica.e-przedszkolak.eu\/archiwum\/wp-content\/gallery\/dzien-dziecka\/122_0844.jpg\"\n\t\t\t\ttitle=\"\"\n\t\t\t\tdata-src=\"https:\/\/zabnica.e-przedszkolak.eu\/archiwum\/wp-content\/gallery\/dzien-dziecka\/122_0844.jpg\"\n\t\t\t\tdata-thumbnail=\"https:\/\/zabnica.e-przedszkolak.eu\/archiwum\/wp-content\/gallery\/dzien-dziecka\/thumbs\/thumbs_122_0844.jpg\"\n\t\t\t\tdata-image-id=\"525\"\n\t\t\t\tdata-title=\"122_0844\"\n\t\t\t\tdata-description=\"\"\n\t\t\t\tdata-image-slug=\"122_0844\"\n\t\t\t\tclass=\"ngg-fancybox\" rel=\"5f2647c717542ff045563d2a47ee8fcc\">\n\t\t\t\t<img\n\t\t\t\t\ttitle=\"122_0844\"\n\t\t\t\t\talt=\"122_0844\"\n\t\t\t\t\tsrc=\"https:\/\/zabnica.e-przedszkolak.eu\/archiwum\/wp-content\/gallery\/dzien-dziecka\/thumbs\/thumbs_122_0844.jpg\"\n\t\t\t\t\twidth=\"240\"\n\t\t\t\t\theight=\"160\"\n\t\t\t\t\tstyle=\"max-width:100%;\"\n\t\t\t\t\/>\n\t\t\t<\/a>\n\t\t<\/div>\n\t\t\t\t\t\t\t<\/div>\n\t\t\t\n\t\t\t\t\t\t\t\t\t<br style=\"clear: both\" \/>\n\t\t\t\t\t\n\t\t\t\t<div id=\"ngg-image-2\" class=\"ngg-gallery-thumbnail-box\"\n\t\t\t\t\t\t\t\t\t\t\t>\n\t\t\t\t\t\t<div class=\"ngg-gallery-thumbnail\">\n\t\t\t<a href=\"https:\/\/zabnica.e-przedszkolak.eu\/archiwum\/wp-content\/gallery\/dzien-dziecka\/122_0847.jpg\"\n\t\t\t\ttitle=\"\"\n\t\t\t\tdata-src=\"https:\/\/zabnica.e-przedszkolak.eu\/archiwum\/wp-content\/gallery\/dzien-dziecka\/122_0847.jpg\"\n\t\t\t\tdata-thumbnail=\"https:\/\/zabnica.e-przedszkolak.eu\/archiwum\/wp-content\/gallery\/dzien-dziecka\/thumbs\/thumbs_122_0847.jpg\"\n\t\t\t\tdata-image-id=\"526\"\n\t\t\t\tdata-title=\"122_0847\"\n\t\t\t\tdata-description=\"\"\n\t\t\t\tdata-image-slug=\"122_0847\"\n\t\t\t\tclass=\"ngg-fancybox\" rel=\"5f2647c717542ff045563d2a47ee8fcc\">\n\t\t\t\t<img\n\t\t\t\t\ttitle=\"122_0847\"\n\t\t\t\t\talt=\"122_0847\"\n\t\t\t\t\tsrc=\"https:\/\/zabnica.e-przedszkolak.eu\/archiwum\/wp-content\/gallery\/dzien-dziecka\/thumbs\/thumbs_122_0847.jpg\"\n\t\t\t\t\twidth=\"240\"\n\t\t\t\t\theight=\"160\"\n\t\t\t\t\tstyle=\"max-width:100%;\"\n\t\t\t\t\/>\n\t\t\t<\/a>\n\t\t<\/div>\n\t\t\t\t\t\t\t<\/div>\n\t\t\t\n\t\t\t\t\t\t\t\n\t\t\t\t<div id=\"ngg-image-3\" class=\"ngg-gallery-thumbnail-box\"\n\t\t\t\t\t\t\t\t\t\t\t>\n\t\t\t\t\t\t<div class=\"ngg-gallery-thumbnail\">\n\t\t\t<a href=\"https:\/\/zabnica.e-przedszkolak.eu\/archiwum\/wp-content\/gallery\/dzien-dziecka\/122_0848.jpg\"\n\t\t\t\ttitle=\"\"\n\t\t\t\tdata-src=\"https:\/\/zabnica.e-przedszkolak.eu\/archiwum\/wp-content\/gallery\/dzien-dziecka\/122_0848.jpg\"\n\t\t\t\tdata-thumbnail=\"https:\/\/zabnica.e-przedszkolak.eu\/archiwum\/wp-content\/gallery\/dzien-dziecka\/thumbs\/thumbs_122_0848.jpg\"\n\t\t\t\tdata-image-id=\"527\"\n\t\t\t\tdata-title=\"122_0848\"\n\t\t\t\tdata-description=\"\"\n\t\t\t\tdata-image-slug=\"122_0848\"\n\t\t\t\tclass=\"ngg-fancybox\" rel=\"5f2647c717542ff045563d2a47ee8fcc\">\n\t\t\t\t<img\n\t\t\t\t\ttitle=\"122_0848\"\n\t\t\t\t\talt=\"122_0848\"\n\t\t\t\t\tsrc=\"https:\/\/zabnica.e-przedszkolak.eu\/archiwum\/wp-content\/gallery\/dzien-dziecka\/thumbs\/thumbs_122_0848.jpg\"\n\t\t\t\t\twidth=\"240\"\n\t\t\t\t\theight=\"160\"\n\t\t\t\t\tstyle=\"max-width:100%;\"\n\t\t\t\t\/>\n\t\t\t<\/a>\n\t\t<\/div>\n\t\t\t\t\t\t\t<\/div>\n\t\t\t\n\t\t\t\t\t\t\t\t\t<br style=\"clear: both\" \/>\n\t\t\t\t\t\n\t\t\t\t<div id=\"ngg-image-4\" class=\"ngg-gallery-thumbnail-box\"\n\t\t\t\t\t\t\t\t\t\t\t>\n\t\t\t\t\t\t<div class=\"ngg-gallery-thumbnail\">\n\t\t\t<a href=\"https:\/\/zabnica.e-przedszkolak.eu\/archiwum\/wp-content\/gallery\/dzien-dziecka\/122_0849.jpg\"\n\t\t\t\ttitle=\"\"\n\t\t\t\tdata-src=\"https:\/\/zabnica.e-przedszkolak.eu\/archiwum\/wp-content\/gallery\/dzien-dziecka\/122_0849.jpg\"\n\t\t\t\tdata-thumbnail=\"https:\/\/zabnica.e-przedszkolak.eu\/archiwum\/wp-content\/gallery\/dzien-dziecka\/thumbs\/thumbs_122_0849.jpg\"\n\t\t\t\tdata-image-id=\"528\"\n\t\t\t\tdata-title=\"122_0849\"\n\t\t\t\tdata-description=\"\"\n\t\t\t\tdata-image-slug=\"122_0849\"\n\t\t\t\tclass=\"ngg-fancybox\" rel=\"5f2647c717542ff045563d2a47ee8fcc\">\n\t\t\t\t<img\n\t\t\t\t\ttitle=\"122_0849\"\n\t\t\t\t\talt=\"122_0849\"\n\t\t\t\t\tsrc=\"https:\/\/zabnica.e-przedszkolak.eu\/archiwum\/wp-content\/gallery\/dzien-dziecka\/thumbs\/thumbs_122_0849.jpg\"\n\t\t\t\t\twidth=\"240\"\n\t\t\t\t\theight=\"160\"\n\t\t\t\t\tstyle=\"max-width:100%;\"\n\t\t\t\t\/>\n\t\t\t<\/a>\n\t\t<\/div>\n\t\t\t\t\t\t\t<\/div>\n\t\t\t\n\t\t\t\t\t\t\t\n\t\t\t\t<div id=\"ngg-image-5\" class=\"ngg-gallery-thumbnail-box\"\n\t\t\t\t\t\t\t\t\t\t\t>\n\t\t\t\t\t\t<div class=\"ngg-gallery-thumbnail\">\n\t\t\t<a href=\"https:\/\/zabnica.e-przedszkolak.eu\/archiwum\/wp-content\/gallery\/dzien-dziecka\/122_0855.jpg\"\n\t\t\t\ttitle=\"\"\n\t\t\t\tdata-src=\"https:\/\/zabnica.e-przedszkolak.eu\/archiwum\/wp-content\/gallery\/dzien-dziecka\/122_0855.jpg\"\n\t\t\t\tdata-thumbnail=\"https:\/\/zabnica.e-przedszkolak.eu\/archiwum\/wp-content\/gallery\/dzien-dziecka\/thumbs\/thumbs_122_0855.jpg\"\n\t\t\t\tdata-image-id=\"529\"\n\t\t\t\tdata-title=\"122_0855\"\n\t\t\t\tdata-description=\"\"\n\t\t\t\tdata-image-slug=\"122_0855\"\n\t\t\t\tclass=\"ngg-fancybox\" rel=\"5f2647c717542ff045563d2a47ee8fcc\">\n\t\t\t\t<img\n\t\t\t\t\ttitle=\"122_0855\"\n\t\t\t\t\talt=\"122_0855\"\n\t\t\t\t\tsrc=\"https:\/\/zabnica.e-przedszkolak.eu\/archiwum\/wp-content\/gallery\/dzien-dziecka\/thumbs\/thumbs_122_0855.jpg\"\n\t\t\t\t\twidth=\"240\"\n\t\t\t\t\theight=\"160\"\n\t\t\t\t\tstyle=\"max-width:100%;\"\n\t\t\t\t\/>\n\t\t\t<\/a>\n\t\t<\/div>\n\t\t\t\t\t\t\t<\/div>\n\t\t\t\n\t\t\t\t\t\t\t\t\t<br style=\"clear: both\" \/>\n\t\t\t\t\t\n\t\t\t\t<div id=\"ngg-image-6\" class=\"ngg-gallery-thumbnail-box\"\n\t\t\t\t\t\t\t\t\t\t\t>\n\t\t\t\t\t\t<div class=\"ngg-gallery-thumbnail\">\n\t\t\t<a href=\"https:\/\/zabnica.e-przedszkolak.eu\/archiwum\/wp-content\/gallery\/dzien-dziecka\/122_0857.jpg\"\n\t\t\t\ttitle=\"\"\n\t\t\t\tdata-src=\"https:\/\/zabnica.e-przedszkolak.eu\/archiwum\/wp-content\/gallery\/dzien-dziecka\/122_0857.jpg\"\n\t\t\t\tdata-thumbnail=\"https:\/\/zabnica.e-przedszkolak.eu\/archiwum\/wp-content\/gallery\/dzien-dziecka\/thumbs\/thumbs_122_0857.jpg\"\n\t\t\t\tdata-image-id=\"530\"\n\t\t\t\tdata-title=\"122_0857\"\n\t\t\t\tdata-description=\"\"\n\t\t\t\tdata-image-slug=\"122_0857\"\n\t\t\t\tclass=\"ngg-fancybox\" rel=\"5f2647c717542ff045563d2a47ee8fcc\">\n\t\t\t\t<img\n\t\t\t\t\ttitle=\"122_0857\"\n\t\t\t\t\talt=\"122_0857\"\n\t\t\t\t\tsrc=\"https:\/\/zabnica.e-przedszkolak.eu\/archiwum\/wp-content\/gallery\/dzien-dziecka\/thumbs\/thumbs_122_0857.jpg\"\n\t\t\t\t\twidth=\"240\"\n\t\t\t\t\theight=\"160\"\n\t\t\t\t\tstyle=\"max-width:100%;\"\n\t\t\t\t\/>\n\t\t\t<\/a>\n\t\t<\/div>\n\t\t\t\t\t\t\t<\/div>\n\t\t\t\n\t\t\t\t\t\t\t\n\t\t\t\t<div id=\"ngg-image-7\" class=\"ngg-gallery-thumbnail-box\"\n\t\t\t\t\t\t\t\t\t\t\t>\n\t\t\t\t\t\t<div class=\"ngg-gallery-thumbnail\">\n\t\t\t<a href=\"https:\/\/zabnica.e-przedszkolak.eu\/archiwum\/wp-content\/gallery\/dzien-dziecka\/122_0866.jpg\"\n\t\t\t\ttitle=\"\"\n\t\t\t\tdata-src=\"https:\/\/zabnica.e-przedszkolak.eu\/archiwum\/wp-content\/gallery\/dzien-dziecka\/122_0866.jpg\"\n\t\t\t\tdata-thumbnail=\"https:\/\/zabnica.e-przedszkolak.eu\/archiwum\/wp-content\/gallery\/dzien-dziecka\/thumbs\/thumbs_122_0866.jpg\"\n\t\t\t\tdata-image-id=\"531\"\n\t\t\t\tdata-title=\"122_0866\"\n\t\t\t\tdata-description=\"\"\n\t\t\t\tdata-image-slug=\"122_0866\"\n\t\t\t\tclass=\"ngg-fancybox\" rel=\"5f2647c717542ff045563d2a47ee8fcc\">\n\t\t\t\t<img\n\t\t\t\t\ttitle=\"122_0866\"\n\t\t\t\t\talt=\"122_0866\"\n\t\t\t\t\tsrc=\"https:\/\/zabnica.e-przedszkolak.eu\/archiwum\/wp-content\/gallery\/dzien-dziecka\/thumbs\/thumbs_122_0866.jpg\"\n\t\t\t\t\twidth=\"240\"\n\t\t\t\t\theight=\"160\"\n\t\t\t\t\tstyle=\"max-width:100%;\"\n\t\t\t\t\/>\n\t\t\t<\/a>\n\t\t<\/div>\n\t\t\t\t\t\t\t<\/div>\n\t\t\t\n\t\t\t\t\t\t\t\t\t<br style=\"clear: both\" \/>\n\t\t\t\t\t\n\t\t\n\t\t<!-- Pagination -->\n\t\t<div class='ngg-navigation'><span class='current'>1<\/span>\n<a class='page-numbers' data-pageid='2' href='https:\/\/zabnica.e-przedszkolak.eu\/archiwum\/2016\/06\/14\/dzien-dziecka\/nggallery\/page\/2'>2<\/a>\n<span class='ellipsis'>...<\/span>\n<a class='page-numbers' data-pageid='4' href='https:\/\/zabnica.e-przedszkolak.eu\/archiwum\/2016\/06\/14\/dzien-dziecka\/nggallery\/page\/4'>4<\/a>\n<a class='prev' href='https:\/\/zabnica.e-przedszkolak.eu\/archiwum\/2016\/06\/14\/dzien-dziecka\/nggallery\/page\/2' data-pageid=2>&#9658;<\/a><\/div>\t<\/div>\n<\/p>\n","protected":false},"excerpt":{"rendered":"<p>Huczne obchody Dnia Dziecka w naszym przedszkolu odby\u0142y si\u0119 1 czerwca. Dla naszych przedszkolak\u00f3w w tym dniu by\u0142o wiele atrakcji &#8211; zabawy muzyczne, konkursy, zabawy zr\u0119czno\u015bciowe w ogrodzie przedszkolnym z chust\u0105 animacyjn\u0105, tunelem i balonami. Jak przysta\u0142o na Dzie\u0144 Dziecka nie zabrak\u0142o tak\u017ce s\u0142odkiego i zdrowego pocz\u0119stunku. Bardzo du\u017cym zainteresowaniem w\u015br\u00f3d dzieci cieszy\u0142o si\u0119 malowanie [&hellip;]<\/p>\n","protected":false},"author":2,"featured_media":1383,"comment_status":"open","ping_status":"open","sticky":false,"template":"","format":"standard","meta":{"ngg_post_thumbnail":0,"footnotes":""},"categories":[1],"tags":[],"class_list":["post-1381","post","type-post","status-publish","format-standard","has-post-thumbnail","hentry","category-bez-kategorii"],"_links":{"self":[{"href":"https:\/\/zabnica.e-przedszkolak.eu\/archiwum\/wp-json\/wp\/v2\/posts\/1381","targetHints":{"allow":["GET"]}}],"collection":[{"href":"https:\/\/zabnica.e-przedszkolak.eu\/archiwum\/wp-json\/wp\/v2\/posts"}],"about":[{"href":"https:\/\/zabnica.e-przedszkolak.eu\/archiwum\/wp-json\/wp\/v2\/types\/post"}],"author":[{"embeddable":true,"href":"https:\/\/zabnica.e-przedszkolak.eu\/archiwum\/wp-json\/wp\/v2\/users\/2"}],"replies":[{"embeddable":true,"href":"https:\/\/zabnica.e-przedszkolak.eu\/archiwum\/wp-json\/wp\/v2\/comments?post=1381"}],"version-history":[{"count":1,"href":"https:\/\/zabnica.e-przedszkolak.eu\/archiwum\/wp-json\/wp\/v2\/posts\/1381\/revisions"}],"predecessor-version":[{"id":1384,"href":"https:\/\/zabnica.e-przedszkolak.eu\/archiwum\/wp-json\/wp\/v2\/posts\/1381\/revisions\/1384"}],"wp:featuredmedia":[{"embeddable":true,"href":"https:\/\/zabnica.e-przedszkolak.eu\/archiwum\/wp-json\/wp\/v2\/media\/1383"}],"wp:attachment":[{"href":"https:\/\/zabnica.e-przedszkolak.eu\/archiwum\/wp-json\/wp\/v2\/media?parent=1381"}],"wp:term":[{"taxonomy":"category","embeddable":true,"href":"https:\/\/zabnica.e-przedszkolak.eu\/archiwum\/wp-json\/wp\/v2\/categories?post=1381"},{"taxonomy":"post_tag","embeddable":true,"href":"https:\/\/zabnica.e-przedszkolak.eu\/archiwum\/wp-json\/wp\/v2\/tags?post=1381"}],"curies":[{"name":"wp","href":"https:\/\/api.w.org\/{rel}","templated":true}]}}