 {"id":1720,"date":"2016-06-27T21:36:31","date_gmt":"2016-06-27T19:36:31","guid":{"rendered":"https:\/\/zabnica.e-przedszkolak.eu\/?p=1720"},"modified":"2016-06-27T21:39:42","modified_gmt":"2016-06-27T19:39:42","slug":"piknik-rodzinny","status":"publish","type":"post","link":"https:\/\/zabnica.e-przedszkolak.eu\/archiwum\/2016\/06\/27\/piknik-rodzinny\/","title":{"rendered":"Piknik rodzinny"},"content":{"rendered":"<p style=\"text-align: justify;\">Rodzina to \u015brodowisko szczeg\u00f3lne dla dziecka, a czas sp\u0119dzony z rodzicami jest bezcenny, dlatego w sobot\u0119 18 czerwca, na stadionie sportowym w \u017babnicy odby\u0142 si\u0119 pierwszy Piknik Rodzinny. Na pikniku integrowali si\u0119 rodzice, dziadkowie, dzieci, pracownicy przedszkola, rodzice i dzieci nowo przyj\u0119te oraz zaproszeni go\u015bcie.\u00a0<!--more--><\/p>\n<p><a href=\"https:\/\/zabnica.e-przedszkolak.eu\/archiwum\/wp-content\/uploads\/2016\/06\/piknik1.png\" rel=\"attachment wp-att-1721\"><img loading=\"lazy\" decoding=\"async\" class=\"size-medium wp-image-1721 aligncenter\" src=\"https:\/\/zabnica.e-przedszkolak.eu\/archiwum\/wp-content\/uploads\/2016\/06\/piknik1-300x194.png\" alt=\"piknik1\" width=\"300\" height=\"194\" srcset=\"https:\/\/zabnica.e-przedszkolak.eu\/archiwum\/wp-content\/uploads\/2016\/06\/piknik1-300x194.png 300w, https:\/\/zabnica.e-przedszkolak.eu\/archiwum\/wp-content\/uploads\/2016\/06\/piknik1.png 471w\" sizes=\"auto, (max-width: 300px) 100vw, 300px\" \/><\/a><\/p>\n<p style=\"text-align: justify;\">Celem imprezy by\u0142o stworzenie \u00a0okazji do\u00a0 wsp\u00f3lnych zabaw rodzic\u00f3w ze swoimi dzie\u0107mi, a tak\u017ce dostarczenie uczestnikom pikniku wielu okazji do rado\u015bci, \u015bmiechu i dobrego nastroju. Atmosfera by\u0142a wspania\u0142a, a pogoda nas rozpieszcza\u0142a. Piknik rozpocz\u0119\u0142a Pani Dyrektor serdecznie witaj\u0105c wszystkich zebranych go\u015bci. Fantastyczn\u0105 zabaw\u0119 zapewni\u0142:<\/p>\n<ul>\n<li>Wyst\u0119p dzieci ze wszystkich grup przedszkolnych.<\/li>\n<li>Zabawa z animatorami<\/li>\n<li>Wiele ciekawych atrakcji przygotowanych przez Harcerzy z W\u0119gierskiej G\u00f3rki, malowanie twarzy, modelowanie balon\u00f3w, strzelanie z \u0142uk\u00f3w itd.<\/li>\n<li>Malowanie farbami<\/li>\n<li>Sportowe rozgrywki<\/li>\n<li>Dmuchany zamek<\/li>\n<li>Przeja\u017cd\u017cka konna<\/li>\n<li>Pokaz stra\u017cak\u00f3w<\/li>\n<li>Zabawa z g\u00f3ralsk\u0105 kapel\u0105<\/li>\n<li>Kie\u0142baski i kaszanki z grilla, wiele pyszno\u015bci i s\u0142odko\u015bci, napoje oraz woda \u017bywiec Zdr\u00f3j i \u017bywiec Per\u0142a<\/li>\n<\/ul>\n<p style=\"text-align: justify;\">DZI\u0118KUJEMY<\/p>\n<p style=\"text-align: justify;\">Rodzicom ze wszystkich grup przedszkolnych za zaanga\u017cowanie, aktywn\u0105 i otwart\u0105 postaw\u0119, \u017cyczliwo\u015b\u0107, zrozumienie oraz ofiarno\u015b\u0107. To dzi\u0119ki Pa\u0144stwa pomocy uda\u0142o nam si\u0119 zorganizowa\u0107 tak mi\u0142\u0105 imprez\u0119.<\/p>\n<p><strong>PRAGNIEMY R\u00d3WNIE\u017b PODZI\u0118KOWA\u0106 SPONSOROM<\/strong><\/p>\n<p><!-- index.php -->\n<div\n\tclass=\"ngg-galleryoverview\n\t ngg-ajax-pagination-none\t\"\n\tid=\"ngg-gallery-c09d3d4622e515e60ba9b5c28c80992e-1\">\n\n\t\t\t<!-- Thumbnails -->\n\t\t\t\t<div id=\"ngg-image-0\" class=\"ngg-gallery-thumbnail-box\"\n\t\t\t\t\t\t\t\t\t\t\t>\n\t\t\t\t\t\t<div class=\"ngg-gallery-thumbnail\">\n\t\t\t<a href=\"https:\/\/zabnica.e-przedszkolak.eu\/archiwum\/wp-content\/gallery\/sponsorzy\/piknik2.png\"\n\t\t\t\ttitle=\"\"\n\t\t\t\tdata-src=\"https:\/\/zabnica.e-przedszkolak.eu\/archiwum\/wp-content\/gallery\/sponsorzy\/piknik2.png\"\n\t\t\t\tdata-thumbnail=\"https:\/\/zabnica.e-przedszkolak.eu\/archiwum\/wp-content\/gallery\/sponsorzy\/thumbs\/thumbs_piknik2.png\"\n\t\t\t\tdata-image-id=\"720\"\n\t\t\t\tdata-title=\"piknik2\"\n\t\t\t\tdata-description=\"\"\n\t\t\t\tdata-image-slug=\"piknik2\"\n\t\t\t\tclass=\"ngg-fancybox\" rel=\"c09d3d4622e515e60ba9b5c28c80992e\">\n\t\t\t\t<img\n\t\t\t\t\ttitle=\"piknik2\"\n\t\t\t\t\talt=\"piknik2\"\n\t\t\t\t\tsrc=\"https:\/\/zabnica.e-przedszkolak.eu\/archiwum\/wp-content\/gallery\/sponsorzy\/thumbs\/thumbs_piknik2.png\"\n\t\t\t\t\twidth=\"240\"\n\t\t\t\t\theight=\"160\"\n\t\t\t\t\tstyle=\"max-width:100%;\"\n\t\t\t\t\/>\n\t\t\t<\/a>\n\t\t<\/div>\n\t\t\t\t\t\t\t<\/div>\n\t\t\t\n\t\t\t\t\t\t\t\n\t\t\t\t<div id=\"ngg-image-1\" class=\"ngg-gallery-thumbnail-box\"\n\t\t\t\t\t\t\t\t\t\t\t>\n\t\t\t\t\t\t<div class=\"ngg-gallery-thumbnail\">\n\t\t\t<a href=\"https:\/\/zabnica.e-przedszkolak.eu\/archiwum\/wp-content\/gallery\/sponsorzy\/piknik3.png\"\n\t\t\t\ttitle=\"\"\n\t\t\t\tdata-src=\"https:\/\/zabnica.e-przedszkolak.eu\/archiwum\/wp-content\/gallery\/sponsorzy\/piknik3.png\"\n\t\t\t\tdata-thumbnail=\"https:\/\/zabnica.e-przedszkolak.eu\/archiwum\/wp-content\/gallery\/sponsorzy\/thumbs\/thumbs_piknik3.png\"\n\t\t\t\tdata-image-id=\"721\"\n\t\t\t\tdata-title=\"piknik3\"\n\t\t\t\tdata-description=\"\"\n\t\t\t\tdata-image-slug=\"piknik3\"\n\t\t\t\tclass=\"ngg-fancybox\" rel=\"c09d3d4622e515e60ba9b5c28c80992e\">\n\t\t\t\t<img\n\t\t\t\t\ttitle=\"piknik3\"\n\t\t\t\t\talt=\"piknik3\"\n\t\t\t\t\tsrc=\"https:\/\/zabnica.e-przedszkolak.eu\/archiwum\/wp-content\/gallery\/sponsorzy\/thumbs\/thumbs_piknik3.png\"\n\t\t\t\t\twidth=\"240\"\n\t\t\t\t\theight=\"160\"\n\t\t\t\t\tstyle=\"max-width:100%;\"\n\t\t\t\t\/>\n\t\t\t<\/a>\n\t\t<\/div>\n\t\t\t\t\t\t\t<\/div>\n\t\t\t\n\t\t\t\t\t\t\t\t\t<br style=\"clear: both\" \/>\n\t\t\t\t\t\n\t\t\t\t<div id=\"ngg-image-2\" class=\"ngg-gallery-thumbnail-box\"\n\t\t\t\t\t\t\t\t\t\t\t>\n\t\t\t\t\t\t<div class=\"ngg-gallery-thumbnail\">\n\t\t\t<a href=\"https:\/\/zabnica.e-przedszkolak.eu\/archiwum\/wp-content\/gallery\/sponsorzy\/piknik4.png\"\n\t\t\t\ttitle=\"\"\n\t\t\t\tdata-src=\"https:\/\/zabnica.e-przedszkolak.eu\/archiwum\/wp-content\/gallery\/sponsorzy\/piknik4.png\"\n\t\t\t\tdata-thumbnail=\"https:\/\/zabnica.e-przedszkolak.eu\/archiwum\/wp-content\/gallery\/sponsorzy\/thumbs\/thumbs_piknik4.png\"\n\t\t\t\tdata-image-id=\"722\"\n\t\t\t\tdata-title=\"piknik4\"\n\t\t\t\tdata-description=\"\"\n\t\t\t\tdata-image-slug=\"piknik4\"\n\t\t\t\tclass=\"ngg-fancybox\" rel=\"c09d3d4622e515e60ba9b5c28c80992e\">\n\t\t\t\t<img\n\t\t\t\t\ttitle=\"piknik4\"\n\t\t\t\t\talt=\"piknik4\"\n\t\t\t\t\tsrc=\"https:\/\/zabnica.e-przedszkolak.eu\/archiwum\/wp-content\/gallery\/sponsorzy\/thumbs\/thumbs_piknik4.png\"\n\t\t\t\t\twidth=\"240\"\n\t\t\t\t\theight=\"160\"\n\t\t\t\t\tstyle=\"max-width:100%;\"\n\t\t\t\t\/>\n\t\t\t<\/a>\n\t\t<\/div>\n\t\t\t\t\t\t\t<\/div>\n\t\t\t\n\t\t\t\t\t\t\t\n\t\t\n\t\t<!-- Pagination -->\n\t\t<div class='ngg-clear'><\/div>\t<\/div>\n<\/p>\n<hr \/>\n<p>&nbsp;<\/p>\n<p><em><strong>Zapraszamy do ogl\u0105dni\u0119cia galerii:<\/strong><\/em><\/p>\n<p><!-- index.php -->\n<div\n\tclass=\"ngg-galleryoverview\n\t ngg-ajax-pagination-none\t\"\n\tid=\"ngg-gallery-b9c1b10a512ba45cd17a1eef38f6b0ff-1\">\n\n\t\t\t<!-- Thumbnails -->\n\t\t\t\t<div id=\"ngg-image-0\" class=\"ngg-gallery-thumbnail-box\"\n\t\t\t\t\t\t\t\t\t\t\t>\n\t\t\t\t\t\t<div class=\"ngg-gallery-thumbnail\">\n\t\t\t<a href=\"https:\/\/zabnica.e-przedszkolak.eu\/archiwum\/wp-content\/gallery\/piknik\/FF2_5219.JPG\"\n\t\t\t\ttitle=\"????????????????????????????????????\"\n\t\t\t\tdata-src=\"https:\/\/zabnica.e-przedszkolak.eu\/archiwum\/wp-content\/gallery\/piknik\/FF2_5219.JPG\"\n\t\t\t\tdata-thumbnail=\"https:\/\/zabnica.e-przedszkolak.eu\/archiwum\/wp-content\/gallery\/piknik\/thumbs\/thumbs_FF2_5219.JPG\"\n\t\t\t\tdata-image-id=\"556\"\n\t\t\t\tdata-title=\"FF2_5219\"\n\t\t\t\tdata-description=\"????????????????????????????????????\"\n\t\t\t\tdata-image-slug=\"ff2_5219\"\n\t\t\t\tclass=\"ngg-fancybox\" rel=\"b9c1b10a512ba45cd17a1eef38f6b0ff\">\n\t\t\t\t<img\n\t\t\t\t\ttitle=\"FF2_5219\"\n\t\t\t\t\talt=\"FF2_5219\"\n\t\t\t\t\tsrc=\"https:\/\/zabnica.e-przedszkolak.eu\/archiwum\/wp-content\/gallery\/piknik\/thumbs\/thumbs_FF2_5219.JPG\"\n\t\t\t\t\twidth=\"240\"\n\t\t\t\t\theight=\"160\"\n\t\t\t\t\tstyle=\"max-width:100%;\"\n\t\t\t\t\/>\n\t\t\t<\/a>\n\t\t<\/div>\n\t\t\t\t\t\t\t<\/div>\n\t\t\t\n\t\t\t\t\t\t\t\n\t\t\t\t<div id=\"ngg-image-1\" class=\"ngg-gallery-thumbnail-box\"\n\t\t\t\t\t\t\t\t\t\t\t>\n\t\t\t\t\t\t<div class=\"ngg-gallery-thumbnail\">\n\t\t\t<a href=\"https:\/\/zabnica.e-przedszkolak.eu\/archiwum\/wp-content\/gallery\/piknik\/FF2_5226.JPG\"\n\t\t\t\ttitle=\"????????????????????????????????????\"\n\t\t\t\tdata-src=\"https:\/\/zabnica.e-przedszkolak.eu\/archiwum\/wp-content\/gallery\/piknik\/FF2_5226.JPG\"\n\t\t\t\tdata-thumbnail=\"https:\/\/zabnica.e-przedszkolak.eu\/archiwum\/wp-content\/gallery\/piknik\/thumbs\/thumbs_FF2_5226.JPG\"\n\t\t\t\tdata-image-id=\"557\"\n\t\t\t\tdata-title=\"FF2_5226\"\n\t\t\t\tdata-description=\"????????????????????????????????????\"\n\t\t\t\tdata-image-slug=\"ff2_5226\"\n\t\t\t\tclass=\"ngg-fancybox\" rel=\"b9c1b10a512ba45cd17a1eef38f6b0ff\">\n\t\t\t\t<img\n\t\t\t\t\ttitle=\"FF2_5226\"\n\t\t\t\t\talt=\"FF2_5226\"\n\t\t\t\t\tsrc=\"https:\/\/zabnica.e-przedszkolak.eu\/archiwum\/wp-content\/gallery\/piknik\/thumbs\/thumbs_FF2_5226.JPG\"\n\t\t\t\t\twidth=\"240\"\n\t\t\t\t\theight=\"160\"\n\t\t\t\t\tstyle=\"max-width:100%;\"\n\t\t\t\t\/>\n\t\t\t<\/a>\n\t\t<\/div>\n\t\t\t\t\t\t\t<\/div>\n\t\t\t\n\t\t\t\t\t\t\t\t\t<br style=\"clear: both\" \/>\n\t\t\t\t\t\n\t\t\t\t<div id=\"ngg-image-2\" class=\"ngg-gallery-thumbnail-box\"\n\t\t\t\t\t\t\t\t\t\t\t>\n\t\t\t\t\t\t<div class=\"ngg-gallery-thumbnail\">\n\t\t\t<a href=\"https:\/\/zabnica.e-przedszkolak.eu\/archiwum\/wp-content\/gallery\/piknik\/FF2_5227.JPG\"\n\t\t\t\ttitle=\"????????????????????????????????????\"\n\t\t\t\tdata-src=\"https:\/\/zabnica.e-przedszkolak.eu\/archiwum\/wp-content\/gallery\/piknik\/FF2_5227.JPG\"\n\t\t\t\tdata-thumbnail=\"https:\/\/zabnica.e-przedszkolak.eu\/archiwum\/wp-content\/gallery\/piknik\/thumbs\/thumbs_FF2_5227.JPG\"\n\t\t\t\tdata-image-id=\"558\"\n\t\t\t\tdata-title=\"FF2_5227\"\n\t\t\t\tdata-description=\"????????????????????????????????????\"\n\t\t\t\tdata-image-slug=\"ff2_5227\"\n\t\t\t\tclass=\"ngg-fancybox\" rel=\"b9c1b10a512ba45cd17a1eef38f6b0ff\">\n\t\t\t\t<img\n\t\t\t\t\ttitle=\"FF2_5227\"\n\t\t\t\t\talt=\"FF2_5227\"\n\t\t\t\t\tsrc=\"https:\/\/zabnica.e-przedszkolak.eu\/archiwum\/wp-content\/gallery\/piknik\/thumbs\/thumbs_FF2_5227.JPG\"\n\t\t\t\t\twidth=\"240\"\n\t\t\t\t\theight=\"160\"\n\t\t\t\t\tstyle=\"max-width:100%;\"\n\t\t\t\t\/>\n\t\t\t<\/a>\n\t\t<\/div>\n\t\t\t\t\t\t\t<\/div>\n\t\t\t\n\t\t\t\t\t\t\t\n\t\t\t\t<div id=\"ngg-image-3\" class=\"ngg-gallery-thumbnail-box\"\n\t\t\t\t\t\t\t\t\t\t\t>\n\t\t\t\t\t\t<div class=\"ngg-gallery-thumbnail\">\n\t\t\t<a href=\"https:\/\/zabnica.e-przedszkolak.eu\/archiwum\/wp-content\/gallery\/piknik\/FF2_5229.JPG\"\n\t\t\t\ttitle=\"????????????????????????????????????\"\n\t\t\t\tdata-src=\"https:\/\/zabnica.e-przedszkolak.eu\/archiwum\/wp-content\/gallery\/piknik\/FF2_5229.JPG\"\n\t\t\t\tdata-thumbnail=\"https:\/\/zabnica.e-przedszkolak.eu\/archiwum\/wp-content\/gallery\/piknik\/thumbs\/thumbs_FF2_5229.JPG\"\n\t\t\t\tdata-image-id=\"559\"\n\t\t\t\tdata-title=\"FF2_5229\"\n\t\t\t\tdata-description=\"????????????????????????????????????\"\n\t\t\t\tdata-image-slug=\"ff2_5229\"\n\t\t\t\tclass=\"ngg-fancybox\" rel=\"b9c1b10a512ba45cd17a1eef38f6b0ff\">\n\t\t\t\t<img\n\t\t\t\t\ttitle=\"FF2_5229\"\n\t\t\t\t\talt=\"FF2_5229\"\n\t\t\t\t\tsrc=\"https:\/\/zabnica.e-przedszkolak.eu\/archiwum\/wp-content\/gallery\/piknik\/thumbs\/thumbs_FF2_5229.JPG\"\n\t\t\t\t\twidth=\"240\"\n\t\t\t\t\theight=\"160\"\n\t\t\t\t\tstyle=\"max-width:100%;\"\n\t\t\t\t\/>\n\t\t\t<\/a>\n\t\t<\/div>\n\t\t\t\t\t\t\t<\/div>\n\t\t\t\n\t\t\t\t\t\t\t\t\t<br style=\"clear: both\" \/>\n\t\t\t\t\t\n\t\t\t\t<div id=\"ngg-image-4\" class=\"ngg-gallery-thumbnail-box\"\n\t\t\t\t\t\t\t\t\t\t\t>\n\t\t\t\t\t\t<div class=\"ngg-gallery-thumbnail\">\n\t\t\t<a href=\"https:\/\/zabnica.e-przedszkolak.eu\/archiwum\/wp-content\/gallery\/piknik\/FF2_5231.JPG\"\n\t\t\t\ttitle=\"????????????????????????????????????\"\n\t\t\t\tdata-src=\"https:\/\/zabnica.e-przedszkolak.eu\/archiwum\/wp-content\/gallery\/piknik\/FF2_5231.JPG\"\n\t\t\t\tdata-thumbnail=\"https:\/\/zabnica.e-przedszkolak.eu\/archiwum\/wp-content\/gallery\/piknik\/thumbs\/thumbs_FF2_5231.JPG\"\n\t\t\t\tdata-image-id=\"560\"\n\t\t\t\tdata-title=\"FF2_5231\"\n\t\t\t\tdata-description=\"????????????????????????????????????\"\n\t\t\t\tdata-image-slug=\"ff2_5231\"\n\t\t\t\tclass=\"ngg-fancybox\" rel=\"b9c1b10a512ba45cd17a1eef38f6b0ff\">\n\t\t\t\t<img\n\t\t\t\t\ttitle=\"FF2_5231\"\n\t\t\t\t\talt=\"FF2_5231\"\n\t\t\t\t\tsrc=\"https:\/\/zabnica.e-przedszkolak.eu\/archiwum\/wp-content\/gallery\/piknik\/thumbs\/thumbs_FF2_5231.JPG\"\n\t\t\t\t\twidth=\"240\"\n\t\t\t\t\theight=\"160\"\n\t\t\t\t\tstyle=\"max-width:100%;\"\n\t\t\t\t\/>\n\t\t\t<\/a>\n\t\t<\/div>\n\t\t\t\t\t\t\t<\/div>\n\t\t\t\n\t\t\t\t\t\t\t\n\t\t\t\t<div id=\"ngg-image-5\" class=\"ngg-gallery-thumbnail-box\"\n\t\t\t\t\t\t\t\t\t\t\t>\n\t\t\t\t\t\t<div class=\"ngg-gallery-thumbnail\">\n\t\t\t<a href=\"https:\/\/zabnica.e-przedszkolak.eu\/archiwum\/wp-content\/gallery\/piknik\/FF2_5232.JPG\"\n\t\t\t\ttitle=\"????????????????????????????????????\"\n\t\t\t\tdata-src=\"https:\/\/zabnica.e-przedszkolak.eu\/archiwum\/wp-content\/gallery\/piknik\/FF2_5232.JPG\"\n\t\t\t\tdata-thumbnail=\"https:\/\/zabnica.e-przedszkolak.eu\/archiwum\/wp-content\/gallery\/piknik\/thumbs\/thumbs_FF2_5232.JPG\"\n\t\t\t\tdata-image-id=\"561\"\n\t\t\t\tdata-title=\"FF2_5232\"\n\t\t\t\tdata-description=\"????????????????????????????????????\"\n\t\t\t\tdata-image-slug=\"ff2_5232\"\n\t\t\t\tclass=\"ngg-fancybox\" rel=\"b9c1b10a512ba45cd17a1eef38f6b0ff\">\n\t\t\t\t<img\n\t\t\t\t\ttitle=\"FF2_5232\"\n\t\t\t\t\talt=\"FF2_5232\"\n\t\t\t\t\tsrc=\"https:\/\/zabnica.e-przedszkolak.eu\/archiwum\/wp-content\/gallery\/piknik\/thumbs\/thumbs_FF2_5232.JPG\"\n\t\t\t\t\twidth=\"240\"\n\t\t\t\t\theight=\"160\"\n\t\t\t\t\tstyle=\"max-width:100%;\"\n\t\t\t\t\/>\n\t\t\t<\/a>\n\t\t<\/div>\n\t\t\t\t\t\t\t<\/div>\n\t\t\t\n\t\t\t\t\t\t\t\t\t<br style=\"clear: both\" \/>\n\t\t\t\t\t\n\t\t\t\t<div id=\"ngg-image-6\" class=\"ngg-gallery-thumbnail-box\"\n\t\t\t\t\t\t\t\t\t\t\t>\n\t\t\t\t\t\t<div class=\"ngg-gallery-thumbnail\">\n\t\t\t<a href=\"https:\/\/zabnica.e-przedszkolak.eu\/archiwum\/wp-content\/gallery\/piknik\/FF2_5234.JPG\"\n\t\t\t\ttitle=\"????????????????????????????????????\"\n\t\t\t\tdata-src=\"https:\/\/zabnica.e-przedszkolak.eu\/archiwum\/wp-content\/gallery\/piknik\/FF2_5234.JPG\"\n\t\t\t\tdata-thumbnail=\"https:\/\/zabnica.e-przedszkolak.eu\/archiwum\/wp-content\/gallery\/piknik\/thumbs\/thumbs_FF2_5234.JPG\"\n\t\t\t\tdata-image-id=\"562\"\n\t\t\t\tdata-title=\"FF2_5234\"\n\t\t\t\tdata-description=\"????????????????????????????????????\"\n\t\t\t\tdata-image-slug=\"ff2_5234\"\n\t\t\t\tclass=\"ngg-fancybox\" rel=\"b9c1b10a512ba45cd17a1eef38f6b0ff\">\n\t\t\t\t<img\n\t\t\t\t\ttitle=\"FF2_5234\"\n\t\t\t\t\talt=\"FF2_5234\"\n\t\t\t\t\tsrc=\"https:\/\/zabnica.e-przedszkolak.eu\/archiwum\/wp-content\/gallery\/piknik\/thumbs\/thumbs_FF2_5234.JPG\"\n\t\t\t\t\twidth=\"240\"\n\t\t\t\t\theight=\"160\"\n\t\t\t\t\tstyle=\"max-width:100%;\"\n\t\t\t\t\/>\n\t\t\t<\/a>\n\t\t<\/div>\n\t\t\t\t\t\t\t<\/div>\n\t\t\t\n\t\t\t\t\t\t\t\n\t\t\t\t<div id=\"ngg-image-7\" class=\"ngg-gallery-thumbnail-box\"\n\t\t\t\t\t\t\t\t\t\t\t>\n\t\t\t\t\t\t<div class=\"ngg-gallery-thumbnail\">\n\t\t\t<a href=\"https:\/\/zabnica.e-przedszkolak.eu\/archiwum\/wp-content\/gallery\/piknik\/FF2_5235.JPG\"\n\t\t\t\ttitle=\"????????????????????????????????????\"\n\t\t\t\tdata-src=\"https:\/\/zabnica.e-przedszkolak.eu\/archiwum\/wp-content\/gallery\/piknik\/FF2_5235.JPG\"\n\t\t\t\tdata-thumbnail=\"https:\/\/zabnica.e-przedszkolak.eu\/archiwum\/wp-content\/gallery\/piknik\/thumbs\/thumbs_FF2_5235.JPG\"\n\t\t\t\tdata-image-id=\"563\"\n\t\t\t\tdata-title=\"FF2_5235\"\n\t\t\t\tdata-description=\"????????????????????????????????????\"\n\t\t\t\tdata-image-slug=\"ff2_5235\"\n\t\t\t\tclass=\"ngg-fancybox\" rel=\"b9c1b10a512ba45cd17a1eef38f6b0ff\">\n\t\t\t\t<img\n\t\t\t\t\ttitle=\"FF2_5235\"\n\t\t\t\t\talt=\"FF2_5235\"\n\t\t\t\t\tsrc=\"https:\/\/zabnica.e-przedszkolak.eu\/archiwum\/wp-content\/gallery\/piknik\/thumbs\/thumbs_FF2_5235.JPG\"\n\t\t\t\t\twidth=\"240\"\n\t\t\t\t\theight=\"160\"\n\t\t\t\t\tstyle=\"max-width:100%;\"\n\t\t\t\t\/>\n\t\t\t<\/a>\n\t\t<\/div>\n\t\t\t\t\t\t\t<\/div>\n\t\t\t\n\t\t\t\t\t\t\t\t\t<br style=\"clear: both\" \/>\n\t\t\t\t\t\n\t\t\n\t\t<!-- Pagination -->\n\t\t<div class='ngg-navigation'><span class='current'>1<\/span>\n<a class='page-numbers' data-pageid='2' href='https:\/\/zabnica.e-przedszkolak.eu\/archiwum\/2016\/06\/27\/piknik-rodzinny\/nggallery\/page\/2'>2<\/a>\n<span class='ellipsis'>...<\/span>\n<a class='page-numbers' data-pageid='21' href='https:\/\/zabnica.e-przedszkolak.eu\/archiwum\/2016\/06\/27\/piknik-rodzinny\/nggallery\/page\/21'>21<\/a>\n<a class='prev' href='https:\/\/zabnica.e-przedszkolak.eu\/archiwum\/2016\/06\/27\/piknik-rodzinny\/nggallery\/page\/2' data-pageid=2>&#9658;<\/a><\/div>\t<\/div>\n<\/p>\n","protected":false},"excerpt":{"rendered":"<p>Rodzina to \u015brodowisko szczeg\u00f3lne dla dziecka, a czas sp\u0119dzony z rodzicami jest bezcenny, dlatego w sobot\u0119 18 czerwca, na stadionie sportowym w \u017babnicy odby\u0142 si\u0119 pierwszy Piknik Rodzinny. Na pikniku integrowali si\u0119 rodzice, dziadkowie, dzieci, pracownicy przedszkola, rodzice i dzieci nowo przyj\u0119te oraz zaproszeni go\u015bcie.\u00a0<\/p>\n","protected":false},"author":2,"featured_media":1726,"comment_status":"open","ping_status":"open","sticky":false,"template":"","format":"standard","meta":{"ngg_post_thumbnail":0,"footnotes":""},"categories":[1],"tags":[],"class_list":["post-1720","post","type-post","status-publish","format-standard","has-post-thumbnail","hentry","category-bez-kategorii"],"_links":{"self":[{"href":"https:\/\/zabnica.e-przedszkolak.eu\/archiwum\/wp-json\/wp\/v2\/posts\/1720","targetHints":{"allow":["GET"]}}],"collection":[{"href":"https:\/\/zabnica.e-przedszkolak.eu\/archiwum\/wp-json\/wp\/v2\/posts"}],"about":[{"href":"https:\/\/zabnica.e-przedszkolak.eu\/archiwum\/wp-json\/wp\/v2\/types\/post"}],"author":[{"embeddable":true,"href":"https:\/\/zabnica.e-przedszkolak.eu\/archiwum\/wp-json\/wp\/v2\/users\/2"}],"replies":[{"embeddable":true,"href":"https:\/\/zabnica.e-przedszkolak.eu\/archiwum\/wp-json\/wp\/v2\/comments?post=1720"}],"version-history":[{"count":4,"href":"https:\/\/zabnica.e-przedszkolak.eu\/archiwum\/wp-json\/wp\/v2\/posts\/1720\/revisions"}],"predecessor-version":[{"id":1739,"href":"https:\/\/zabnica.e-przedszkolak.eu\/archiwum\/wp-json\/wp\/v2\/posts\/1720\/revisions\/1739"}],"wp:featuredmedia":[{"embeddable":true,"href":"https:\/\/zabnica.e-przedszkolak.eu\/archiwum\/wp-json\/wp\/v2\/media\/1726"}],"wp:attachment":[{"href":"https:\/\/zabnica.e-przedszkolak.eu\/archiwum\/wp-json\/wp\/v2\/media?parent=1720"}],"wp:term":[{"taxonomy":"category","embeddable":true,"href":"https:\/\/zabnica.e-przedszkolak.eu\/archiwum\/wp-json\/wp\/v2\/categories?post=1720"},{"taxonomy":"post_tag","embeddable":true,"href":"https:\/\/zabnica.e-przedszkolak.eu\/archiwum\/wp-json\/wp\/v2\/tags?post=1720"}],"curies":[{"name":"wp","href":"https:\/\/api.w.org\/{rel}","templated":true}]}}