 {"id":1766,"date":"2016-07-04T22:09:24","date_gmt":"2016-07-04T20:09:24","guid":{"rendered":"https:\/\/zabnica.e-przedszkolak.eu\/?p=1766"},"modified":"2016-07-04T22:09:24","modified_gmt":"2016-07-04T20:09:24","slug":"muzyczna-podroz-po-unii-europejskiej","status":"publish","type":"post","link":"https:\/\/zabnica.e-przedszkolak.eu\/archiwum\/2016\/07\/04\/muzyczna-podroz-po-unii-europejskiej\/","title":{"rendered":"Muzyczna podr\u00f3\u017c po Unii Europejskiej"},"content":{"rendered":"<p style=\"text-align: justify;\">Arty\u015bci \u201ezabrali\u201d dzieci w muzyczn\u0105 podr\u00f3\u017c po krajach Unii Europejskiej. Zabrzmia\u0142a muzyka m. in.\u00a0z\u00a0 W\u0119gier, Francji, Hiszpanii oraz z Polski. Muzycy pokazali dzieciom flagi oraz charakterystyczne przedmioty poszczeg\u00f3lnych kraj\u00f3w Unii Europejskiej. Przedszkolaki bardzo aktywnie uczestniczy\u0142y w przygotowanym programie.<!--more--><\/p>\n<p style=\"text-align: justify;\"><!-- index.php -->\n<div\n\tclass=\"ngg-galleryoverview\n\t ngg-ajax-pagination-none\t\"\n\tid=\"ngg-gallery-b228a7552e85da99612cff26190aa51f-1\">\n\n\t\t\t<!-- Thumbnails -->\n\t\t\t\t<div id=\"ngg-image-0\" class=\"ngg-gallery-thumbnail-box\"\n\t\t\t\t\t\t\t\t\t\t\t>\n\t\t\t\t\t\t<div class=\"ngg-gallery-thumbnail\">\n\t\t\t<a href=\"https:\/\/zabnica.e-przedszkolak.eu\/archiwum\/wp-content\/gallery\/artysci-zabrali-dzieci-w-muzyczna-podroz-po-krajach-unii-europejskiej-zabrzmiala-muzyka-m-in-z-wegier-francji-hiszpanii-oraz-z-polski-muzycy-pokazali-dzieciom-flagi-oraz-charak\/122_0817.jpg\"\n\t\t\t\ttitle=\"\"\n\t\t\t\tdata-src=\"https:\/\/zabnica.e-przedszkolak.eu\/archiwum\/wp-content\/gallery\/artysci-zabrali-dzieci-w-muzyczna-podroz-po-krajach-unii-europejskiej-zabrzmiala-muzyka-m-in-z-wegier-francji-hiszpanii-oraz-z-polski-muzycy-pokazali-dzieciom-flagi-oraz-charak\/122_0817.jpg\"\n\t\t\t\tdata-thumbnail=\"https:\/\/zabnica.e-przedszkolak.eu\/archiwum\/wp-content\/gallery\/artysci-zabrali-dzieci-w-muzyczna-podroz-po-krajach-unii-europejskiej-zabrzmiala-muzyka-m-in-z-wegier-francji-hiszpanii-oraz-z-polski-muzycy-pokazali-dzieciom-flagi-oraz-charak\/thumbs\/thumbs_122_0817.jpg\"\n\t\t\t\tdata-image-id=\"733\"\n\t\t\t\tdata-title=\"122_0817\"\n\t\t\t\tdata-description=\"\"\n\t\t\t\tdata-image-slug=\"122_0817\"\n\t\t\t\tclass=\"ngg-fancybox\" rel=\"b228a7552e85da99612cff26190aa51f\">\n\t\t\t\t<img\n\t\t\t\t\ttitle=\"122_0817\"\n\t\t\t\t\talt=\"122_0817\"\n\t\t\t\t\tsrc=\"https:\/\/zabnica.e-przedszkolak.eu\/archiwum\/wp-content\/gallery\/artysci-zabrali-dzieci-w-muzyczna-podroz-po-krajach-unii-europejskiej-zabrzmiala-muzyka-m-in-z-wegier-francji-hiszpanii-oraz-z-polski-muzycy-pokazali-dzieciom-flagi-oraz-charak\/thumbs\/thumbs_122_0817.jpg\"\n\t\t\t\t\twidth=\"240\"\n\t\t\t\t\theight=\"160\"\n\t\t\t\t\tstyle=\"max-width:100%;\"\n\t\t\t\t\/>\n\t\t\t<\/a>\n\t\t<\/div>\n\t\t\t\t\t\t\t<\/div>\n\t\t\t\n\t\t\t\t\t\t\t\n\t\t\t\t<div id=\"ngg-image-1\" class=\"ngg-gallery-thumbnail-box\"\n\t\t\t\t\t\t\t\t\t\t\t>\n\t\t\t\t\t\t<div class=\"ngg-gallery-thumbnail\">\n\t\t\t<a href=\"https:\/\/zabnica.e-przedszkolak.eu\/archiwum\/wp-content\/gallery\/artysci-zabrali-dzieci-w-muzyczna-podroz-po-krajach-unii-europejskiej-zabrzmiala-muzyka-m-in-z-wegier-francji-hiszpanii-oraz-z-polski-muzycy-pokazali-dzieciom-flagi-oraz-charak\/122_0818.jpg\"\n\t\t\t\ttitle=\"\"\n\t\t\t\tdata-src=\"https:\/\/zabnica.e-przedszkolak.eu\/archiwum\/wp-content\/gallery\/artysci-zabrali-dzieci-w-muzyczna-podroz-po-krajach-unii-europejskiej-zabrzmiala-muzyka-m-in-z-wegier-francji-hiszpanii-oraz-z-polski-muzycy-pokazali-dzieciom-flagi-oraz-charak\/122_0818.jpg\"\n\t\t\t\tdata-thumbnail=\"https:\/\/zabnica.e-przedszkolak.eu\/archiwum\/wp-content\/gallery\/artysci-zabrali-dzieci-w-muzyczna-podroz-po-krajach-unii-europejskiej-zabrzmiala-muzyka-m-in-z-wegier-francji-hiszpanii-oraz-z-polski-muzycy-pokazali-dzieciom-flagi-oraz-charak\/thumbs\/thumbs_122_0818.jpg\"\n\t\t\t\tdata-image-id=\"734\"\n\t\t\t\tdata-title=\"122_0818\"\n\t\t\t\tdata-description=\"\"\n\t\t\t\tdata-image-slug=\"122_0818\"\n\t\t\t\tclass=\"ngg-fancybox\" rel=\"b228a7552e85da99612cff26190aa51f\">\n\t\t\t\t<img\n\t\t\t\t\ttitle=\"122_0818\"\n\t\t\t\t\talt=\"122_0818\"\n\t\t\t\t\tsrc=\"https:\/\/zabnica.e-przedszkolak.eu\/archiwum\/wp-content\/gallery\/artysci-zabrali-dzieci-w-muzyczna-podroz-po-krajach-unii-europejskiej-zabrzmiala-muzyka-m-in-z-wegier-francji-hiszpanii-oraz-z-polski-muzycy-pokazali-dzieciom-flagi-oraz-charak\/thumbs\/thumbs_122_0818.jpg\"\n\t\t\t\t\twidth=\"240\"\n\t\t\t\t\theight=\"160\"\n\t\t\t\t\tstyle=\"max-width:100%;\"\n\t\t\t\t\/>\n\t\t\t<\/a>\n\t\t<\/div>\n\t\t\t\t\t\t\t<\/div>\n\t\t\t\n\t\t\t\t\t\t\t\t\t<br style=\"clear: both\" \/>\n\t\t\t\t\t\n\t\t\t\t<div id=\"ngg-image-2\" class=\"ngg-gallery-thumbnail-box\"\n\t\t\t\t\t\t\t\t\t\t\t>\n\t\t\t\t\t\t<div class=\"ngg-gallery-thumbnail\">\n\t\t\t<a href=\"https:\/\/zabnica.e-przedszkolak.eu\/archiwum\/wp-content\/gallery\/artysci-zabrali-dzieci-w-muzyczna-podroz-po-krajach-unii-europejskiej-zabrzmiala-muzyka-m-in-z-wegier-francji-hiszpanii-oraz-z-polski-muzycy-pokazali-dzieciom-flagi-oraz-charak\/122_0825.jpg\"\n\t\t\t\ttitle=\"\"\n\t\t\t\tdata-src=\"https:\/\/zabnica.e-przedszkolak.eu\/archiwum\/wp-content\/gallery\/artysci-zabrali-dzieci-w-muzyczna-podroz-po-krajach-unii-europejskiej-zabrzmiala-muzyka-m-in-z-wegier-francji-hiszpanii-oraz-z-polski-muzycy-pokazali-dzieciom-flagi-oraz-charak\/122_0825.jpg\"\n\t\t\t\tdata-thumbnail=\"https:\/\/zabnica.e-przedszkolak.eu\/archiwum\/wp-content\/gallery\/artysci-zabrali-dzieci-w-muzyczna-podroz-po-krajach-unii-europejskiej-zabrzmiala-muzyka-m-in-z-wegier-francji-hiszpanii-oraz-z-polski-muzycy-pokazali-dzieciom-flagi-oraz-charak\/thumbs\/thumbs_122_0825.jpg\"\n\t\t\t\tdata-image-id=\"735\"\n\t\t\t\tdata-title=\"122_0825\"\n\t\t\t\tdata-description=\"\"\n\t\t\t\tdata-image-slug=\"122_0825\"\n\t\t\t\tclass=\"ngg-fancybox\" rel=\"b228a7552e85da99612cff26190aa51f\">\n\t\t\t\t<img\n\t\t\t\t\ttitle=\"122_0825\"\n\t\t\t\t\talt=\"122_0825\"\n\t\t\t\t\tsrc=\"https:\/\/zabnica.e-przedszkolak.eu\/archiwum\/wp-content\/gallery\/artysci-zabrali-dzieci-w-muzyczna-podroz-po-krajach-unii-europejskiej-zabrzmiala-muzyka-m-in-z-wegier-francji-hiszpanii-oraz-z-polski-muzycy-pokazali-dzieciom-flagi-oraz-charak\/thumbs\/thumbs_122_0825.jpg\"\n\t\t\t\t\twidth=\"240\"\n\t\t\t\t\theight=\"160\"\n\t\t\t\t\tstyle=\"max-width:100%;\"\n\t\t\t\t\/>\n\t\t\t<\/a>\n\t\t<\/div>\n\t\t\t\t\t\t\t<\/div>\n\t\t\t\n\t\t\t\t\t\t\t\n\t\t\t\t<div id=\"ngg-image-3\" class=\"ngg-gallery-thumbnail-box\"\n\t\t\t\t\t\t\t\t\t\t\t>\n\t\t\t\t\t\t<div class=\"ngg-gallery-thumbnail\">\n\t\t\t<a href=\"https:\/\/zabnica.e-przedszkolak.eu\/archiwum\/wp-content\/gallery\/artysci-zabrali-dzieci-w-muzyczna-podroz-po-krajach-unii-europejskiej-zabrzmiala-muzyka-m-in-z-wegier-francji-hiszpanii-oraz-z-polski-muzycy-pokazali-dzieciom-flagi-oraz-charak\/122_0829.jpg\"\n\t\t\t\ttitle=\"\"\n\t\t\t\tdata-src=\"https:\/\/zabnica.e-przedszkolak.eu\/archiwum\/wp-content\/gallery\/artysci-zabrali-dzieci-w-muzyczna-podroz-po-krajach-unii-europejskiej-zabrzmiala-muzyka-m-in-z-wegier-francji-hiszpanii-oraz-z-polski-muzycy-pokazali-dzieciom-flagi-oraz-charak\/122_0829.jpg\"\n\t\t\t\tdata-thumbnail=\"https:\/\/zabnica.e-przedszkolak.eu\/archiwum\/wp-content\/gallery\/artysci-zabrali-dzieci-w-muzyczna-podroz-po-krajach-unii-europejskiej-zabrzmiala-muzyka-m-in-z-wegier-francji-hiszpanii-oraz-z-polski-muzycy-pokazali-dzieciom-flagi-oraz-charak\/thumbs\/thumbs_122_0829.jpg\"\n\t\t\t\tdata-image-id=\"736\"\n\t\t\t\tdata-title=\"122_0829\"\n\t\t\t\tdata-description=\"\"\n\t\t\t\tdata-image-slug=\"122_0829\"\n\t\t\t\tclass=\"ngg-fancybox\" rel=\"b228a7552e85da99612cff26190aa51f\">\n\t\t\t\t<img\n\t\t\t\t\ttitle=\"122_0829\"\n\t\t\t\t\talt=\"122_0829\"\n\t\t\t\t\tsrc=\"https:\/\/zabnica.e-przedszkolak.eu\/archiwum\/wp-content\/gallery\/artysci-zabrali-dzieci-w-muzyczna-podroz-po-krajach-unii-europejskiej-zabrzmiala-muzyka-m-in-z-wegier-francji-hiszpanii-oraz-z-polski-muzycy-pokazali-dzieciom-flagi-oraz-charak\/thumbs\/thumbs_122_0829.jpg\"\n\t\t\t\t\twidth=\"240\"\n\t\t\t\t\theight=\"160\"\n\t\t\t\t\tstyle=\"max-width:100%;\"\n\t\t\t\t\/>\n\t\t\t<\/a>\n\t\t<\/div>\n\t\t\t\t\t\t\t<\/div>\n\t\t\t\n\t\t\t\t\t\t\t\t\t<br style=\"clear: both\" \/>\n\t\t\t\t\t\n\t\t\t\t<div id=\"ngg-image-4\" class=\"ngg-gallery-thumbnail-box\"\n\t\t\t\t\t\t\t\t\t\t\t>\n\t\t\t\t\t\t<div class=\"ngg-gallery-thumbnail\">\n\t\t\t<a href=\"https:\/\/zabnica.e-przedszkolak.eu\/archiwum\/wp-content\/gallery\/artysci-zabrali-dzieci-w-muzyczna-podroz-po-krajach-unii-europejskiej-zabrzmiala-muzyka-m-in-z-wegier-francji-hiszpanii-oraz-z-polski-muzycy-pokazali-dzieciom-flagi-oraz-charak\/122_0836.jpg\"\n\t\t\t\ttitle=\"\"\n\t\t\t\tdata-src=\"https:\/\/zabnica.e-przedszkolak.eu\/archiwum\/wp-content\/gallery\/artysci-zabrali-dzieci-w-muzyczna-podroz-po-krajach-unii-europejskiej-zabrzmiala-muzyka-m-in-z-wegier-francji-hiszpanii-oraz-z-polski-muzycy-pokazali-dzieciom-flagi-oraz-charak\/122_0836.jpg\"\n\t\t\t\tdata-thumbnail=\"https:\/\/zabnica.e-przedszkolak.eu\/archiwum\/wp-content\/gallery\/artysci-zabrali-dzieci-w-muzyczna-podroz-po-krajach-unii-europejskiej-zabrzmiala-muzyka-m-in-z-wegier-francji-hiszpanii-oraz-z-polski-muzycy-pokazali-dzieciom-flagi-oraz-charak\/thumbs\/thumbs_122_0836.jpg\"\n\t\t\t\tdata-image-id=\"737\"\n\t\t\t\tdata-title=\"122_0836\"\n\t\t\t\tdata-description=\"\"\n\t\t\t\tdata-image-slug=\"122_0836\"\n\t\t\t\tclass=\"ngg-fancybox\" rel=\"b228a7552e85da99612cff26190aa51f\">\n\t\t\t\t<img\n\t\t\t\t\ttitle=\"122_0836\"\n\t\t\t\t\talt=\"122_0836\"\n\t\t\t\t\tsrc=\"https:\/\/zabnica.e-przedszkolak.eu\/archiwum\/wp-content\/gallery\/artysci-zabrali-dzieci-w-muzyczna-podroz-po-krajach-unii-europejskiej-zabrzmiala-muzyka-m-in-z-wegier-francji-hiszpanii-oraz-z-polski-muzycy-pokazali-dzieciom-flagi-oraz-charak\/thumbs\/thumbs_122_0836.jpg\"\n\t\t\t\t\twidth=\"240\"\n\t\t\t\t\theight=\"160\"\n\t\t\t\t\tstyle=\"max-width:100%;\"\n\t\t\t\t\/>\n\t\t\t<\/a>\n\t\t<\/div>\n\t\t\t\t\t\t\t<\/div>\n\t\t\t\n\t\t\t\t\t\t\t\n\t\t\t\t<div id=\"ngg-image-5\" class=\"ngg-gallery-thumbnail-box\"\n\t\t\t\t\t\t\t\t\t\t\t>\n\t\t\t\t\t\t<div class=\"ngg-gallery-thumbnail\">\n\t\t\t<a href=\"https:\/\/zabnica.e-przedszkolak.eu\/archiwum\/wp-content\/gallery\/artysci-zabrali-dzieci-w-muzyczna-podroz-po-krajach-unii-europejskiej-zabrzmiala-muzyka-m-in-z-wegier-francji-hiszpanii-oraz-z-polski-muzycy-pokazali-dzieciom-flagi-oraz-charak\/hhhhh.jpg\"\n\t\t\t\ttitle=\"\"\n\t\t\t\tdata-src=\"https:\/\/zabnica.e-przedszkolak.eu\/archiwum\/wp-content\/gallery\/artysci-zabrali-dzieci-w-muzyczna-podroz-po-krajach-unii-europejskiej-zabrzmiala-muzyka-m-in-z-wegier-francji-hiszpanii-oraz-z-polski-muzycy-pokazali-dzieciom-flagi-oraz-charak\/hhhhh.jpg\"\n\t\t\t\tdata-thumbnail=\"https:\/\/zabnica.e-przedszkolak.eu\/archiwum\/wp-content\/gallery\/artysci-zabrali-dzieci-w-muzyczna-podroz-po-krajach-unii-europejskiej-zabrzmiala-muzyka-m-in-z-wegier-francji-hiszpanii-oraz-z-polski-muzycy-pokazali-dzieciom-flagi-oraz-charak\/thumbs\/thumbs_hhhhh.jpg\"\n\t\t\t\tdata-image-id=\"738\"\n\t\t\t\tdata-title=\"hhhhh\"\n\t\t\t\tdata-description=\"\"\n\t\t\t\tdata-image-slug=\"hhhhh\"\n\t\t\t\tclass=\"ngg-fancybox\" rel=\"b228a7552e85da99612cff26190aa51f\">\n\t\t\t\t<img\n\t\t\t\t\ttitle=\"hhhhh\"\n\t\t\t\t\talt=\"hhhhh\"\n\t\t\t\t\tsrc=\"https:\/\/zabnica.e-przedszkolak.eu\/archiwum\/wp-content\/gallery\/artysci-zabrali-dzieci-w-muzyczna-podroz-po-krajach-unii-europejskiej-zabrzmiala-muzyka-m-in-z-wegier-francji-hiszpanii-oraz-z-polski-muzycy-pokazali-dzieciom-flagi-oraz-charak\/thumbs\/thumbs_hhhhh.jpg\"\n\t\t\t\t\twidth=\"240\"\n\t\t\t\t\theight=\"160\"\n\t\t\t\t\tstyle=\"max-width:100%;\"\n\t\t\t\t\/>\n\t\t\t<\/a>\n\t\t<\/div>\n\t\t\t\t\t\t\t<\/div>\n\t\t\t\n\t\t\t\t\t\t\t\t\t<br style=\"clear: both\" \/>\n\t\t\t\t\t\n\t\t\n\t\t<!-- Pagination -->\n\t\t<div class='ngg-clear'><\/div>\t<\/div>\n<\/p>\n","protected":false},"excerpt":{"rendered":"<p>Arty\u015bci \u201ezabrali\u201d dzieci w muzyczn\u0105 podr\u00f3\u017c po krajach Unii Europejskiej. Zabrzmia\u0142a muzyka m. in.\u00a0z\u00a0 W\u0119gier, Francji, Hiszpanii oraz z Polski. Muzycy pokazali dzieciom flagi oraz charakterystyczne przedmioty poszczeg\u00f3lnych kraj\u00f3w Unii Europejskiej. Przedszkolaki bardzo aktywnie uczestniczy\u0142y w przygotowanym programie.<\/p>\n","protected":false},"author":2,"featured_media":1782,"comment_status":"open","ping_status":"open","sticky":false,"template":"","format":"standard","meta":{"ngg_post_thumbnail":0,"footnotes":""},"categories":[1],"tags":[],"class_list":["post-1766","post","type-post","status-publish","format-standard","has-post-thumbnail","hentry","category-bez-kategorii"],"_links":{"self":[{"href":"https:\/\/zabnica.e-przedszkolak.eu\/archiwum\/wp-json\/wp\/v2\/posts\/1766","targetHints":{"allow":["GET"]}}],"collection":[{"href":"https:\/\/zabnica.e-przedszkolak.eu\/archiwum\/wp-json\/wp\/v2\/posts"}],"about":[{"href":"https:\/\/zabnica.e-przedszkolak.eu\/archiwum\/wp-json\/wp\/v2\/types\/post"}],"author":[{"embeddable":true,"href":"https:\/\/zabnica.e-przedszkolak.eu\/archiwum\/wp-json\/wp\/v2\/users\/2"}],"replies":[{"embeddable":true,"href":"https:\/\/zabnica.e-przedszkolak.eu\/archiwum\/wp-json\/wp\/v2\/comments?post=1766"}],"version-history":[{"count":1,"href":"https:\/\/zabnica.e-przedszkolak.eu\/archiwum\/wp-json\/wp\/v2\/posts\/1766\/revisions"}],"predecessor-version":[{"id":1783,"href":"https:\/\/zabnica.e-przedszkolak.eu\/archiwum\/wp-json\/wp\/v2\/posts\/1766\/revisions\/1783"}],"wp:featuredmedia":[{"embeddable":true,"href":"https:\/\/zabnica.e-przedszkolak.eu\/archiwum\/wp-json\/wp\/v2\/media\/1782"}],"wp:attachment":[{"href":"https:\/\/zabnica.e-przedszkolak.eu\/archiwum\/wp-json\/wp\/v2\/media?parent=1766"}],"wp:term":[{"taxonomy":"category","embeddable":true,"href":"https:\/\/zabnica.e-przedszkolak.eu\/archiwum\/wp-json\/wp\/v2\/categories?post=1766"},{"taxonomy":"post_tag","embeddable":true,"href":"https:\/\/zabnica.e-przedszkolak.eu\/archiwum\/wp-json\/wp\/v2\/tags?post=1766"}],"curies":[{"name":"wp","href":"https:\/\/api.w.org\/{rel}","templated":true}]}}