 {"id":1825,"date":"2016-07-24T22:58:23","date_gmt":"2016-07-24T20:58:23","guid":{"rendered":"https:\/\/zabnica.e-przedszkolak.eu\/?p=1825"},"modified":"2016-07-24T22:58:23","modified_gmt":"2016-07-24T20:58:23","slug":"konkurs-recytatorski-poeci-dzieciom","status":"publish","type":"post","link":"https:\/\/zabnica.e-przedszkolak.eu\/archiwum\/2016\/07\/24\/konkurs-recytatorski-poeci-dzieciom\/","title":{"rendered":"Konkurs recytatorski Poeci dzieciom"},"content":{"rendered":"<p style=\"text-align: justify;\">Kilkoro dzieci z naszego przedszkola wzi\u0119\u0142o udzia\u0142 w konkursie recytatorski \u201ePoeci dzieciom\u201d organizowanym przez Przedszkole w Ci\u015bcu. Konkurs sprzyja\u0142 popularyzacji w\u015br\u00f3d dzieci utwor\u00f3w literackich. Dostarczy\u0142 dzieciom wiele dozna\u0144 estetycznych i emocjonalnych wyp\u0142ywaj\u0105cych z pi\u0119kna utwor\u00f3w literackich. <!--more-->Cieszymy si\u0119, \u017ce przedszkolaki mog\u0142y kszta\u0142towa\u0107 swoj\u0105 wra\u017cliwo\u015b\u0107 na pi\u0119kno j\u0119zyka ojczystego i rozwija\u0107 zdolno\u015bci recytatorskie.<\/p>\n<p style=\"text-align: justify;\"><!-- index.php -->\n<div\n\tclass=\"ngg-galleryoverview\n\t ngg-ajax-pagination-none\t\"\n\tid=\"ngg-gallery-729a5173f27facfe167089c630227c90-1\">\n\n\t\t\t<!-- Thumbnails -->\n\t\t\t\t<div id=\"ngg-image-0\" class=\"ngg-gallery-thumbnail-box\"\n\t\t\t\t\t\t\t\t\t\t\t>\n\t\t\t\t\t\t<div class=\"ngg-gallery-thumbnail\">\n\t\t\t<a href=\"https:\/\/zabnica.e-przedszkolak.eu\/archiwum\/wp-content\/gallery\/poeci-dzieciom\/DSC01938.JPG\"\n\t\t\t\ttitle=\"\"\n\t\t\t\tdata-src=\"https:\/\/zabnica.e-przedszkolak.eu\/archiwum\/wp-content\/gallery\/poeci-dzieciom\/DSC01938.JPG\"\n\t\t\t\tdata-thumbnail=\"https:\/\/zabnica.e-przedszkolak.eu\/archiwum\/wp-content\/gallery\/poeci-dzieciom\/thumbs\/thumbs_DSC01938.JPG\"\n\t\t\t\tdata-image-id=\"753\"\n\t\t\t\tdata-title=\"DSC01938\"\n\t\t\t\tdata-description=\"\"\n\t\t\t\tdata-image-slug=\"dsc01938\"\n\t\t\t\tclass=\"ngg-fancybox\" rel=\"729a5173f27facfe167089c630227c90\">\n\t\t\t\t<img\n\t\t\t\t\ttitle=\"DSC01938\"\n\t\t\t\t\talt=\"DSC01938\"\n\t\t\t\t\tsrc=\"https:\/\/zabnica.e-przedszkolak.eu\/archiwum\/wp-content\/gallery\/poeci-dzieciom\/thumbs\/thumbs_DSC01938.JPG\"\n\t\t\t\t\twidth=\"240\"\n\t\t\t\t\theight=\"160\"\n\t\t\t\t\tstyle=\"max-width:100%;\"\n\t\t\t\t\/>\n\t\t\t<\/a>\n\t\t<\/div>\n\t\t\t\t\t\t\t<\/div>\n\t\t\t\n\t\t\t\t\t\t\t\n\t\t\t\t<div id=\"ngg-image-1\" class=\"ngg-gallery-thumbnail-box\"\n\t\t\t\t\t\t\t\t\t\t\t>\n\t\t\t\t\t\t<div class=\"ngg-gallery-thumbnail\">\n\t\t\t<a href=\"https:\/\/zabnica.e-przedszkolak.eu\/archiwum\/wp-content\/gallery\/poeci-dzieciom\/DSC01939.JPG\"\n\t\t\t\ttitle=\"\"\n\t\t\t\tdata-src=\"https:\/\/zabnica.e-przedszkolak.eu\/archiwum\/wp-content\/gallery\/poeci-dzieciom\/DSC01939.JPG\"\n\t\t\t\tdata-thumbnail=\"https:\/\/zabnica.e-przedszkolak.eu\/archiwum\/wp-content\/gallery\/poeci-dzieciom\/thumbs\/thumbs_DSC01939.JPG\"\n\t\t\t\tdata-image-id=\"754\"\n\t\t\t\tdata-title=\"DSC01939\"\n\t\t\t\tdata-description=\"\"\n\t\t\t\tdata-image-slug=\"dsc01939\"\n\t\t\t\tclass=\"ngg-fancybox\" rel=\"729a5173f27facfe167089c630227c90\">\n\t\t\t\t<img\n\t\t\t\t\ttitle=\"DSC01939\"\n\t\t\t\t\talt=\"DSC01939\"\n\t\t\t\t\tsrc=\"https:\/\/zabnica.e-przedszkolak.eu\/archiwum\/wp-content\/gallery\/poeci-dzieciom\/thumbs\/thumbs_DSC01939.JPG\"\n\t\t\t\t\twidth=\"240\"\n\t\t\t\t\theight=\"160\"\n\t\t\t\t\tstyle=\"max-width:100%;\"\n\t\t\t\t\/>\n\t\t\t<\/a>\n\t\t<\/div>\n\t\t\t\t\t\t\t<\/div>\n\t\t\t\n\t\t\t\t\t\t\t\t\t<br style=\"clear: both\" \/>\n\t\t\t\t\t\n\t\t\t\t<div id=\"ngg-image-2\" class=\"ngg-gallery-thumbnail-box\"\n\t\t\t\t\t\t\t\t\t\t\t>\n\t\t\t\t\t\t<div class=\"ngg-gallery-thumbnail\">\n\t\t\t<a href=\"https:\/\/zabnica.e-przedszkolak.eu\/archiwum\/wp-content\/gallery\/poeci-dzieciom\/DSC01955.JPG\"\n\t\t\t\ttitle=\"\"\n\t\t\t\tdata-src=\"https:\/\/zabnica.e-przedszkolak.eu\/archiwum\/wp-content\/gallery\/poeci-dzieciom\/DSC01955.JPG\"\n\t\t\t\tdata-thumbnail=\"https:\/\/zabnica.e-przedszkolak.eu\/archiwum\/wp-content\/gallery\/poeci-dzieciom\/thumbs\/thumbs_DSC01955.JPG\"\n\t\t\t\tdata-image-id=\"755\"\n\t\t\t\tdata-title=\"DSC01955\"\n\t\t\t\tdata-description=\"\"\n\t\t\t\tdata-image-slug=\"dsc01955\"\n\t\t\t\tclass=\"ngg-fancybox\" rel=\"729a5173f27facfe167089c630227c90\">\n\t\t\t\t<img\n\t\t\t\t\ttitle=\"DSC01955\"\n\t\t\t\t\talt=\"DSC01955\"\n\t\t\t\t\tsrc=\"https:\/\/zabnica.e-przedszkolak.eu\/archiwum\/wp-content\/gallery\/poeci-dzieciom\/thumbs\/thumbs_DSC01955.JPG\"\n\t\t\t\t\twidth=\"240\"\n\t\t\t\t\theight=\"160\"\n\t\t\t\t\tstyle=\"max-width:100%;\"\n\t\t\t\t\/>\n\t\t\t<\/a>\n\t\t<\/div>\n\t\t\t\t\t\t\t<\/div>\n\t\t\t\n\t\t\t\t\t\t\t\n\t\t\t\t<div id=\"ngg-image-3\" class=\"ngg-gallery-thumbnail-box\"\n\t\t\t\t\t\t\t\t\t\t\t>\n\t\t\t\t\t\t<div class=\"ngg-gallery-thumbnail\">\n\t\t\t<a href=\"https:\/\/zabnica.e-przedszkolak.eu\/archiwum\/wp-content\/gallery\/poeci-dzieciom\/DSC01957.JPG\"\n\t\t\t\ttitle=\"\"\n\t\t\t\tdata-src=\"https:\/\/zabnica.e-przedszkolak.eu\/archiwum\/wp-content\/gallery\/poeci-dzieciom\/DSC01957.JPG\"\n\t\t\t\tdata-thumbnail=\"https:\/\/zabnica.e-przedszkolak.eu\/archiwum\/wp-content\/gallery\/poeci-dzieciom\/thumbs\/thumbs_DSC01957.JPG\"\n\t\t\t\tdata-image-id=\"756\"\n\t\t\t\tdata-title=\"DSC01957\"\n\t\t\t\tdata-description=\"\"\n\t\t\t\tdata-image-slug=\"dsc01957\"\n\t\t\t\tclass=\"ngg-fancybox\" rel=\"729a5173f27facfe167089c630227c90\">\n\t\t\t\t<img\n\t\t\t\t\ttitle=\"DSC01957\"\n\t\t\t\t\talt=\"DSC01957\"\n\t\t\t\t\tsrc=\"https:\/\/zabnica.e-przedszkolak.eu\/archiwum\/wp-content\/gallery\/poeci-dzieciom\/thumbs\/thumbs_DSC01957.JPG\"\n\t\t\t\t\twidth=\"240\"\n\t\t\t\t\theight=\"160\"\n\t\t\t\t\tstyle=\"max-width:100%;\"\n\t\t\t\t\/>\n\t\t\t<\/a>\n\t\t<\/div>\n\t\t\t\t\t\t\t<\/div>\n\t\t\t\n\t\t\t\t\t\t\t\t\t<br style=\"clear: both\" \/>\n\t\t\t\t\t\n\t\t\t\t<div id=\"ngg-image-4\" class=\"ngg-gallery-thumbnail-box\"\n\t\t\t\t\t\t\t\t\t\t\t>\n\t\t\t\t\t\t<div class=\"ngg-gallery-thumbnail\">\n\t\t\t<a href=\"https:\/\/zabnica.e-przedszkolak.eu\/archiwum\/wp-content\/gallery\/poeci-dzieciom\/DSC01961.JPG\"\n\t\t\t\ttitle=\"\"\n\t\t\t\tdata-src=\"https:\/\/zabnica.e-przedszkolak.eu\/archiwum\/wp-content\/gallery\/poeci-dzieciom\/DSC01961.JPG\"\n\t\t\t\tdata-thumbnail=\"https:\/\/zabnica.e-przedszkolak.eu\/archiwum\/wp-content\/gallery\/poeci-dzieciom\/thumbs\/thumbs_DSC01961.JPG\"\n\t\t\t\tdata-image-id=\"757\"\n\t\t\t\tdata-title=\"DSC01961\"\n\t\t\t\tdata-description=\"\"\n\t\t\t\tdata-image-slug=\"dsc01961\"\n\t\t\t\tclass=\"ngg-fancybox\" rel=\"729a5173f27facfe167089c630227c90\">\n\t\t\t\t<img\n\t\t\t\t\ttitle=\"DSC01961\"\n\t\t\t\t\talt=\"DSC01961\"\n\t\t\t\t\tsrc=\"https:\/\/zabnica.e-przedszkolak.eu\/archiwum\/wp-content\/gallery\/poeci-dzieciom\/thumbs\/thumbs_DSC01961.JPG\"\n\t\t\t\t\twidth=\"240\"\n\t\t\t\t\theight=\"160\"\n\t\t\t\t\tstyle=\"max-width:100%;\"\n\t\t\t\t\/>\n\t\t\t<\/a>\n\t\t<\/div>\n\t\t\t\t\t\t\t<\/div>\n\t\t\t\n\t\t\t\t\t\t\t\n\t\t\t\t<div id=\"ngg-image-5\" class=\"ngg-gallery-thumbnail-box\"\n\t\t\t\t\t\t\t\t\t\t\t>\n\t\t\t\t\t\t<div class=\"ngg-gallery-thumbnail\">\n\t\t\t<a href=\"https:\/\/zabnica.e-przedszkolak.eu\/archiwum\/wp-content\/gallery\/poeci-dzieciom\/DSC01993.JPG\"\n\t\t\t\ttitle=\"\"\n\t\t\t\tdata-src=\"https:\/\/zabnica.e-przedszkolak.eu\/archiwum\/wp-content\/gallery\/poeci-dzieciom\/DSC01993.JPG\"\n\t\t\t\tdata-thumbnail=\"https:\/\/zabnica.e-przedszkolak.eu\/archiwum\/wp-content\/gallery\/poeci-dzieciom\/thumbs\/thumbs_DSC01993.JPG\"\n\t\t\t\tdata-image-id=\"758\"\n\t\t\t\tdata-title=\"DSC01993\"\n\t\t\t\tdata-description=\"\"\n\t\t\t\tdata-image-slug=\"dsc01993\"\n\t\t\t\tclass=\"ngg-fancybox\" rel=\"729a5173f27facfe167089c630227c90\">\n\t\t\t\t<img\n\t\t\t\t\ttitle=\"DSC01993\"\n\t\t\t\t\talt=\"DSC01993\"\n\t\t\t\t\tsrc=\"https:\/\/zabnica.e-przedszkolak.eu\/archiwum\/wp-content\/gallery\/poeci-dzieciom\/thumbs\/thumbs_DSC01993.JPG\"\n\t\t\t\t\twidth=\"240\"\n\t\t\t\t\theight=\"160\"\n\t\t\t\t\tstyle=\"max-width:100%;\"\n\t\t\t\t\/>\n\t\t\t<\/a>\n\t\t<\/div>\n\t\t\t\t\t\t\t<\/div>\n\t\t\t\n\t\t\t\t\t\t\t\t\t<br style=\"clear: both\" \/>\n\t\t\t\t\t\n\t\t\n\t\t<!-- Pagination -->\n\t\t<div class='ngg-clear'><\/div>\t<\/div>\n<\/p>\n","protected":false},"excerpt":{"rendered":"<p>Kilkoro dzieci z naszego przedszkola wzi\u0119\u0142o udzia\u0142 w konkursie recytatorski \u201ePoeci dzieciom\u201d organizowanym przez Przedszkole w Ci\u015bcu. Konkurs sprzyja\u0142 popularyzacji w\u015br\u00f3d dzieci utwor\u00f3w literackich. Dostarczy\u0142 dzieciom wiele dozna\u0144 estetycznych i emocjonalnych wyp\u0142ywaj\u0105cych z pi\u0119kna utwor\u00f3w literackich.<\/p>\n","protected":false},"author":2,"featured_media":1841,"comment_status":"open","ping_status":"open","sticky":false,"template":"","format":"standard","meta":{"ngg_post_thumbnail":0,"footnotes":""},"categories":[1],"tags":[],"class_list":["post-1825","post","type-post","status-publish","format-standard","has-post-thumbnail","hentry","category-bez-kategorii"],"_links":{"self":[{"href":"https:\/\/zabnica.e-przedszkolak.eu\/archiwum\/wp-json\/wp\/v2\/posts\/1825","targetHints":{"allow":["GET"]}}],"collection":[{"href":"https:\/\/zabnica.e-przedszkolak.eu\/archiwum\/wp-json\/wp\/v2\/posts"}],"about":[{"href":"https:\/\/zabnica.e-przedszkolak.eu\/archiwum\/wp-json\/wp\/v2\/types\/post"}],"author":[{"embeddable":true,"href":"https:\/\/zabnica.e-przedszkolak.eu\/archiwum\/wp-json\/wp\/v2\/users\/2"}],"replies":[{"embeddable":true,"href":"https:\/\/zabnica.e-przedszkolak.eu\/archiwum\/wp-json\/wp\/v2\/comments?post=1825"}],"version-history":[{"count":1,"href":"https:\/\/zabnica.e-przedszkolak.eu\/archiwum\/wp-json\/wp\/v2\/posts\/1825\/revisions"}],"predecessor-version":[{"id":1842,"href":"https:\/\/zabnica.e-przedszkolak.eu\/archiwum\/wp-json\/wp\/v2\/posts\/1825\/revisions\/1842"}],"wp:featuredmedia":[{"embeddable":true,"href":"https:\/\/zabnica.e-przedszkolak.eu\/archiwum\/wp-json\/wp\/v2\/media\/1841"}],"wp:attachment":[{"href":"https:\/\/zabnica.e-przedszkolak.eu\/archiwum\/wp-json\/wp\/v2\/media?parent=1825"}],"wp:term":[{"taxonomy":"category","embeddable":true,"href":"https:\/\/zabnica.e-przedszkolak.eu\/archiwum\/wp-json\/wp\/v2\/categories?post=1825"},{"taxonomy":"post_tag","embeddable":true,"href":"https:\/\/zabnica.e-przedszkolak.eu\/archiwum\/wp-json\/wp\/v2\/tags?post=1825"}],"curies":[{"name":"wp","href":"https:\/\/api.w.org\/{rel}","templated":true}]}}