 {"id":1843,"date":"2016-07-24T23:03:35","date_gmt":"2016-07-24T21:03:35","guid":{"rendered":"https:\/\/zabnica.e-przedszkolak.eu\/?p=1843"},"modified":"2016-07-24T23:03:35","modified_gmt":"2016-07-24T21:03:35","slug":"spotkanie-z-magikiem","status":"publish","type":"post","link":"https:\/\/zabnica.e-przedszkolak.eu\/archiwum\/2016\/07\/24\/spotkanie-z-magikiem\/","title":{"rendered":"Spotkanie z magikiem"},"content":{"rendered":"<p>Przedszkolaki wzi\u0119\u0142y udzia\u0142 w spotkaniu z magikiem. A oto pami\u0105tkowe zdj\u0119cia z tego\u00a0wydarzenia.<!--more--><\/p>\n<p><!-- index.php -->\n<div\n\tclass=\"ngg-galleryoverview\n\t ngg-ajax-pagination-none\t\"\n\tid=\"ngg-gallery-808f3f2ef3a83e6c56d39897bf4d291a-1\">\n\n\t\t\t<!-- Thumbnails -->\n\t\t\t\t<div id=\"ngg-image-0\" class=\"ngg-gallery-thumbnail-box\"\n\t\t\t\t\t\t\t\t\t\t\t>\n\t\t\t\t\t\t<div class=\"ngg-gallery-thumbnail\">\n\t\t\t<a href=\"https:\/\/zabnica.e-przedszkolak.eu\/archiwum\/wp-content\/gallery\/spotkanie-z-magikiem\/IMG_8504.JPG\"\n\t\t\t\ttitle=\"\"\n\t\t\t\tdata-src=\"https:\/\/zabnica.e-przedszkolak.eu\/archiwum\/wp-content\/gallery\/spotkanie-z-magikiem\/IMG_8504.JPG\"\n\t\t\t\tdata-thumbnail=\"https:\/\/zabnica.e-przedszkolak.eu\/archiwum\/wp-content\/gallery\/spotkanie-z-magikiem\/thumbs\/thumbs_IMG_8504.JPG\"\n\t\t\t\tdata-image-id=\"759\"\n\t\t\t\tdata-title=\"IMG_8504\"\n\t\t\t\tdata-description=\"\"\n\t\t\t\tdata-image-slug=\"img_8504\"\n\t\t\t\tclass=\"ngg-fancybox\" rel=\"808f3f2ef3a83e6c56d39897bf4d291a\">\n\t\t\t\t<img\n\t\t\t\t\ttitle=\"IMG_8504\"\n\t\t\t\t\talt=\"IMG_8504\"\n\t\t\t\t\tsrc=\"https:\/\/zabnica.e-przedszkolak.eu\/archiwum\/wp-content\/gallery\/spotkanie-z-magikiem\/thumbs\/thumbs_IMG_8504.JPG\"\n\t\t\t\t\twidth=\"240\"\n\t\t\t\t\theight=\"160\"\n\t\t\t\t\tstyle=\"max-width:100%;\"\n\t\t\t\t\/>\n\t\t\t<\/a>\n\t\t<\/div>\n\t\t\t\t\t\t\t<\/div>\n\t\t\t\n\t\t\t\t\t\t\t\n\t\t\t\t<div id=\"ngg-image-1\" class=\"ngg-gallery-thumbnail-box\"\n\t\t\t\t\t\t\t\t\t\t\t>\n\t\t\t\t\t\t<div class=\"ngg-gallery-thumbnail\">\n\t\t\t<a href=\"https:\/\/zabnica.e-przedszkolak.eu\/archiwum\/wp-content\/gallery\/spotkanie-z-magikiem\/IMG_8507.JPG\"\n\t\t\t\ttitle=\"\"\n\t\t\t\tdata-src=\"https:\/\/zabnica.e-przedszkolak.eu\/archiwum\/wp-content\/gallery\/spotkanie-z-magikiem\/IMG_8507.JPG\"\n\t\t\t\tdata-thumbnail=\"https:\/\/zabnica.e-przedszkolak.eu\/archiwum\/wp-content\/gallery\/spotkanie-z-magikiem\/thumbs\/thumbs_IMG_8507.JPG\"\n\t\t\t\tdata-image-id=\"760\"\n\t\t\t\tdata-title=\"IMG_8507\"\n\t\t\t\tdata-description=\"\"\n\t\t\t\tdata-image-slug=\"img_8507\"\n\t\t\t\tclass=\"ngg-fancybox\" rel=\"808f3f2ef3a83e6c56d39897bf4d291a\">\n\t\t\t\t<img\n\t\t\t\t\ttitle=\"IMG_8507\"\n\t\t\t\t\talt=\"IMG_8507\"\n\t\t\t\t\tsrc=\"https:\/\/zabnica.e-przedszkolak.eu\/archiwum\/wp-content\/gallery\/spotkanie-z-magikiem\/thumbs\/thumbs_IMG_8507.JPG\"\n\t\t\t\t\twidth=\"240\"\n\t\t\t\t\theight=\"160\"\n\t\t\t\t\tstyle=\"max-width:100%;\"\n\t\t\t\t\/>\n\t\t\t<\/a>\n\t\t<\/div>\n\t\t\t\t\t\t\t<\/div>\n\t\t\t\n\t\t\t\t\t\t\t\t\t<br style=\"clear: both\" \/>\n\t\t\t\t\t\n\t\t\t\t<div id=\"ngg-image-2\" class=\"ngg-gallery-thumbnail-box\"\n\t\t\t\t\t\t\t\t\t\t\t>\n\t\t\t\t\t\t<div class=\"ngg-gallery-thumbnail\">\n\t\t\t<a href=\"https:\/\/zabnica.e-przedszkolak.eu\/archiwum\/wp-content\/gallery\/spotkanie-z-magikiem\/IMG_8508.JPG\"\n\t\t\t\ttitle=\"\"\n\t\t\t\tdata-src=\"https:\/\/zabnica.e-przedszkolak.eu\/archiwum\/wp-content\/gallery\/spotkanie-z-magikiem\/IMG_8508.JPG\"\n\t\t\t\tdata-thumbnail=\"https:\/\/zabnica.e-przedszkolak.eu\/archiwum\/wp-content\/gallery\/spotkanie-z-magikiem\/thumbs\/thumbs_IMG_8508.JPG\"\n\t\t\t\tdata-image-id=\"761\"\n\t\t\t\tdata-title=\"IMG_8508\"\n\t\t\t\tdata-description=\"\"\n\t\t\t\tdata-image-slug=\"img_8508\"\n\t\t\t\tclass=\"ngg-fancybox\" rel=\"808f3f2ef3a83e6c56d39897bf4d291a\">\n\t\t\t\t<img\n\t\t\t\t\ttitle=\"IMG_8508\"\n\t\t\t\t\talt=\"IMG_8508\"\n\t\t\t\t\tsrc=\"https:\/\/zabnica.e-przedszkolak.eu\/archiwum\/wp-content\/gallery\/spotkanie-z-magikiem\/thumbs\/thumbs_IMG_8508.JPG\"\n\t\t\t\t\twidth=\"240\"\n\t\t\t\t\theight=\"160\"\n\t\t\t\t\tstyle=\"max-width:100%;\"\n\t\t\t\t\/>\n\t\t\t<\/a>\n\t\t<\/div>\n\t\t\t\t\t\t\t<\/div>\n\t\t\t\n\t\t\t\t\t\t\t\n\t\t\t\t<div id=\"ngg-image-3\" class=\"ngg-gallery-thumbnail-box\"\n\t\t\t\t\t\t\t\t\t\t\t>\n\t\t\t\t\t\t<div class=\"ngg-gallery-thumbnail\">\n\t\t\t<a href=\"https:\/\/zabnica.e-przedszkolak.eu\/archiwum\/wp-content\/gallery\/spotkanie-z-magikiem\/IMG_8515.JPG\"\n\t\t\t\ttitle=\"\"\n\t\t\t\tdata-src=\"https:\/\/zabnica.e-przedszkolak.eu\/archiwum\/wp-content\/gallery\/spotkanie-z-magikiem\/IMG_8515.JPG\"\n\t\t\t\tdata-thumbnail=\"https:\/\/zabnica.e-przedszkolak.eu\/archiwum\/wp-content\/gallery\/spotkanie-z-magikiem\/thumbs\/thumbs_IMG_8515.JPG\"\n\t\t\t\tdata-image-id=\"762\"\n\t\t\t\tdata-title=\"IMG_8515\"\n\t\t\t\tdata-description=\"\"\n\t\t\t\tdata-image-slug=\"img_8515\"\n\t\t\t\tclass=\"ngg-fancybox\" rel=\"808f3f2ef3a83e6c56d39897bf4d291a\">\n\t\t\t\t<img\n\t\t\t\t\ttitle=\"IMG_8515\"\n\t\t\t\t\talt=\"IMG_8515\"\n\t\t\t\t\tsrc=\"https:\/\/zabnica.e-przedszkolak.eu\/archiwum\/wp-content\/gallery\/spotkanie-z-magikiem\/thumbs\/thumbs_IMG_8515.JPG\"\n\t\t\t\t\twidth=\"240\"\n\t\t\t\t\theight=\"160\"\n\t\t\t\t\tstyle=\"max-width:100%;\"\n\t\t\t\t\/>\n\t\t\t<\/a>\n\t\t<\/div>\n\t\t\t\t\t\t\t<\/div>\n\t\t\t\n\t\t\t\t\t\t\t\t\t<br style=\"clear: both\" \/>\n\t\t\t\t\t\n\t\t\t\t<div id=\"ngg-image-4\" class=\"ngg-gallery-thumbnail-box\"\n\t\t\t\t\t\t\t\t\t\t\t>\n\t\t\t\t\t\t<div class=\"ngg-gallery-thumbnail\">\n\t\t\t<a href=\"https:\/\/zabnica.e-przedszkolak.eu\/archiwum\/wp-content\/gallery\/spotkanie-z-magikiem\/IMG_8518.JPG\"\n\t\t\t\ttitle=\"\"\n\t\t\t\tdata-src=\"https:\/\/zabnica.e-przedszkolak.eu\/archiwum\/wp-content\/gallery\/spotkanie-z-magikiem\/IMG_8518.JPG\"\n\t\t\t\tdata-thumbnail=\"https:\/\/zabnica.e-przedszkolak.eu\/archiwum\/wp-content\/gallery\/spotkanie-z-magikiem\/thumbs\/thumbs_IMG_8518.JPG\"\n\t\t\t\tdata-image-id=\"763\"\n\t\t\t\tdata-title=\"IMG_8518\"\n\t\t\t\tdata-description=\"\"\n\t\t\t\tdata-image-slug=\"img_8518\"\n\t\t\t\tclass=\"ngg-fancybox\" rel=\"808f3f2ef3a83e6c56d39897bf4d291a\">\n\t\t\t\t<img\n\t\t\t\t\ttitle=\"IMG_8518\"\n\t\t\t\t\talt=\"IMG_8518\"\n\t\t\t\t\tsrc=\"https:\/\/zabnica.e-przedszkolak.eu\/archiwum\/wp-content\/gallery\/spotkanie-z-magikiem\/thumbs\/thumbs_IMG_8518.JPG\"\n\t\t\t\t\twidth=\"240\"\n\t\t\t\t\theight=\"160\"\n\t\t\t\t\tstyle=\"max-width:100%;\"\n\t\t\t\t\/>\n\t\t\t<\/a>\n\t\t<\/div>\n\t\t\t\t\t\t\t<\/div>\n\t\t\t\n\t\t\t\t\t\t\t\n\t\t\t\t<div id=\"ngg-image-5\" class=\"ngg-gallery-thumbnail-box\"\n\t\t\t\t\t\t\t\t\t\t\t>\n\t\t\t\t\t\t<div class=\"ngg-gallery-thumbnail\">\n\t\t\t<a href=\"https:\/\/zabnica.e-przedszkolak.eu\/archiwum\/wp-content\/gallery\/spotkanie-z-magikiem\/IMG_8519.JPG\"\n\t\t\t\ttitle=\"\"\n\t\t\t\tdata-src=\"https:\/\/zabnica.e-przedszkolak.eu\/archiwum\/wp-content\/gallery\/spotkanie-z-magikiem\/IMG_8519.JPG\"\n\t\t\t\tdata-thumbnail=\"https:\/\/zabnica.e-przedszkolak.eu\/archiwum\/wp-content\/gallery\/spotkanie-z-magikiem\/thumbs\/thumbs_IMG_8519.JPG\"\n\t\t\t\tdata-image-id=\"764\"\n\t\t\t\tdata-title=\"IMG_8519\"\n\t\t\t\tdata-description=\"\"\n\t\t\t\tdata-image-slug=\"img_8519\"\n\t\t\t\tclass=\"ngg-fancybox\" rel=\"808f3f2ef3a83e6c56d39897bf4d291a\">\n\t\t\t\t<img\n\t\t\t\t\ttitle=\"IMG_8519\"\n\t\t\t\t\talt=\"IMG_8519\"\n\t\t\t\t\tsrc=\"https:\/\/zabnica.e-przedszkolak.eu\/archiwum\/wp-content\/gallery\/spotkanie-z-magikiem\/thumbs\/thumbs_IMG_8519.JPG\"\n\t\t\t\t\twidth=\"240\"\n\t\t\t\t\theight=\"160\"\n\t\t\t\t\tstyle=\"max-width:100%;\"\n\t\t\t\t\/>\n\t\t\t<\/a>\n\t\t<\/div>\n\t\t\t\t\t\t\t<\/div>\n\t\t\t\n\t\t\t\t\t\t\t\t\t<br style=\"clear: both\" \/>\n\t\t\t\t\t\n\t\t\t\t<div id=\"ngg-image-6\" class=\"ngg-gallery-thumbnail-box\"\n\t\t\t\t\t\t\t\t\t\t\t>\n\t\t\t\t\t\t<div class=\"ngg-gallery-thumbnail\">\n\t\t\t<a href=\"https:\/\/zabnica.e-przedszkolak.eu\/archiwum\/wp-content\/gallery\/spotkanie-z-magikiem\/IMG_8523.JPG\"\n\t\t\t\ttitle=\"\"\n\t\t\t\tdata-src=\"https:\/\/zabnica.e-przedszkolak.eu\/archiwum\/wp-content\/gallery\/spotkanie-z-magikiem\/IMG_8523.JPG\"\n\t\t\t\tdata-thumbnail=\"https:\/\/zabnica.e-przedszkolak.eu\/archiwum\/wp-content\/gallery\/spotkanie-z-magikiem\/thumbs\/thumbs_IMG_8523.JPG\"\n\t\t\t\tdata-image-id=\"765\"\n\t\t\t\tdata-title=\"IMG_8523\"\n\t\t\t\tdata-description=\"\"\n\t\t\t\tdata-image-slug=\"img_8523\"\n\t\t\t\tclass=\"ngg-fancybox\" rel=\"808f3f2ef3a83e6c56d39897bf4d291a\">\n\t\t\t\t<img\n\t\t\t\t\ttitle=\"IMG_8523\"\n\t\t\t\t\talt=\"IMG_8523\"\n\t\t\t\t\tsrc=\"https:\/\/zabnica.e-przedszkolak.eu\/archiwum\/wp-content\/gallery\/spotkanie-z-magikiem\/thumbs\/thumbs_IMG_8523.JPG\"\n\t\t\t\t\twidth=\"240\"\n\t\t\t\t\theight=\"160\"\n\t\t\t\t\tstyle=\"max-width:100%;\"\n\t\t\t\t\/>\n\t\t\t<\/a>\n\t\t<\/div>\n\t\t\t\t\t\t\t<\/div>\n\t\t\t\n\t\t\t\t\t\t\t\n\t\t\t\t<div id=\"ngg-image-7\" class=\"ngg-gallery-thumbnail-box\"\n\t\t\t\t\t\t\t\t\t\t\t>\n\t\t\t\t\t\t<div class=\"ngg-gallery-thumbnail\">\n\t\t\t<a href=\"https:\/\/zabnica.e-przedszkolak.eu\/archiwum\/wp-content\/gallery\/spotkanie-z-magikiem\/IMG_8524.JPG\"\n\t\t\t\ttitle=\"\"\n\t\t\t\tdata-src=\"https:\/\/zabnica.e-przedszkolak.eu\/archiwum\/wp-content\/gallery\/spotkanie-z-magikiem\/IMG_8524.JPG\"\n\t\t\t\tdata-thumbnail=\"https:\/\/zabnica.e-przedszkolak.eu\/archiwum\/wp-content\/gallery\/spotkanie-z-magikiem\/thumbs\/thumbs_IMG_8524.JPG\"\n\t\t\t\tdata-image-id=\"766\"\n\t\t\t\tdata-title=\"IMG_8524\"\n\t\t\t\tdata-description=\"\"\n\t\t\t\tdata-image-slug=\"img_8524\"\n\t\t\t\tclass=\"ngg-fancybox\" rel=\"808f3f2ef3a83e6c56d39897bf4d291a\">\n\t\t\t\t<img\n\t\t\t\t\ttitle=\"IMG_8524\"\n\t\t\t\t\talt=\"IMG_8524\"\n\t\t\t\t\tsrc=\"https:\/\/zabnica.e-przedszkolak.eu\/archiwum\/wp-content\/gallery\/spotkanie-z-magikiem\/thumbs\/thumbs_IMG_8524.JPG\"\n\t\t\t\t\twidth=\"240\"\n\t\t\t\t\theight=\"160\"\n\t\t\t\t\tstyle=\"max-width:100%;\"\n\t\t\t\t\/>\n\t\t\t<\/a>\n\t\t<\/div>\n\t\t\t\t\t\t\t<\/div>\n\t\t\t\n\t\t\t\t\t\t\t\t\t<br style=\"clear: both\" \/>\n\t\t\t\t\t\n\t\t\n\t\t<!-- Pagination -->\n\t\t<div class='ngg-navigation'><span class='current'>1<\/span>\n<a class='page-numbers' data-pageid='2' href='https:\/\/zabnica.e-przedszkolak.eu\/archiwum\/2016\/07\/24\/spotkanie-z-magikiem\/nggallery\/page\/2'>2<\/a>\n<a class='page-numbers' data-pageid='3' href='https:\/\/zabnica.e-przedszkolak.eu\/archiwum\/2016\/07\/24\/spotkanie-z-magikiem\/nggallery\/page\/3'>3<\/a>\n<a class='prev' href='https:\/\/zabnica.e-przedszkolak.eu\/archiwum\/2016\/07\/24\/spotkanie-z-magikiem\/nggallery\/page\/2' data-pageid=2>&#9658;<\/a><\/div>\t<\/div>\n<\/p>\n","protected":false},"excerpt":{"rendered":"<p>Przedszkolaki wzi\u0119\u0142y udzia\u0142 w spotkaniu z magikiem. A oto pami\u0105tkowe zdj\u0119cia z tego\u00a0wydarzenia.<\/p>\n","protected":false},"author":2,"featured_media":1889,"comment_status":"open","ping_status":"open","sticky":false,"template":"","format":"standard","meta":{"ngg_post_thumbnail":0,"footnotes":""},"categories":[1],"tags":[],"class_list":["post-1843","post","type-post","status-publish","format-standard","has-post-thumbnail","hentry","category-bez-kategorii"],"_links":{"self":[{"href":"https:\/\/zabnica.e-przedszkolak.eu\/archiwum\/wp-json\/wp\/v2\/posts\/1843","targetHints":{"allow":["GET"]}}],"collection":[{"href":"https:\/\/zabnica.e-przedszkolak.eu\/archiwum\/wp-json\/wp\/v2\/posts"}],"about":[{"href":"https:\/\/zabnica.e-przedszkolak.eu\/archiwum\/wp-json\/wp\/v2\/types\/post"}],"author":[{"embeddable":true,"href":"https:\/\/zabnica.e-przedszkolak.eu\/archiwum\/wp-json\/wp\/v2\/users\/2"}],"replies":[{"embeddable":true,"href":"https:\/\/zabnica.e-przedszkolak.eu\/archiwum\/wp-json\/wp\/v2\/comments?post=1843"}],"version-history":[{"count":1,"href":"https:\/\/zabnica.e-przedszkolak.eu\/archiwum\/wp-json\/wp\/v2\/posts\/1843\/revisions"}],"predecessor-version":[{"id":1890,"href":"https:\/\/zabnica.e-przedszkolak.eu\/archiwum\/wp-json\/wp\/v2\/posts\/1843\/revisions\/1890"}],"wp:featuredmedia":[{"embeddable":true,"href":"https:\/\/zabnica.e-przedszkolak.eu\/archiwum\/wp-json\/wp\/v2\/media\/1889"}],"wp:attachment":[{"href":"https:\/\/zabnica.e-przedszkolak.eu\/archiwum\/wp-json\/wp\/v2\/media?parent=1843"}],"wp:term":[{"taxonomy":"category","embeddable":true,"href":"https:\/\/zabnica.e-przedszkolak.eu\/archiwum\/wp-json\/wp\/v2\/categories?post=1843"},{"taxonomy":"post_tag","embeddable":true,"href":"https:\/\/zabnica.e-przedszkolak.eu\/archiwum\/wp-json\/wp\/v2\/tags?post=1843"}],"curies":[{"name":"wp","href":"https:\/\/api.w.org\/{rel}","templated":true}]}}