 {"id":1923,"date":"2016-07-24T23:10:55","date_gmt":"2016-07-24T21:10:55","guid":{"rendered":"https:\/\/zabnica.e-przedszkolak.eu\/?p=1923"},"modified":"2016-07-24T23:10:55","modified_gmt":"2016-07-24T21:10:55","slug":"zakonczenie-roku-szkolnego-20152016","status":"publish","type":"post","link":"https:\/\/zabnica.e-przedszkolak.eu\/archiwum\/2016\/07\/24\/zakonczenie-roku-szkolnego-20152016\/","title":{"rendered":"Zako\u0144czenie Roku Szkolnego 2015\/2016"},"content":{"rendered":"<p style=\"text-align: justify;\">Zako\u0144czyli\u015bmy kolejny rok pe\u0142en wra\u017ce\u0144 dzi\u0119ki, kt\u00f3rym nasze dzieci sta\u0142y si\u0119 bardziej dojrza\u0142e, naby\u0142y now\u0105 wiedz\u0119 i umiej\u0119tno\u015bci, utrwali\u0142y stare znajomo\u015bci, a by\u0107 mo\u017ce nawi\u0105za\u0142y nowe przyja\u017anie. Z niekt\u00f3rymi z nich przysz\u0142o nam si\u0119 po\u017cegna\u0107, gdy\u017c od nowego roku szkolnego wst\u0119puj\u0105 na nowe \u015bcie\u017cki edukacji. Wszystkim dzieciom i rodzicom \u017cyczymy beztroskich i bezpiecznych wakacji.<!--more--><\/p>\n<p style=\"text-align: justify;\"><!-- index.php -->\n<div\n\tclass=\"ngg-galleryoverview\n\t ngg-ajax-pagination-none\t\"\n\tid=\"ngg-gallery-940d606db21fdd4a8af0dbd9dc158eaf-1\">\n\n\t\t\t<!-- Thumbnails -->\n\t\t\t\t<div id=\"ngg-image-0\" class=\"ngg-gallery-thumbnail-box\"\n\t\t\t\t\t\t\t\t\t\t\t>\n\t\t\t\t\t\t<div class=\"ngg-gallery-thumbnail\">\n\t\t\t<a href=\"https:\/\/zabnica.e-przedszkolak.eu\/archiwum\/wp-content\/gallery\/zakonczenie-roku-szkolnego-20152016\/DSC_0082.JPG\"\n\t\t\t\ttitle=\"\"\n\t\t\t\tdata-src=\"https:\/\/zabnica.e-przedszkolak.eu\/archiwum\/wp-content\/gallery\/zakonczenie-roku-szkolnego-20152016\/DSC_0082.JPG\"\n\t\t\t\tdata-thumbnail=\"https:\/\/zabnica.e-przedszkolak.eu\/archiwum\/wp-content\/gallery\/zakonczenie-roku-szkolnego-20152016\/thumbs\/thumbs_DSC_0082.JPG\"\n\t\t\t\tdata-image-id=\"793\"\n\t\t\t\tdata-title=\"DSC_0082\"\n\t\t\t\tdata-description=\"\"\n\t\t\t\tdata-image-slug=\"dsc_0082\"\n\t\t\t\tclass=\"ngg-fancybox\" rel=\"940d606db21fdd4a8af0dbd9dc158eaf\">\n\t\t\t\t<img\n\t\t\t\t\ttitle=\"DSC_0082\"\n\t\t\t\t\talt=\"DSC_0082\"\n\t\t\t\t\tsrc=\"https:\/\/zabnica.e-przedszkolak.eu\/archiwum\/wp-content\/gallery\/zakonczenie-roku-szkolnego-20152016\/thumbs\/thumbs_DSC_0082.JPG\"\n\t\t\t\t\twidth=\"240\"\n\t\t\t\t\theight=\"160\"\n\t\t\t\t\tstyle=\"max-width:100%;\"\n\t\t\t\t\/>\n\t\t\t<\/a>\n\t\t<\/div>\n\t\t\t\t\t\t\t<\/div>\n\t\t\t\n\t\t\t\t\t\t\t\n\t\t\t\t<div id=\"ngg-image-1\" class=\"ngg-gallery-thumbnail-box\"\n\t\t\t\t\t\t\t\t\t\t\t>\n\t\t\t\t\t\t<div class=\"ngg-gallery-thumbnail\">\n\t\t\t<a href=\"https:\/\/zabnica.e-przedszkolak.eu\/archiwum\/wp-content\/gallery\/zakonczenie-roku-szkolnego-20152016\/DSC_0083.JPG\"\n\t\t\t\ttitle=\"\"\n\t\t\t\tdata-src=\"https:\/\/zabnica.e-przedszkolak.eu\/archiwum\/wp-content\/gallery\/zakonczenie-roku-szkolnego-20152016\/DSC_0083.JPG\"\n\t\t\t\tdata-thumbnail=\"https:\/\/zabnica.e-przedszkolak.eu\/archiwum\/wp-content\/gallery\/zakonczenie-roku-szkolnego-20152016\/thumbs\/thumbs_DSC_0083.JPG\"\n\t\t\t\tdata-image-id=\"794\"\n\t\t\t\tdata-title=\"DSC_0083\"\n\t\t\t\tdata-description=\"\"\n\t\t\t\tdata-image-slug=\"dsc_0083\"\n\t\t\t\tclass=\"ngg-fancybox\" rel=\"940d606db21fdd4a8af0dbd9dc158eaf\">\n\t\t\t\t<img\n\t\t\t\t\ttitle=\"DSC_0083\"\n\t\t\t\t\talt=\"DSC_0083\"\n\t\t\t\t\tsrc=\"https:\/\/zabnica.e-przedszkolak.eu\/archiwum\/wp-content\/gallery\/zakonczenie-roku-szkolnego-20152016\/thumbs\/thumbs_DSC_0083.JPG\"\n\t\t\t\t\twidth=\"240\"\n\t\t\t\t\theight=\"160\"\n\t\t\t\t\tstyle=\"max-width:100%;\"\n\t\t\t\t\/>\n\t\t\t<\/a>\n\t\t<\/div>\n\t\t\t\t\t\t\t<\/div>\n\t\t\t\n\t\t\t\t\t\t\t\t\t<br style=\"clear: both\" \/>\n\t\t\t\t\t\n\t\t\t\t<div id=\"ngg-image-2\" class=\"ngg-gallery-thumbnail-box\"\n\t\t\t\t\t\t\t\t\t\t\t>\n\t\t\t\t\t\t<div class=\"ngg-gallery-thumbnail\">\n\t\t\t<a href=\"https:\/\/zabnica.e-przedszkolak.eu\/archiwum\/wp-content\/gallery\/zakonczenie-roku-szkolnego-20152016\/DSC_0084.JPG\"\n\t\t\t\ttitle=\"\"\n\t\t\t\tdata-src=\"https:\/\/zabnica.e-przedszkolak.eu\/archiwum\/wp-content\/gallery\/zakonczenie-roku-szkolnego-20152016\/DSC_0084.JPG\"\n\t\t\t\tdata-thumbnail=\"https:\/\/zabnica.e-przedszkolak.eu\/archiwum\/wp-content\/gallery\/zakonczenie-roku-szkolnego-20152016\/thumbs\/thumbs_DSC_0084.JPG\"\n\t\t\t\tdata-image-id=\"795\"\n\t\t\t\tdata-title=\"DSC_0084\"\n\t\t\t\tdata-description=\"\"\n\t\t\t\tdata-image-slug=\"dsc_0084\"\n\t\t\t\tclass=\"ngg-fancybox\" rel=\"940d606db21fdd4a8af0dbd9dc158eaf\">\n\t\t\t\t<img\n\t\t\t\t\ttitle=\"DSC_0084\"\n\t\t\t\t\talt=\"DSC_0084\"\n\t\t\t\t\tsrc=\"https:\/\/zabnica.e-przedszkolak.eu\/archiwum\/wp-content\/gallery\/zakonczenie-roku-szkolnego-20152016\/thumbs\/thumbs_DSC_0084.JPG\"\n\t\t\t\t\twidth=\"240\"\n\t\t\t\t\theight=\"160\"\n\t\t\t\t\tstyle=\"max-width:100%;\"\n\t\t\t\t\/>\n\t\t\t<\/a>\n\t\t<\/div>\n\t\t\t\t\t\t\t<\/div>\n\t\t\t\n\t\t\t\t\t\t\t\n\t\t\t\t<div id=\"ngg-image-3\" class=\"ngg-gallery-thumbnail-box\"\n\t\t\t\t\t\t\t\t\t\t\t>\n\t\t\t\t\t\t<div class=\"ngg-gallery-thumbnail\">\n\t\t\t<a href=\"https:\/\/zabnica.e-przedszkolak.eu\/archiwum\/wp-content\/gallery\/zakonczenie-roku-szkolnego-20152016\/DSC_0086.JPG\"\n\t\t\t\ttitle=\"\"\n\t\t\t\tdata-src=\"https:\/\/zabnica.e-przedszkolak.eu\/archiwum\/wp-content\/gallery\/zakonczenie-roku-szkolnego-20152016\/DSC_0086.JPG\"\n\t\t\t\tdata-thumbnail=\"https:\/\/zabnica.e-przedszkolak.eu\/archiwum\/wp-content\/gallery\/zakonczenie-roku-szkolnego-20152016\/thumbs\/thumbs_DSC_0086.JPG\"\n\t\t\t\tdata-image-id=\"796\"\n\t\t\t\tdata-title=\"DSC_0086\"\n\t\t\t\tdata-description=\"\"\n\t\t\t\tdata-image-slug=\"dsc_0086\"\n\t\t\t\tclass=\"ngg-fancybox\" rel=\"940d606db21fdd4a8af0dbd9dc158eaf\">\n\t\t\t\t<img\n\t\t\t\t\ttitle=\"DSC_0086\"\n\t\t\t\t\talt=\"DSC_0086\"\n\t\t\t\t\tsrc=\"https:\/\/zabnica.e-przedszkolak.eu\/archiwum\/wp-content\/gallery\/zakonczenie-roku-szkolnego-20152016\/thumbs\/thumbs_DSC_0086.JPG\"\n\t\t\t\t\twidth=\"240\"\n\t\t\t\t\theight=\"160\"\n\t\t\t\t\tstyle=\"max-width:100%;\"\n\t\t\t\t\/>\n\t\t\t<\/a>\n\t\t<\/div>\n\t\t\t\t\t\t\t<\/div>\n\t\t\t\n\t\t\t\t\t\t\t\t\t<br style=\"clear: both\" \/>\n\t\t\t\t\t\n\t\t\t\t<div id=\"ngg-image-4\" class=\"ngg-gallery-thumbnail-box\"\n\t\t\t\t\t\t\t\t\t\t\t>\n\t\t\t\t\t\t<div class=\"ngg-gallery-thumbnail\">\n\t\t\t<a href=\"https:\/\/zabnica.e-przedszkolak.eu\/archiwum\/wp-content\/gallery\/zakonczenie-roku-szkolnego-20152016\/DSC_0087.JPG\"\n\t\t\t\ttitle=\"\"\n\t\t\t\tdata-src=\"https:\/\/zabnica.e-przedszkolak.eu\/archiwum\/wp-content\/gallery\/zakonczenie-roku-szkolnego-20152016\/DSC_0087.JPG\"\n\t\t\t\tdata-thumbnail=\"https:\/\/zabnica.e-przedszkolak.eu\/archiwum\/wp-content\/gallery\/zakonczenie-roku-szkolnego-20152016\/thumbs\/thumbs_DSC_0087.JPG\"\n\t\t\t\tdata-image-id=\"797\"\n\t\t\t\tdata-title=\"DSC_0087\"\n\t\t\t\tdata-description=\"\"\n\t\t\t\tdata-image-slug=\"dsc_0087\"\n\t\t\t\tclass=\"ngg-fancybox\" rel=\"940d606db21fdd4a8af0dbd9dc158eaf\">\n\t\t\t\t<img\n\t\t\t\t\ttitle=\"DSC_0087\"\n\t\t\t\t\talt=\"DSC_0087\"\n\t\t\t\t\tsrc=\"https:\/\/zabnica.e-przedszkolak.eu\/archiwum\/wp-content\/gallery\/zakonczenie-roku-szkolnego-20152016\/thumbs\/thumbs_DSC_0087.JPG\"\n\t\t\t\t\twidth=\"240\"\n\t\t\t\t\theight=\"160\"\n\t\t\t\t\tstyle=\"max-width:100%;\"\n\t\t\t\t\/>\n\t\t\t<\/a>\n\t\t<\/div>\n\t\t\t\t\t\t\t<\/div>\n\t\t\t\n\t\t\t\t\t\t\t\n\t\t\t\t<div id=\"ngg-image-5\" class=\"ngg-gallery-thumbnail-box\"\n\t\t\t\t\t\t\t\t\t\t\t>\n\t\t\t\t\t\t<div class=\"ngg-gallery-thumbnail\">\n\t\t\t<a href=\"https:\/\/zabnica.e-przedszkolak.eu\/archiwum\/wp-content\/gallery\/zakonczenie-roku-szkolnego-20152016\/DSC_0089.JPG\"\n\t\t\t\ttitle=\"\"\n\t\t\t\tdata-src=\"https:\/\/zabnica.e-przedszkolak.eu\/archiwum\/wp-content\/gallery\/zakonczenie-roku-szkolnego-20152016\/DSC_0089.JPG\"\n\t\t\t\tdata-thumbnail=\"https:\/\/zabnica.e-przedszkolak.eu\/archiwum\/wp-content\/gallery\/zakonczenie-roku-szkolnego-20152016\/thumbs\/thumbs_DSC_0089.JPG\"\n\t\t\t\tdata-image-id=\"798\"\n\t\t\t\tdata-title=\"DSC_0089\"\n\t\t\t\tdata-description=\"\"\n\t\t\t\tdata-image-slug=\"dsc_0089\"\n\t\t\t\tclass=\"ngg-fancybox\" rel=\"940d606db21fdd4a8af0dbd9dc158eaf\">\n\t\t\t\t<img\n\t\t\t\t\ttitle=\"DSC_0089\"\n\t\t\t\t\talt=\"DSC_0089\"\n\t\t\t\t\tsrc=\"https:\/\/zabnica.e-przedszkolak.eu\/archiwum\/wp-content\/gallery\/zakonczenie-roku-szkolnego-20152016\/thumbs\/thumbs_DSC_0089.JPG\"\n\t\t\t\t\twidth=\"240\"\n\t\t\t\t\theight=\"160\"\n\t\t\t\t\tstyle=\"max-width:100%;\"\n\t\t\t\t\/>\n\t\t\t<\/a>\n\t\t<\/div>\n\t\t\t\t\t\t\t<\/div>\n\t\t\t\n\t\t\t\t\t\t\t\t\t<br style=\"clear: both\" \/>\n\t\t\t\t\t\n\t\t\t\t<div id=\"ngg-image-6\" class=\"ngg-gallery-thumbnail-box\"\n\t\t\t\t\t\t\t\t\t\t\t>\n\t\t\t\t\t\t<div class=\"ngg-gallery-thumbnail\">\n\t\t\t<a href=\"https:\/\/zabnica.e-przedszkolak.eu\/archiwum\/wp-content\/gallery\/zakonczenie-roku-szkolnego-20152016\/DSC_0091.JPG\"\n\t\t\t\ttitle=\"\"\n\t\t\t\tdata-src=\"https:\/\/zabnica.e-przedszkolak.eu\/archiwum\/wp-content\/gallery\/zakonczenie-roku-szkolnego-20152016\/DSC_0091.JPG\"\n\t\t\t\tdata-thumbnail=\"https:\/\/zabnica.e-przedszkolak.eu\/archiwum\/wp-content\/gallery\/zakonczenie-roku-szkolnego-20152016\/thumbs\/thumbs_DSC_0091.JPG\"\n\t\t\t\tdata-image-id=\"799\"\n\t\t\t\tdata-title=\"DSC_0091\"\n\t\t\t\tdata-description=\"\"\n\t\t\t\tdata-image-slug=\"dsc_0091\"\n\t\t\t\tclass=\"ngg-fancybox\" rel=\"940d606db21fdd4a8af0dbd9dc158eaf\">\n\t\t\t\t<img\n\t\t\t\t\ttitle=\"DSC_0091\"\n\t\t\t\t\talt=\"DSC_0091\"\n\t\t\t\t\tsrc=\"https:\/\/zabnica.e-przedszkolak.eu\/archiwum\/wp-content\/gallery\/zakonczenie-roku-szkolnego-20152016\/thumbs\/thumbs_DSC_0091.JPG\"\n\t\t\t\t\twidth=\"240\"\n\t\t\t\t\theight=\"160\"\n\t\t\t\t\tstyle=\"max-width:100%;\"\n\t\t\t\t\/>\n\t\t\t<\/a>\n\t\t<\/div>\n\t\t\t\t\t\t\t<\/div>\n\t\t\t\n\t\t\t\t\t\t\t\n\t\t\t\t<div id=\"ngg-image-7\" class=\"ngg-gallery-thumbnail-box\"\n\t\t\t\t\t\t\t\t\t\t\t>\n\t\t\t\t\t\t<div class=\"ngg-gallery-thumbnail\">\n\t\t\t<a href=\"https:\/\/zabnica.e-przedszkolak.eu\/archiwum\/wp-content\/gallery\/zakonczenie-roku-szkolnego-20152016\/DSC_0093.JPG\"\n\t\t\t\ttitle=\"\"\n\t\t\t\tdata-src=\"https:\/\/zabnica.e-przedszkolak.eu\/archiwum\/wp-content\/gallery\/zakonczenie-roku-szkolnego-20152016\/DSC_0093.JPG\"\n\t\t\t\tdata-thumbnail=\"https:\/\/zabnica.e-przedszkolak.eu\/archiwum\/wp-content\/gallery\/zakonczenie-roku-szkolnego-20152016\/thumbs\/thumbs_DSC_0093.JPG\"\n\t\t\t\tdata-image-id=\"800\"\n\t\t\t\tdata-title=\"DSC_0093\"\n\t\t\t\tdata-description=\"\"\n\t\t\t\tdata-image-slug=\"dsc_0093\"\n\t\t\t\tclass=\"ngg-fancybox\" rel=\"940d606db21fdd4a8af0dbd9dc158eaf\">\n\t\t\t\t<img\n\t\t\t\t\ttitle=\"DSC_0093\"\n\t\t\t\t\talt=\"DSC_0093\"\n\t\t\t\t\tsrc=\"https:\/\/zabnica.e-przedszkolak.eu\/archiwum\/wp-content\/gallery\/zakonczenie-roku-szkolnego-20152016\/thumbs\/thumbs_DSC_0093.JPG\"\n\t\t\t\t\twidth=\"240\"\n\t\t\t\t\theight=\"160\"\n\t\t\t\t\tstyle=\"max-width:100%;\"\n\t\t\t\t\/>\n\t\t\t<\/a>\n\t\t<\/div>\n\t\t\t\t\t\t\t<\/div>\n\t\t\t\n\t\t\t\t\t\t\t\t\t<br style=\"clear: both\" \/>\n\t\t\t\t\t\n\t\t\n\t\t<!-- Pagination -->\n\t\t<div class='ngg-navigation'><span class='current'>1<\/span>\n<a class='page-numbers' data-pageid='2' href='https:\/\/zabnica.e-przedszkolak.eu\/archiwum\/2016\/07\/24\/zakonczenie-roku-szkolnego-20152016\/nggallery\/page\/2'>2<\/a>\n<a class='page-numbers' data-pageid='3' href='https:\/\/zabnica.e-przedszkolak.eu\/archiwum\/2016\/07\/24\/zakonczenie-roku-szkolnego-20152016\/nggallery\/page\/3'>3<\/a>\n<a class='prev' href='https:\/\/zabnica.e-przedszkolak.eu\/archiwum\/2016\/07\/24\/zakonczenie-roku-szkolnego-20152016\/nggallery\/page\/2' data-pageid=2>&#9658;<\/a><\/div>\t<\/div>\n<\/p>\n","protected":false},"excerpt":{"rendered":"<p>Zako\u0144czyli\u015bmy kolejny rok pe\u0142en wra\u017ce\u0144 dzi\u0119ki, kt\u00f3rym nasze dzieci sta\u0142y si\u0119 bardziej dojrza\u0142e, naby\u0142y now\u0105 wiedz\u0119 i umiej\u0119tno\u015bci, utrwali\u0142y stare znajomo\u015bci, a by\u0107 mo\u017ce nawi\u0105za\u0142y nowe przyja\u017anie. Z niekt\u00f3rymi z nich przysz\u0142o nam si\u0119 po\u017cegna\u0107, gdy\u017c od nowego roku szkolnego wst\u0119puj\u0105 na nowe \u015bcie\u017cki edukacji. Wszystkim dzieciom i rodzicom \u017cyczymy beztroskich i bezpiecznych wakacji.<\/p>\n","protected":false},"author":2,"featured_media":1965,"comment_status":"open","ping_status":"open","sticky":false,"template":"","format":"standard","meta":{"ngg_post_thumbnail":0,"footnotes":""},"categories":[1],"tags":[],"class_list":["post-1923","post","type-post","status-publish","format-standard","has-post-thumbnail","hentry","category-bez-kategorii"],"_links":{"self":[{"href":"https:\/\/zabnica.e-przedszkolak.eu\/archiwum\/wp-json\/wp\/v2\/posts\/1923","targetHints":{"allow":["GET"]}}],"collection":[{"href":"https:\/\/zabnica.e-przedszkolak.eu\/archiwum\/wp-json\/wp\/v2\/posts"}],"about":[{"href":"https:\/\/zabnica.e-przedszkolak.eu\/archiwum\/wp-json\/wp\/v2\/types\/post"}],"author":[{"embeddable":true,"href":"https:\/\/zabnica.e-przedszkolak.eu\/archiwum\/wp-json\/wp\/v2\/users\/2"}],"replies":[{"embeddable":true,"href":"https:\/\/zabnica.e-przedszkolak.eu\/archiwum\/wp-json\/wp\/v2\/comments?post=1923"}],"version-history":[{"count":1,"href":"https:\/\/zabnica.e-przedszkolak.eu\/archiwum\/wp-json\/wp\/v2\/posts\/1923\/revisions"}],"predecessor-version":[{"id":1966,"href":"https:\/\/zabnica.e-przedszkolak.eu\/archiwum\/wp-json\/wp\/v2\/posts\/1923\/revisions\/1966"}],"wp:featuredmedia":[{"embeddable":true,"href":"https:\/\/zabnica.e-przedszkolak.eu\/archiwum\/wp-json\/wp\/v2\/media\/1965"}],"wp:attachment":[{"href":"https:\/\/zabnica.e-przedszkolak.eu\/archiwum\/wp-json\/wp\/v2\/media?parent=1923"}],"wp:term":[{"taxonomy":"category","embeddable":true,"href":"https:\/\/zabnica.e-przedszkolak.eu\/archiwum\/wp-json\/wp\/v2\/categories?post=1923"},{"taxonomy":"post_tag","embeddable":true,"href":"https:\/\/zabnica.e-przedszkolak.eu\/archiwum\/wp-json\/wp\/v2\/tags?post=1923"}],"curies":[{"name":"wp","href":"https:\/\/api.w.org\/{rel}","templated":true}]}}