 {"id":1984,"date":"2016-10-31T21:53:27","date_gmt":"2016-10-31T20:53:27","guid":{"rendered":"https:\/\/zabnica.e-przedszkolak.eu\/?p=1984"},"modified":"2016-10-31T21:56:50","modified_gmt":"2016-10-31T20:56:50","slug":"jesien-w-parku","status":"publish","type":"post","link":"https:\/\/zabnica.e-przedszkolak.eu\/archiwum\/2016\/10\/31\/jesien-w-parku\/","title":{"rendered":"Jesie\u0144 w parku&#8230;"},"content":{"rendered":"<p style=\"text-align: justify;\" align=\"justify\">Kszta\u0142tuj\u0105 wra\u017cliwo\u015b\u0107 dzieci na pi\u0119kno jesiennego krajobrazu i poszerzaj\u0105c ich wiedz\u0119 na temat przyrody 25 pa\u017adziernika przedszkolaki wraz ze swoimi paniami wybra\u0142y si\u0119 na wycieczk\u0119 do parku w \u017bywcu. Dzieci obserwowa\u0142y zmiany zachodz\u0105ce w przyrodzie jesieni\u0105 i barwy polskiej z\u0142otej jesieni. Karmi\u0142y kaczuszki i wiewi\u00f3rki. <!--more--><\/p>\n<p style=\"text-align: justify;\" align=\"justify\">Z zapa\u0142em zbiera\u0142y kolorowe li\u015bcie, tworz\u0105c z nich pi\u0119kne bukiet. Gromadzi\u0142y te\u017c inne skarby jesieni, kt\u00f3re po powrocie do przedszkola znalaz\u0142y miejsce w k\u0105cikach przyrodniczych. Dzieci z zaciekawieniem ogl\u0105da\u0142y pa\u0142ac Habsburg\u00f3w, zwiedza\u0142y r\u00f3wnie\u017c Stajnie Miejsk\u0105, a przy niej Mini Zoo.<\/p>\n<p style=\"text-align: justify;\" align=\"justify\"><!-- index.php -->\n<div\n\tclass=\"ngg-galleryoverview\n\t ngg-ajax-pagination-none\t\"\n\tid=\"ngg-gallery-9127edaebdf7767d6d8c5ac90ee078af-1\">\n\n\t\t\t<!-- Thumbnails -->\n\t\t\t\t<div id=\"ngg-image-0\" class=\"ngg-gallery-thumbnail-box\"\n\t\t\t\t\t\t\t\t\t\t\t>\n\t\t\t\t\t\t<div class=\"ngg-gallery-thumbnail\">\n\t\t\t<a href=\"https:\/\/zabnica.e-przedszkolak.eu\/archiwum\/wp-content\/gallery\/jesien-w-parku\/20161025_084849.jpg\"\n\t\t\t\ttitle=\"\"\n\t\t\t\tdata-src=\"https:\/\/zabnica.e-przedszkolak.eu\/archiwum\/wp-content\/gallery\/jesien-w-parku\/20161025_084849.jpg\"\n\t\t\t\tdata-thumbnail=\"https:\/\/zabnica.e-przedszkolak.eu\/archiwum\/wp-content\/gallery\/jesien-w-parku\/thumbs\/thumbs_20161025_084849.jpg\"\n\t\t\t\tdata-image-id=\"817\"\n\t\t\t\tdata-title=\"20161025_084849\"\n\t\t\t\tdata-description=\"\"\n\t\t\t\tdata-image-slug=\"20161025_084849\"\n\t\t\t\tclass=\"ngg-fancybox\" rel=\"9127edaebdf7767d6d8c5ac90ee078af\">\n\t\t\t\t<img\n\t\t\t\t\ttitle=\"20161025_084849\"\n\t\t\t\t\talt=\"20161025_084849\"\n\t\t\t\t\tsrc=\"https:\/\/zabnica.e-przedszkolak.eu\/archiwum\/wp-content\/gallery\/jesien-w-parku\/thumbs\/thumbs_20161025_084849.jpg\"\n\t\t\t\t\twidth=\"240\"\n\t\t\t\t\theight=\"160\"\n\t\t\t\t\tstyle=\"max-width:100%;\"\n\t\t\t\t\/>\n\t\t\t<\/a>\n\t\t<\/div>\n\t\t\t\t\t\t\t<\/div>\n\t\t\t\n\t\t\t\t\t\t\t\n\t\t\t\t<div id=\"ngg-image-1\" class=\"ngg-gallery-thumbnail-box\"\n\t\t\t\t\t\t\t\t\t\t\t>\n\t\t\t\t\t\t<div class=\"ngg-gallery-thumbnail\">\n\t\t\t<a href=\"https:\/\/zabnica.e-przedszkolak.eu\/archiwum\/wp-content\/gallery\/jesien-w-parku\/20161025_090957.jpg\"\n\t\t\t\ttitle=\"\"\n\t\t\t\tdata-src=\"https:\/\/zabnica.e-przedszkolak.eu\/archiwum\/wp-content\/gallery\/jesien-w-parku\/20161025_090957.jpg\"\n\t\t\t\tdata-thumbnail=\"https:\/\/zabnica.e-przedszkolak.eu\/archiwum\/wp-content\/gallery\/jesien-w-parku\/thumbs\/thumbs_20161025_090957.jpg\"\n\t\t\t\tdata-image-id=\"818\"\n\t\t\t\tdata-title=\"20161025_090957\"\n\t\t\t\tdata-description=\"\"\n\t\t\t\tdata-image-slug=\"20161025_090957\"\n\t\t\t\tclass=\"ngg-fancybox\" rel=\"9127edaebdf7767d6d8c5ac90ee078af\">\n\t\t\t\t<img\n\t\t\t\t\ttitle=\"20161025_090957\"\n\t\t\t\t\talt=\"20161025_090957\"\n\t\t\t\t\tsrc=\"https:\/\/zabnica.e-przedszkolak.eu\/archiwum\/wp-content\/gallery\/jesien-w-parku\/thumbs\/thumbs_20161025_090957.jpg\"\n\t\t\t\t\twidth=\"240\"\n\t\t\t\t\theight=\"160\"\n\t\t\t\t\tstyle=\"max-width:100%;\"\n\t\t\t\t\/>\n\t\t\t<\/a>\n\t\t<\/div>\n\t\t\t\t\t\t\t<\/div>\n\t\t\t\n\t\t\t\t\t\t\t\t\t<br style=\"clear: both\" \/>\n\t\t\t\t\t\n\t\t\t\t<div id=\"ngg-image-2\" class=\"ngg-gallery-thumbnail-box\"\n\t\t\t\t\t\t\t\t\t\t\t>\n\t\t\t\t\t\t<div class=\"ngg-gallery-thumbnail\">\n\t\t\t<a href=\"https:\/\/zabnica.e-przedszkolak.eu\/archiwum\/wp-content\/gallery\/jesien-w-parku\/20161025_091437.jpg\"\n\t\t\t\ttitle=\"\"\n\t\t\t\tdata-src=\"https:\/\/zabnica.e-przedszkolak.eu\/archiwum\/wp-content\/gallery\/jesien-w-parku\/20161025_091437.jpg\"\n\t\t\t\tdata-thumbnail=\"https:\/\/zabnica.e-przedszkolak.eu\/archiwum\/wp-content\/gallery\/jesien-w-parku\/thumbs\/thumbs_20161025_091437.jpg\"\n\t\t\t\tdata-image-id=\"819\"\n\t\t\t\tdata-title=\"20161025_091437\"\n\t\t\t\tdata-description=\"\"\n\t\t\t\tdata-image-slug=\"20161025_091437\"\n\t\t\t\tclass=\"ngg-fancybox\" rel=\"9127edaebdf7767d6d8c5ac90ee078af\">\n\t\t\t\t<img\n\t\t\t\t\ttitle=\"20161025_091437\"\n\t\t\t\t\talt=\"20161025_091437\"\n\t\t\t\t\tsrc=\"https:\/\/zabnica.e-przedszkolak.eu\/archiwum\/wp-content\/gallery\/jesien-w-parku\/thumbs\/thumbs_20161025_091437.jpg\"\n\t\t\t\t\twidth=\"240\"\n\t\t\t\t\theight=\"160\"\n\t\t\t\t\tstyle=\"max-width:100%;\"\n\t\t\t\t\/>\n\t\t\t<\/a>\n\t\t<\/div>\n\t\t\t\t\t\t\t<\/div>\n\t\t\t\n\t\t\t\t\t\t\t\n\t\t\t\t<div id=\"ngg-image-3\" class=\"ngg-gallery-thumbnail-box\"\n\t\t\t\t\t\t\t\t\t\t\t>\n\t\t\t\t\t\t<div class=\"ngg-gallery-thumbnail\">\n\t\t\t<a href=\"https:\/\/zabnica.e-przedszkolak.eu\/archiwum\/wp-content\/gallery\/jesien-w-parku\/20161025_092453.jpg\"\n\t\t\t\ttitle=\"\"\n\t\t\t\tdata-src=\"https:\/\/zabnica.e-przedszkolak.eu\/archiwum\/wp-content\/gallery\/jesien-w-parku\/20161025_092453.jpg\"\n\t\t\t\tdata-thumbnail=\"https:\/\/zabnica.e-przedszkolak.eu\/archiwum\/wp-content\/gallery\/jesien-w-parku\/thumbs\/thumbs_20161025_092453.jpg\"\n\t\t\t\tdata-image-id=\"820\"\n\t\t\t\tdata-title=\"20161025_092453\"\n\t\t\t\tdata-description=\"\"\n\t\t\t\tdata-image-slug=\"20161025_092453\"\n\t\t\t\tclass=\"ngg-fancybox\" rel=\"9127edaebdf7767d6d8c5ac90ee078af\">\n\t\t\t\t<img\n\t\t\t\t\ttitle=\"20161025_092453\"\n\t\t\t\t\talt=\"20161025_092453\"\n\t\t\t\t\tsrc=\"https:\/\/zabnica.e-przedszkolak.eu\/archiwum\/wp-content\/gallery\/jesien-w-parku\/thumbs\/thumbs_20161025_092453.jpg\"\n\t\t\t\t\twidth=\"240\"\n\t\t\t\t\theight=\"160\"\n\t\t\t\t\tstyle=\"max-width:100%;\"\n\t\t\t\t\/>\n\t\t\t<\/a>\n\t\t<\/div>\n\t\t\t\t\t\t\t<\/div>\n\t\t\t\n\t\t\t\t\t\t\t\t\t<br style=\"clear: both\" \/>\n\t\t\t\t\t\n\t\t\t\t<div id=\"ngg-image-4\" class=\"ngg-gallery-thumbnail-box\"\n\t\t\t\t\t\t\t\t\t\t\t>\n\t\t\t\t\t\t<div class=\"ngg-gallery-thumbnail\">\n\t\t\t<a href=\"https:\/\/zabnica.e-przedszkolak.eu\/archiwum\/wp-content\/gallery\/jesien-w-parku\/20161025_092526.jpg\"\n\t\t\t\ttitle=\"\"\n\t\t\t\tdata-src=\"https:\/\/zabnica.e-przedszkolak.eu\/archiwum\/wp-content\/gallery\/jesien-w-parku\/20161025_092526.jpg\"\n\t\t\t\tdata-thumbnail=\"https:\/\/zabnica.e-przedszkolak.eu\/archiwum\/wp-content\/gallery\/jesien-w-parku\/thumbs\/thumbs_20161025_092526.jpg\"\n\t\t\t\tdata-image-id=\"821\"\n\t\t\t\tdata-title=\"20161025_092526\"\n\t\t\t\tdata-description=\"\"\n\t\t\t\tdata-image-slug=\"20161025_092526\"\n\t\t\t\tclass=\"ngg-fancybox\" rel=\"9127edaebdf7767d6d8c5ac90ee078af\">\n\t\t\t\t<img\n\t\t\t\t\ttitle=\"20161025_092526\"\n\t\t\t\t\talt=\"20161025_092526\"\n\t\t\t\t\tsrc=\"https:\/\/zabnica.e-przedszkolak.eu\/archiwum\/wp-content\/gallery\/jesien-w-parku\/thumbs\/thumbs_20161025_092526.jpg\"\n\t\t\t\t\twidth=\"240\"\n\t\t\t\t\theight=\"160\"\n\t\t\t\t\tstyle=\"max-width:100%;\"\n\t\t\t\t\/>\n\t\t\t<\/a>\n\t\t<\/div>\n\t\t\t\t\t\t\t<\/div>\n\t\t\t\n\t\t\t\t\t\t\t\n\t\t\t\t<div id=\"ngg-image-5\" class=\"ngg-gallery-thumbnail-box\"\n\t\t\t\t\t\t\t\t\t\t\t>\n\t\t\t\t\t\t<div class=\"ngg-gallery-thumbnail\">\n\t\t\t<a href=\"https:\/\/zabnica.e-przedszkolak.eu\/archiwum\/wp-content\/gallery\/jesien-w-parku\/20161025_092546.jpg\"\n\t\t\t\ttitle=\"\"\n\t\t\t\tdata-src=\"https:\/\/zabnica.e-przedszkolak.eu\/archiwum\/wp-content\/gallery\/jesien-w-parku\/20161025_092546.jpg\"\n\t\t\t\tdata-thumbnail=\"https:\/\/zabnica.e-przedszkolak.eu\/archiwum\/wp-content\/gallery\/jesien-w-parku\/thumbs\/thumbs_20161025_092546.jpg\"\n\t\t\t\tdata-image-id=\"822\"\n\t\t\t\tdata-title=\"20161025_092546\"\n\t\t\t\tdata-description=\"\"\n\t\t\t\tdata-image-slug=\"20161025_092546\"\n\t\t\t\tclass=\"ngg-fancybox\" rel=\"9127edaebdf7767d6d8c5ac90ee078af\">\n\t\t\t\t<img\n\t\t\t\t\ttitle=\"20161025_092546\"\n\t\t\t\t\talt=\"20161025_092546\"\n\t\t\t\t\tsrc=\"https:\/\/zabnica.e-przedszkolak.eu\/archiwum\/wp-content\/gallery\/jesien-w-parku\/thumbs\/thumbs_20161025_092546.jpg\"\n\t\t\t\t\twidth=\"240\"\n\t\t\t\t\theight=\"160\"\n\t\t\t\t\tstyle=\"max-width:100%;\"\n\t\t\t\t\/>\n\t\t\t<\/a>\n\t\t<\/div>\n\t\t\t\t\t\t\t<\/div>\n\t\t\t\n\t\t\t\t\t\t\t\t\t<br style=\"clear: both\" \/>\n\t\t\t\t\t\n\t\t\t\t<div id=\"ngg-image-6\" class=\"ngg-gallery-thumbnail-box\"\n\t\t\t\t\t\t\t\t\t\t\t>\n\t\t\t\t\t\t<div class=\"ngg-gallery-thumbnail\">\n\t\t\t<a href=\"https:\/\/zabnica.e-przedszkolak.eu\/archiwum\/wp-content\/gallery\/jesien-w-parku\/20161025_092846.jpg\"\n\t\t\t\ttitle=\"\"\n\t\t\t\tdata-src=\"https:\/\/zabnica.e-przedszkolak.eu\/archiwum\/wp-content\/gallery\/jesien-w-parku\/20161025_092846.jpg\"\n\t\t\t\tdata-thumbnail=\"https:\/\/zabnica.e-przedszkolak.eu\/archiwum\/wp-content\/gallery\/jesien-w-parku\/thumbs\/thumbs_20161025_092846.jpg\"\n\t\t\t\tdata-image-id=\"823\"\n\t\t\t\tdata-title=\"20161025_092846\"\n\t\t\t\tdata-description=\"\"\n\t\t\t\tdata-image-slug=\"20161025_092846\"\n\t\t\t\tclass=\"ngg-fancybox\" rel=\"9127edaebdf7767d6d8c5ac90ee078af\">\n\t\t\t\t<img\n\t\t\t\t\ttitle=\"20161025_092846\"\n\t\t\t\t\talt=\"20161025_092846\"\n\t\t\t\t\tsrc=\"https:\/\/zabnica.e-przedszkolak.eu\/archiwum\/wp-content\/gallery\/jesien-w-parku\/thumbs\/thumbs_20161025_092846.jpg\"\n\t\t\t\t\twidth=\"240\"\n\t\t\t\t\theight=\"160\"\n\t\t\t\t\tstyle=\"max-width:100%;\"\n\t\t\t\t\/>\n\t\t\t<\/a>\n\t\t<\/div>\n\t\t\t\t\t\t\t<\/div>\n\t\t\t\n\t\t\t\t\t\t\t\n\t\t\t\t<div id=\"ngg-image-7\" class=\"ngg-gallery-thumbnail-box\"\n\t\t\t\t\t\t\t\t\t\t\t>\n\t\t\t\t\t\t<div class=\"ngg-gallery-thumbnail\">\n\t\t\t<a href=\"https:\/\/zabnica.e-przedszkolak.eu\/archiwum\/wp-content\/gallery\/jesien-w-parku\/20161025_092854.jpg\"\n\t\t\t\ttitle=\"\"\n\t\t\t\tdata-src=\"https:\/\/zabnica.e-przedszkolak.eu\/archiwum\/wp-content\/gallery\/jesien-w-parku\/20161025_092854.jpg\"\n\t\t\t\tdata-thumbnail=\"https:\/\/zabnica.e-przedszkolak.eu\/archiwum\/wp-content\/gallery\/jesien-w-parku\/thumbs\/thumbs_20161025_092854.jpg\"\n\t\t\t\tdata-image-id=\"824\"\n\t\t\t\tdata-title=\"20161025_092854\"\n\t\t\t\tdata-description=\"\"\n\t\t\t\tdata-image-slug=\"20161025_092854\"\n\t\t\t\tclass=\"ngg-fancybox\" rel=\"9127edaebdf7767d6d8c5ac90ee078af\">\n\t\t\t\t<img\n\t\t\t\t\ttitle=\"20161025_092854\"\n\t\t\t\t\talt=\"20161025_092854\"\n\t\t\t\t\tsrc=\"https:\/\/zabnica.e-przedszkolak.eu\/archiwum\/wp-content\/gallery\/jesien-w-parku\/thumbs\/thumbs_20161025_092854.jpg\"\n\t\t\t\t\twidth=\"240\"\n\t\t\t\t\theight=\"160\"\n\t\t\t\t\tstyle=\"max-width:100%;\"\n\t\t\t\t\/>\n\t\t\t<\/a>\n\t\t<\/div>\n\t\t\t\t\t\t\t<\/div>\n\t\t\t\n\t\t\t\t\t\t\t\t\t<br style=\"clear: both\" \/>\n\t\t\t\t\t\n\t\t\n\t\t<!-- Pagination -->\n\t\t<div class='ngg-navigation'><span class='current'>1<\/span>\n<a class='page-numbers' data-pageid='2' href='https:\/\/zabnica.e-przedszkolak.eu\/archiwum\/2016\/10\/31\/jesien-w-parku\/nggallery\/page\/2'>2<\/a>\n<span class='ellipsis'>...<\/span>\n<a class='page-numbers' data-pageid='14' href='https:\/\/zabnica.e-przedszkolak.eu\/archiwum\/2016\/10\/31\/jesien-w-parku\/nggallery\/page\/14'>14<\/a>\n<a class='prev' href='https:\/\/zabnica.e-przedszkolak.eu\/archiwum\/2016\/10\/31\/jesien-w-parku\/nggallery\/page\/2' data-pageid=2>&#9658;<\/a><\/div>\t<\/div>\n<\/p>\n","protected":false},"excerpt":{"rendered":"<p>Kszta\u0142tuj\u0105 wra\u017cliwo\u015b\u0107 dzieci na pi\u0119kno jesiennego krajobrazu i poszerzaj\u0105c ich wiedz\u0119 na temat przyrody 25 pa\u017adziernika przedszkolaki wraz ze swoimi paniami wybra\u0142y si\u0119 na wycieczk\u0119 do parku w \u017bywcu. Dzieci obserwowa\u0142y zmiany zachodz\u0105ce w przyrodzie jesieni\u0105 i barwy polskiej z\u0142otej jesieni. Karmi\u0142y kaczuszki i wiewi\u00f3rki.<\/p>\n","protected":false},"author":2,"featured_media":2210,"comment_status":"open","ping_status":"open","sticky":false,"template":"","format":"standard","meta":{"ngg_post_thumbnail":0,"footnotes":""},"categories":[1],"tags":[],"class_list":["post-1984","post","type-post","status-publish","format-standard","has-post-thumbnail","hentry","category-bez-kategorii"],"_links":{"self":[{"href":"https:\/\/zabnica.e-przedszkolak.eu\/archiwum\/wp-json\/wp\/v2\/posts\/1984","targetHints":{"allow":["GET"]}}],"collection":[{"href":"https:\/\/zabnica.e-przedszkolak.eu\/archiwum\/wp-json\/wp\/v2\/posts"}],"about":[{"href":"https:\/\/zabnica.e-przedszkolak.eu\/archiwum\/wp-json\/wp\/v2\/types\/post"}],"author":[{"embeddable":true,"href":"https:\/\/zabnica.e-przedszkolak.eu\/archiwum\/wp-json\/wp\/v2\/users\/2"}],"replies":[{"embeddable":true,"href":"https:\/\/zabnica.e-przedszkolak.eu\/archiwum\/wp-json\/wp\/v2\/comments?post=1984"}],"version-history":[{"count":1,"href":"https:\/\/zabnica.e-przedszkolak.eu\/archiwum\/wp-json\/wp\/v2\/posts\/1984\/revisions"}],"predecessor-version":[{"id":2208,"href":"https:\/\/zabnica.e-przedszkolak.eu\/archiwum\/wp-json\/wp\/v2\/posts\/1984\/revisions\/2208"}],"wp:featuredmedia":[{"embeddable":true,"href":"https:\/\/zabnica.e-przedszkolak.eu\/archiwum\/wp-json\/wp\/v2\/media\/2210"}],"wp:attachment":[{"href":"https:\/\/zabnica.e-przedszkolak.eu\/archiwum\/wp-json\/wp\/v2\/media?parent=1984"}],"wp:term":[{"taxonomy":"category","embeddable":true,"href":"https:\/\/zabnica.e-przedszkolak.eu\/archiwum\/wp-json\/wp\/v2\/categories?post=1984"},{"taxonomy":"post_tag","embeddable":true,"href":"https:\/\/zabnica.e-przedszkolak.eu\/archiwum\/wp-json\/wp\/v2\/tags?post=1984"}],"curies":[{"name":"wp","href":"https:\/\/api.w.org\/{rel}","templated":true}]}}