 {"id":2212,"date":"2016-12-07T11:55:55","date_gmt":"2016-12-07T10:55:55","guid":{"rendered":"https:\/\/zabnica.e-przedszkolak.eu\/?p=2212"},"modified":"2016-12-07T11:55:55","modified_gmt":"2016-12-07T10:55:55","slug":"dzien-pluszowego-misia","status":"publish","type":"post","link":"https:\/\/zabnica.e-przedszkolak.eu\/archiwum\/2016\/12\/07\/dzien-pluszowego-misia\/","title":{"rendered":"Dzie\u0144 Pluszowego Misia"},"content":{"rendered":"<p style=\"text-align: justify;\">25.11.2016 r. przedszkolaki uczestniczy\u0142y w obchodach \u015awiatowego Dnia Pluszowego Misia. Tego dnia ka\u017cde dziecko przysz\u0142o do przedszkola ze swoim ma\u0142ym lub du\u017cym przyjacielem \u2013 Misiem. Przyby\u0142y misie ma\u0142e, \u015brednie i bardzo du\u017ce, bia\u0142e br\u0105zowe, zielone itd.<!--more--><\/p>\n<p style=\"text-align: justify;\">A ka\u017cdy by\u0142 pi\u0119kny i wyj\u0105tkowy. Przedszkolaki zosta\u0142y zaproszone do wsp\u00f3lnej zabawy w misiowej krainie. Pozna\u0142y histori\u0119 \u015bwi\u0119ta, bawi\u0142y si\u0119 przy piosenkach: \u201eDwa malutkie misie\u201d, \u2018Jad\u0105, jad\u0105 misie\u201d. Dla dzieci w tym dniu w przedszkolu przygotowano wiele atrakcji, jednak najwi\u0119cej rado\u015bci sprawi\u0142 dzieciom sam fakt zaprezentowania swojego misia kolegom i mo\u017cliwo\u015b\u0107 zabawy z pluszakiem.<\/p>\n<p style=\"text-align: justify;\"><!-- index.php -->\n<div\n\tclass=\"ngg-galleryoverview\n\t ngg-ajax-pagination-none\t\"\n\tid=\"ngg-gallery-7ceac1fbd53f1f79ee22ad50db12ac1f-1\">\n\n\t\t\t<!-- Thumbnails -->\n\t\t\t\t<div id=\"ngg-image-0\" class=\"ngg-gallery-thumbnail-box\"\n\t\t\t\t\t\t\t\t\t\t\t>\n\t\t\t\t\t\t<div class=\"ngg-gallery-thumbnail\">\n\t\t\t<a href=\"https:\/\/zabnica.e-przedszkolak.eu\/archiwum\/wp-content\/gallery\/dzien-pluszowego-misia\/15311447_1109108389144379_473102891_o.jpg\"\n\t\t\t\ttitle=\"\"\n\t\t\t\tdata-src=\"https:\/\/zabnica.e-przedszkolak.eu\/archiwum\/wp-content\/gallery\/dzien-pluszowego-misia\/15311447_1109108389144379_473102891_o.jpg\"\n\t\t\t\tdata-thumbnail=\"https:\/\/zabnica.e-przedszkolak.eu\/archiwum\/wp-content\/gallery\/dzien-pluszowego-misia\/thumbs\/thumbs_15311447_1109108389144379_473102891_o.jpg\"\n\t\t\t\tdata-image-id=\"926\"\n\t\t\t\tdata-title=\"15311447_1109108389144379_473102891_o\"\n\t\t\t\tdata-description=\"\"\n\t\t\t\tdata-image-slug=\"15311447_1109108389144379_473102891_o\"\n\t\t\t\tclass=\"ngg-fancybox\" rel=\"7ceac1fbd53f1f79ee22ad50db12ac1f\">\n\t\t\t\t<img\n\t\t\t\t\ttitle=\"15311447_1109108389144379_473102891_o\"\n\t\t\t\t\talt=\"15311447_1109108389144379_473102891_o\"\n\t\t\t\t\tsrc=\"https:\/\/zabnica.e-przedszkolak.eu\/archiwum\/wp-content\/gallery\/dzien-pluszowego-misia\/thumbs\/thumbs_15311447_1109108389144379_473102891_o.jpg\"\n\t\t\t\t\twidth=\"240\"\n\t\t\t\t\theight=\"160\"\n\t\t\t\t\tstyle=\"max-width:100%;\"\n\t\t\t\t\/>\n\t\t\t<\/a>\n\t\t<\/div>\n\t\t\t\t\t\t\t<\/div>\n\t\t\t\n\t\t\t\t\t\t\t\n\t\t\t\t<div id=\"ngg-image-1\" class=\"ngg-gallery-thumbnail-box\"\n\t\t\t\t\t\t\t\t\t\t\t>\n\t\t\t\t\t\t<div class=\"ngg-gallery-thumbnail\">\n\t\t\t<a href=\"https:\/\/zabnica.e-przedszkolak.eu\/archiwum\/wp-content\/gallery\/dzien-pluszowego-misia\/15311490_1109109405810944_823699814_o.jpg\"\n\t\t\t\ttitle=\"\"\n\t\t\t\tdata-src=\"https:\/\/zabnica.e-przedszkolak.eu\/archiwum\/wp-content\/gallery\/dzien-pluszowego-misia\/15311490_1109109405810944_823699814_o.jpg\"\n\t\t\t\tdata-thumbnail=\"https:\/\/zabnica.e-przedszkolak.eu\/archiwum\/wp-content\/gallery\/dzien-pluszowego-misia\/thumbs\/thumbs_15311490_1109109405810944_823699814_o.jpg\"\n\t\t\t\tdata-image-id=\"927\"\n\t\t\t\tdata-title=\"15311490_1109109405810944_823699814_o\"\n\t\t\t\tdata-description=\"\"\n\t\t\t\tdata-image-slug=\"15311490_1109109405810944_823699814_o\"\n\t\t\t\tclass=\"ngg-fancybox\" rel=\"7ceac1fbd53f1f79ee22ad50db12ac1f\">\n\t\t\t\t<img\n\t\t\t\t\ttitle=\"15311490_1109109405810944_823699814_o\"\n\t\t\t\t\talt=\"15311490_1109109405810944_823699814_o\"\n\t\t\t\t\tsrc=\"https:\/\/zabnica.e-przedszkolak.eu\/archiwum\/wp-content\/gallery\/dzien-pluszowego-misia\/thumbs\/thumbs_15311490_1109109405810944_823699814_o.jpg\"\n\t\t\t\t\twidth=\"240\"\n\t\t\t\t\theight=\"160\"\n\t\t\t\t\tstyle=\"max-width:100%;\"\n\t\t\t\t\/>\n\t\t\t<\/a>\n\t\t<\/div>\n\t\t\t\t\t\t\t<\/div>\n\t\t\t\n\t\t\t\t\t\t\t\t\t<br style=\"clear: both\" \/>\n\t\t\t\t\t\n\t\t\t\t<div id=\"ngg-image-2\" class=\"ngg-gallery-thumbnail-box\"\n\t\t\t\t\t\t\t\t\t\t\t>\n\t\t\t\t\t\t<div class=\"ngg-gallery-thumbnail\">\n\t\t\t<a href=\"https:\/\/zabnica.e-przedszkolak.eu\/archiwum\/wp-content\/gallery\/dzien-pluszowego-misia\/15311599_1109109832477568_447825298_o.jpg\"\n\t\t\t\ttitle=\"\"\n\t\t\t\tdata-src=\"https:\/\/zabnica.e-przedszkolak.eu\/archiwum\/wp-content\/gallery\/dzien-pluszowego-misia\/15311599_1109109832477568_447825298_o.jpg\"\n\t\t\t\tdata-thumbnail=\"https:\/\/zabnica.e-przedszkolak.eu\/archiwum\/wp-content\/gallery\/dzien-pluszowego-misia\/thumbs\/thumbs_15311599_1109109832477568_447825298_o.jpg\"\n\t\t\t\tdata-image-id=\"928\"\n\t\t\t\tdata-title=\"15311599_1109109832477568_447825298_o\"\n\t\t\t\tdata-description=\"\"\n\t\t\t\tdata-image-slug=\"15311599_1109109832477568_447825298_o\"\n\t\t\t\tclass=\"ngg-fancybox\" rel=\"7ceac1fbd53f1f79ee22ad50db12ac1f\">\n\t\t\t\t<img\n\t\t\t\t\ttitle=\"15311599_1109109832477568_447825298_o\"\n\t\t\t\t\talt=\"15311599_1109109832477568_447825298_o\"\n\t\t\t\t\tsrc=\"https:\/\/zabnica.e-przedszkolak.eu\/archiwum\/wp-content\/gallery\/dzien-pluszowego-misia\/thumbs\/thumbs_15311599_1109109832477568_447825298_o.jpg\"\n\t\t\t\t\twidth=\"240\"\n\t\t\t\t\theight=\"160\"\n\t\t\t\t\tstyle=\"max-width:100%;\"\n\t\t\t\t\/>\n\t\t\t<\/a>\n\t\t<\/div>\n\t\t\t\t\t\t\t<\/div>\n\t\t\t\n\t\t\t\t\t\t\t\n\t\t\t\t<div id=\"ngg-image-3\" class=\"ngg-gallery-thumbnail-box\"\n\t\t\t\t\t\t\t\t\t\t\t>\n\t\t\t\t\t\t<div class=\"ngg-gallery-thumbnail\">\n\t\t\t<a href=\"https:\/\/zabnica.e-przedszkolak.eu\/archiwum\/wp-content\/gallery\/dzien-pluszowego-misia\/15321502_1109109505810934_222450933_o.jpg\"\n\t\t\t\ttitle=\"\"\n\t\t\t\tdata-src=\"https:\/\/zabnica.e-przedszkolak.eu\/archiwum\/wp-content\/gallery\/dzien-pluszowego-misia\/15321502_1109109505810934_222450933_o.jpg\"\n\t\t\t\tdata-thumbnail=\"https:\/\/zabnica.e-przedszkolak.eu\/archiwum\/wp-content\/gallery\/dzien-pluszowego-misia\/thumbs\/thumbs_15321502_1109109505810934_222450933_o.jpg\"\n\t\t\t\tdata-image-id=\"929\"\n\t\t\t\tdata-title=\"15321502_1109109505810934_222450933_o\"\n\t\t\t\tdata-description=\"\"\n\t\t\t\tdata-image-slug=\"15321502_1109109505810934_222450933_o\"\n\t\t\t\tclass=\"ngg-fancybox\" rel=\"7ceac1fbd53f1f79ee22ad50db12ac1f\">\n\t\t\t\t<img\n\t\t\t\t\ttitle=\"15321502_1109109505810934_222450933_o\"\n\t\t\t\t\talt=\"15321502_1109109505810934_222450933_o\"\n\t\t\t\t\tsrc=\"https:\/\/zabnica.e-przedszkolak.eu\/archiwum\/wp-content\/gallery\/dzien-pluszowego-misia\/thumbs\/thumbs_15321502_1109109505810934_222450933_o.jpg\"\n\t\t\t\t\twidth=\"240\"\n\t\t\t\t\theight=\"160\"\n\t\t\t\t\tstyle=\"max-width:100%;\"\n\t\t\t\t\/>\n\t\t\t<\/a>\n\t\t<\/div>\n\t\t\t\t\t\t\t<\/div>\n\t\t\t\n\t\t\t\t\t\t\t\t\t<br style=\"clear: both\" \/>\n\t\t\t\t\t\n\t\t\t\t<div id=\"ngg-image-4\" class=\"ngg-gallery-thumbnail-box\"\n\t\t\t\t\t\t\t\t\t\t\t>\n\t\t\t\t\t\t<div class=\"ngg-gallery-thumbnail\">\n\t\t\t<a href=\"https:\/\/zabnica.e-przedszkolak.eu\/archiwum\/wp-content\/gallery\/dzien-pluszowego-misia\/15322506_1109109252477626_1155653250_o.jpg\"\n\t\t\t\ttitle=\"\"\n\t\t\t\tdata-src=\"https:\/\/zabnica.e-przedszkolak.eu\/archiwum\/wp-content\/gallery\/dzien-pluszowego-misia\/15322506_1109109252477626_1155653250_o.jpg\"\n\t\t\t\tdata-thumbnail=\"https:\/\/zabnica.e-przedszkolak.eu\/archiwum\/wp-content\/gallery\/dzien-pluszowego-misia\/thumbs\/thumbs_15322506_1109109252477626_1155653250_o.jpg\"\n\t\t\t\tdata-image-id=\"930\"\n\t\t\t\tdata-title=\"15322506_1109109252477626_1155653250_o\"\n\t\t\t\tdata-description=\"\"\n\t\t\t\tdata-image-slug=\"15322506_1109109252477626_1155653250_o\"\n\t\t\t\tclass=\"ngg-fancybox\" rel=\"7ceac1fbd53f1f79ee22ad50db12ac1f\">\n\t\t\t\t<img\n\t\t\t\t\ttitle=\"15322506_1109109252477626_1155653250_o\"\n\t\t\t\t\talt=\"15322506_1109109252477626_1155653250_o\"\n\t\t\t\t\tsrc=\"https:\/\/zabnica.e-przedszkolak.eu\/archiwum\/wp-content\/gallery\/dzien-pluszowego-misia\/thumbs\/thumbs_15322506_1109109252477626_1155653250_o.jpg\"\n\t\t\t\t\twidth=\"240\"\n\t\t\t\t\theight=\"160\"\n\t\t\t\t\tstyle=\"max-width:100%;\"\n\t\t\t\t\/>\n\t\t\t<\/a>\n\t\t<\/div>\n\t\t\t\t\t\t\t<\/div>\n\t\t\t\n\t\t\t\t\t\t\t\n\t\t\t\t<div id=\"ngg-image-5\" class=\"ngg-gallery-thumbnail-box\"\n\t\t\t\t\t\t\t\t\t\t\t>\n\t\t\t\t\t\t<div class=\"ngg-gallery-thumbnail\">\n\t\t\t<a href=\"https:\/\/zabnica.e-przedszkolak.eu\/archiwum\/wp-content\/gallery\/dzien-pluszowego-misia\/15368939_1109109195810965_1228307234_o.jpg\"\n\t\t\t\ttitle=\"\"\n\t\t\t\tdata-src=\"https:\/\/zabnica.e-przedszkolak.eu\/archiwum\/wp-content\/gallery\/dzien-pluszowego-misia\/15368939_1109109195810965_1228307234_o.jpg\"\n\t\t\t\tdata-thumbnail=\"https:\/\/zabnica.e-przedszkolak.eu\/archiwum\/wp-content\/gallery\/dzien-pluszowego-misia\/thumbs\/thumbs_15368939_1109109195810965_1228307234_o.jpg\"\n\t\t\t\tdata-image-id=\"931\"\n\t\t\t\tdata-title=\"15368939_1109109195810965_1228307234_o\"\n\t\t\t\tdata-description=\"\"\n\t\t\t\tdata-image-slug=\"15368939_1109109195810965_1228307234_o\"\n\t\t\t\tclass=\"ngg-fancybox\" rel=\"7ceac1fbd53f1f79ee22ad50db12ac1f\">\n\t\t\t\t<img\n\t\t\t\t\ttitle=\"15368939_1109109195810965_1228307234_o\"\n\t\t\t\t\talt=\"15368939_1109109195810965_1228307234_o\"\n\t\t\t\t\tsrc=\"https:\/\/zabnica.e-przedszkolak.eu\/archiwum\/wp-content\/gallery\/dzien-pluszowego-misia\/thumbs\/thumbs_15368939_1109109195810965_1228307234_o.jpg\"\n\t\t\t\t\twidth=\"240\"\n\t\t\t\t\theight=\"160\"\n\t\t\t\t\tstyle=\"max-width:100%;\"\n\t\t\t\t\/>\n\t\t\t<\/a>\n\t\t<\/div>\n\t\t\t\t\t\t\t<\/div>\n\t\t\t\n\t\t\t\t\t\t\t\t\t<br style=\"clear: both\" \/>\n\t\t\t\t\t\n\t\t\t\t<div id=\"ngg-image-6\" class=\"ngg-gallery-thumbnail-box\"\n\t\t\t\t\t\t\t\t\t\t\t>\n\t\t\t\t\t\t<div class=\"ngg-gallery-thumbnail\">\n\t\t\t<a href=\"https:\/\/zabnica.e-przedszkolak.eu\/archiwum\/wp-content\/gallery\/dzien-pluszowego-misia\/15369651_1109108875810997_539208862_o.jpg\"\n\t\t\t\ttitle=\"\"\n\t\t\t\tdata-src=\"https:\/\/zabnica.e-przedszkolak.eu\/archiwum\/wp-content\/gallery\/dzien-pluszowego-misia\/15369651_1109108875810997_539208862_o.jpg\"\n\t\t\t\tdata-thumbnail=\"https:\/\/zabnica.e-przedszkolak.eu\/archiwum\/wp-content\/gallery\/dzien-pluszowego-misia\/thumbs\/thumbs_15369651_1109108875810997_539208862_o.jpg\"\n\t\t\t\tdata-image-id=\"932\"\n\t\t\t\tdata-title=\"15369651_1109108875810997_539208862_o\"\n\t\t\t\tdata-description=\"\"\n\t\t\t\tdata-image-slug=\"15369651_1109108875810997_539208862_o\"\n\t\t\t\tclass=\"ngg-fancybox\" rel=\"7ceac1fbd53f1f79ee22ad50db12ac1f\">\n\t\t\t\t<img\n\t\t\t\t\ttitle=\"15369651_1109108875810997_539208862_o\"\n\t\t\t\t\talt=\"15369651_1109108875810997_539208862_o\"\n\t\t\t\t\tsrc=\"https:\/\/zabnica.e-przedszkolak.eu\/archiwum\/wp-content\/gallery\/dzien-pluszowego-misia\/thumbs\/thumbs_15369651_1109108875810997_539208862_o.jpg\"\n\t\t\t\t\twidth=\"240\"\n\t\t\t\t\theight=\"160\"\n\t\t\t\t\tstyle=\"max-width:100%;\"\n\t\t\t\t\/>\n\t\t\t<\/a>\n\t\t<\/div>\n\t\t\t\t\t\t\t<\/div>\n\t\t\t\n\t\t\t\t\t\t\t\n\t\t\t\t<div id=\"ngg-image-7\" class=\"ngg-gallery-thumbnail-box\"\n\t\t\t\t\t\t\t\t\t\t\t>\n\t\t\t\t\t\t<div class=\"ngg-gallery-thumbnail\">\n\t\t\t<a href=\"https:\/\/zabnica.e-przedszkolak.eu\/archiwum\/wp-content\/gallery\/dzien-pluszowego-misia\/15369690_1109109552477596_1930237167_o.jpg\"\n\t\t\t\ttitle=\"\"\n\t\t\t\tdata-src=\"https:\/\/zabnica.e-przedszkolak.eu\/archiwum\/wp-content\/gallery\/dzien-pluszowego-misia\/15369690_1109109552477596_1930237167_o.jpg\"\n\t\t\t\tdata-thumbnail=\"https:\/\/zabnica.e-przedszkolak.eu\/archiwum\/wp-content\/gallery\/dzien-pluszowego-misia\/thumbs\/thumbs_15369690_1109109552477596_1930237167_o.jpg\"\n\t\t\t\tdata-image-id=\"933\"\n\t\t\t\tdata-title=\"15369690_1109109552477596_1930237167_o\"\n\t\t\t\tdata-description=\"\"\n\t\t\t\tdata-image-slug=\"15369690_1109109552477596_1930237167_o\"\n\t\t\t\tclass=\"ngg-fancybox\" rel=\"7ceac1fbd53f1f79ee22ad50db12ac1f\">\n\t\t\t\t<img\n\t\t\t\t\ttitle=\"15369690_1109109552477596_1930237167_o\"\n\t\t\t\t\talt=\"15369690_1109109552477596_1930237167_o\"\n\t\t\t\t\tsrc=\"https:\/\/zabnica.e-przedszkolak.eu\/archiwum\/wp-content\/gallery\/dzien-pluszowego-misia\/thumbs\/thumbs_15369690_1109109552477596_1930237167_o.jpg\"\n\t\t\t\t\twidth=\"240\"\n\t\t\t\t\theight=\"160\"\n\t\t\t\t\tstyle=\"max-width:100%;\"\n\t\t\t\t\/>\n\t\t\t<\/a>\n\t\t<\/div>\n\t\t\t\t\t\t\t<\/div>\n\t\t\t\n\t\t\t\t\t\t\t\t\t<br style=\"clear: both\" \/>\n\t\t\t\t\t\n\t\t\n\t\t<!-- Pagination -->\n\t\t<div class='ngg-navigation'><span class='current'>1<\/span>\n<a class='page-numbers' data-pageid='2' href='https:\/\/zabnica.e-przedszkolak.eu\/archiwum\/2016\/12\/07\/dzien-pluszowego-misia\/nggallery\/page\/2'>2<\/a>\n<a class='prev' href='https:\/\/zabnica.e-przedszkolak.eu\/archiwum\/2016\/12\/07\/dzien-pluszowego-misia\/nggallery\/page\/2' data-pageid=2>&#9658;<\/a><\/div>\t<\/div>\n<\/p>\n","protected":false},"excerpt":{"rendered":"<p>25.11.2016 r. przedszkolaki uczestniczy\u0142y w obchodach \u015awiatowego Dnia Pluszowego Misia. Tego dnia ka\u017cde dziecko przysz\u0142o do przedszkola ze swoim ma\u0142ym lub du\u017cym przyjacielem \u2013 Misiem. Przyby\u0142y misie ma\u0142e, \u015brednie i bardzo du\u017ce, bia\u0142e br\u0105zowe, zielone itd.<\/p>\n","protected":false},"author":2,"featured_media":2244,"comment_status":"open","ping_status":"open","sticky":false,"template":"","format":"standard","meta":{"ngg_post_thumbnail":0,"footnotes":""},"categories":[1],"tags":[],"class_list":["post-2212","post","type-post","status-publish","format-standard","has-post-thumbnail","hentry","category-bez-kategorii"],"_links":{"self":[{"href":"https:\/\/zabnica.e-przedszkolak.eu\/archiwum\/wp-json\/wp\/v2\/posts\/2212","targetHints":{"allow":["GET"]}}],"collection":[{"href":"https:\/\/zabnica.e-przedszkolak.eu\/archiwum\/wp-json\/wp\/v2\/posts"}],"about":[{"href":"https:\/\/zabnica.e-przedszkolak.eu\/archiwum\/wp-json\/wp\/v2\/types\/post"}],"author":[{"embeddable":true,"href":"https:\/\/zabnica.e-przedszkolak.eu\/archiwum\/wp-json\/wp\/v2\/users\/2"}],"replies":[{"embeddable":true,"href":"https:\/\/zabnica.e-przedszkolak.eu\/archiwum\/wp-json\/wp\/v2\/comments?post=2212"}],"version-history":[{"count":1,"href":"https:\/\/zabnica.e-przedszkolak.eu\/archiwum\/wp-json\/wp\/v2\/posts\/2212\/revisions"}],"predecessor-version":[{"id":2245,"href":"https:\/\/zabnica.e-przedszkolak.eu\/archiwum\/wp-json\/wp\/v2\/posts\/2212\/revisions\/2245"}],"wp:featuredmedia":[{"embeddable":true,"href":"https:\/\/zabnica.e-przedszkolak.eu\/archiwum\/wp-json\/wp\/v2\/media\/2244"}],"wp:attachment":[{"href":"https:\/\/zabnica.e-przedszkolak.eu\/archiwum\/wp-json\/wp\/v2\/media?parent=2212"}],"wp:term":[{"taxonomy":"category","embeddable":true,"href":"https:\/\/zabnica.e-przedszkolak.eu\/archiwum\/wp-json\/wp\/v2\/categories?post=2212"},{"taxonomy":"post_tag","embeddable":true,"href":"https:\/\/zabnica.e-przedszkolak.eu\/archiwum\/wp-json\/wp\/v2\/tags?post=2212"}],"curies":[{"name":"wp","href":"https:\/\/api.w.org\/{rel}","templated":true}]}}