 {"id":2246,"date":"2016-12-11T23:51:35","date_gmt":"2016-12-11T22:51:35","guid":{"rendered":"https:\/\/zabnica.e-przedszkolak.eu\/?p=2246"},"modified":"2016-12-11T23:51:35","modified_gmt":"2016-12-11T22:51:35","slug":"andrzejki-2016","status":"publish","type":"post","link":"https:\/\/zabnica.e-przedszkolak.eu\/archiwum\/2016\/12\/11\/andrzejki-2016\/","title":{"rendered":"Andrzejki 2016"},"content":{"rendered":"<p style=\"text-align: justify;\">W rym roku go\u015bcili\u015bmy w naszym przedszkolu Pani\u0105 Janin\u0119 Roma\u0144sk\u0105, kt\u00f3ra w pi\u0119knym ludowym stroju przybli\u017ca\u0142a dzieciom tradycje zwi\u0105zane z wieczorem andrzejkowym. Dzieci uczestniczy\u0142y w zabawach i wr\u00f3\u017cbach, bawi\u0142y si\u0119 weso\u0142o przy muzyce. <!--more--><\/p>\n<p style=\"text-align: justify;\"><!-- index.php -->\n<div\n\tclass=\"ngg-galleryoverview\n\t ngg-ajax-pagination-none\t\"\n\tid=\"ngg-gallery-74d739e75f1cecbb1f05c76f145d9030-1\">\n\n\t\t\t<!-- Thumbnails -->\n\t\t\t\t<div id=\"ngg-image-0\" class=\"ngg-gallery-thumbnail-box\"\n\t\t\t\t\t\t\t\t\t\t\t>\n\t\t\t\t\t\t<div class=\"ngg-gallery-thumbnail\">\n\t\t\t<a href=\"https:\/\/zabnica.e-przedszkolak.eu\/archiwum\/wp-content\/gallery\/andrzejki-2016\/15293312_1109110295810855_1058530946_o.jpg\"\n\t\t\t\ttitle=\"\"\n\t\t\t\tdata-src=\"https:\/\/zabnica.e-przedszkolak.eu\/archiwum\/wp-content\/gallery\/andrzejki-2016\/15293312_1109110295810855_1058530946_o.jpg\"\n\t\t\t\tdata-thumbnail=\"https:\/\/zabnica.e-przedszkolak.eu\/archiwum\/wp-content\/gallery\/andrzejki-2016\/thumbs\/thumbs_15293312_1109110295810855_1058530946_o.jpg\"\n\t\t\t\tdata-image-id=\"940\"\n\t\t\t\tdata-title=\"15293312_1109110295810855_1058530946_o\"\n\t\t\t\tdata-description=\"\"\n\t\t\t\tdata-image-slug=\"15293312_1109110295810855_1058530946_o\"\n\t\t\t\tclass=\"ngg-fancybox\" rel=\"74d739e75f1cecbb1f05c76f145d9030\">\n\t\t\t\t<img\n\t\t\t\t\ttitle=\"15293312_1109110295810855_1058530946_o\"\n\t\t\t\t\talt=\"15293312_1109110295810855_1058530946_o\"\n\t\t\t\t\tsrc=\"https:\/\/zabnica.e-przedszkolak.eu\/archiwum\/wp-content\/gallery\/andrzejki-2016\/thumbs\/thumbs_15293312_1109110295810855_1058530946_o.jpg\"\n\t\t\t\t\twidth=\"240\"\n\t\t\t\t\theight=\"160\"\n\t\t\t\t\tstyle=\"max-width:100%;\"\n\t\t\t\t\/>\n\t\t\t<\/a>\n\t\t<\/div>\n\t\t\t\t\t\t\t<\/div>\n\t\t\t\n\t\t\t\t\t\t\t\n\t\t\t\t<div id=\"ngg-image-1\" class=\"ngg-gallery-thumbnail-box\"\n\t\t\t\t\t\t\t\t\t\t\t>\n\t\t\t\t\t\t<div class=\"ngg-gallery-thumbnail\">\n\t\t\t<a href=\"https:\/\/zabnica.e-przedszkolak.eu\/archiwum\/wp-content\/gallery\/andrzejki-2016\/15311565_1109110595810825_375920372_o.jpg\"\n\t\t\t\ttitle=\"\"\n\t\t\t\tdata-src=\"https:\/\/zabnica.e-przedszkolak.eu\/archiwum\/wp-content\/gallery\/andrzejki-2016\/15311565_1109110595810825_375920372_o.jpg\"\n\t\t\t\tdata-thumbnail=\"https:\/\/zabnica.e-przedszkolak.eu\/archiwum\/wp-content\/gallery\/andrzejki-2016\/thumbs\/thumbs_15311565_1109110595810825_375920372_o.jpg\"\n\t\t\t\tdata-image-id=\"941\"\n\t\t\t\tdata-title=\"15311565_1109110595810825_375920372_o\"\n\t\t\t\tdata-description=\"\"\n\t\t\t\tdata-image-slug=\"15311565_1109110595810825_375920372_o\"\n\t\t\t\tclass=\"ngg-fancybox\" rel=\"74d739e75f1cecbb1f05c76f145d9030\">\n\t\t\t\t<img\n\t\t\t\t\ttitle=\"15311565_1109110595810825_375920372_o\"\n\t\t\t\t\talt=\"15311565_1109110595810825_375920372_o\"\n\t\t\t\t\tsrc=\"https:\/\/zabnica.e-przedszkolak.eu\/archiwum\/wp-content\/gallery\/andrzejki-2016\/thumbs\/thumbs_15311565_1109110595810825_375920372_o.jpg\"\n\t\t\t\t\twidth=\"240\"\n\t\t\t\t\theight=\"160\"\n\t\t\t\t\tstyle=\"max-width:100%;\"\n\t\t\t\t\/>\n\t\t\t<\/a>\n\t\t<\/div>\n\t\t\t\t\t\t\t<\/div>\n\t\t\t\n\t\t\t\t\t\t\t\t\t<br style=\"clear: both\" \/>\n\t\t\t\t\t\n\t\t\t\t<div id=\"ngg-image-2\" class=\"ngg-gallery-thumbnail-box\"\n\t\t\t\t\t\t\t\t\t\t\t>\n\t\t\t\t\t\t<div class=\"ngg-gallery-thumbnail\">\n\t\t\t<a href=\"https:\/\/zabnica.e-przedszkolak.eu\/archiwum\/wp-content\/gallery\/andrzejki-2016\/15322400_1109110115810873_612482980_o.jpg\"\n\t\t\t\ttitle=\"\"\n\t\t\t\tdata-src=\"https:\/\/zabnica.e-przedszkolak.eu\/archiwum\/wp-content\/gallery\/andrzejki-2016\/15322400_1109110115810873_612482980_o.jpg\"\n\t\t\t\tdata-thumbnail=\"https:\/\/zabnica.e-przedszkolak.eu\/archiwum\/wp-content\/gallery\/andrzejki-2016\/thumbs\/thumbs_15322400_1109110115810873_612482980_o.jpg\"\n\t\t\t\tdata-image-id=\"942\"\n\t\t\t\tdata-title=\"15322400_1109110115810873_612482980_o\"\n\t\t\t\tdata-description=\"\"\n\t\t\t\tdata-image-slug=\"15322400_1109110115810873_612482980_o\"\n\t\t\t\tclass=\"ngg-fancybox\" rel=\"74d739e75f1cecbb1f05c76f145d9030\">\n\t\t\t\t<img\n\t\t\t\t\ttitle=\"15322400_1109110115810873_612482980_o\"\n\t\t\t\t\talt=\"15322400_1109110115810873_612482980_o\"\n\t\t\t\t\tsrc=\"https:\/\/zabnica.e-przedszkolak.eu\/archiwum\/wp-content\/gallery\/andrzejki-2016\/thumbs\/thumbs_15322400_1109110115810873_612482980_o.jpg\"\n\t\t\t\t\twidth=\"240\"\n\t\t\t\t\theight=\"160\"\n\t\t\t\t\tstyle=\"max-width:100%;\"\n\t\t\t\t\/>\n\t\t\t<\/a>\n\t\t<\/div>\n\t\t\t\t\t\t\t<\/div>\n\t\t\t\n\t\t\t\t\t\t\t\n\t\t\t\t<div id=\"ngg-image-3\" class=\"ngg-gallery-thumbnail-box\"\n\t\t\t\t\t\t\t\t\t\t\t>\n\t\t\t\t\t\t<div class=\"ngg-gallery-thumbnail\">\n\t\t\t<a href=\"https:\/\/zabnica.e-przedszkolak.eu\/archiwum\/wp-content\/gallery\/andrzejki-2016\/15322533_1109110182477533_249680107_o.jpg\"\n\t\t\t\ttitle=\"\"\n\t\t\t\tdata-src=\"https:\/\/zabnica.e-przedszkolak.eu\/archiwum\/wp-content\/gallery\/andrzejki-2016\/15322533_1109110182477533_249680107_o.jpg\"\n\t\t\t\tdata-thumbnail=\"https:\/\/zabnica.e-przedszkolak.eu\/archiwum\/wp-content\/gallery\/andrzejki-2016\/thumbs\/thumbs_15322533_1109110182477533_249680107_o.jpg\"\n\t\t\t\tdata-image-id=\"943\"\n\t\t\t\tdata-title=\"15322533_1109110182477533_249680107_o\"\n\t\t\t\tdata-description=\"\"\n\t\t\t\tdata-image-slug=\"15322533_1109110182477533_249680107_o\"\n\t\t\t\tclass=\"ngg-fancybox\" rel=\"74d739e75f1cecbb1f05c76f145d9030\">\n\t\t\t\t<img\n\t\t\t\t\ttitle=\"15322533_1109110182477533_249680107_o\"\n\t\t\t\t\talt=\"15322533_1109110182477533_249680107_o\"\n\t\t\t\t\tsrc=\"https:\/\/zabnica.e-przedszkolak.eu\/archiwum\/wp-content\/gallery\/andrzejki-2016\/thumbs\/thumbs_15322533_1109110182477533_249680107_o.jpg\"\n\t\t\t\t\twidth=\"240\"\n\t\t\t\t\theight=\"160\"\n\t\t\t\t\tstyle=\"max-width:100%;\"\n\t\t\t\t\/>\n\t\t\t<\/a>\n\t\t<\/div>\n\t\t\t\t\t\t\t<\/div>\n\t\t\t\n\t\t\t\t\t\t\t\t\t<br style=\"clear: both\" \/>\n\t\t\t\t\t\n\t\t\t\t<div id=\"ngg-image-4\" class=\"ngg-gallery-thumbnail-box\"\n\t\t\t\t\t\t\t\t\t\t\t>\n\t\t\t\t\t\t<div class=\"ngg-gallery-thumbnail\">\n\t\t\t<a href=\"https:\/\/zabnica.e-przedszkolak.eu\/archiwum\/wp-content\/gallery\/andrzejki-2016\/15388752_1109110019144216_998609813_o.jpg\"\n\t\t\t\ttitle=\"\"\n\t\t\t\tdata-src=\"https:\/\/zabnica.e-przedszkolak.eu\/archiwum\/wp-content\/gallery\/andrzejki-2016\/15388752_1109110019144216_998609813_o.jpg\"\n\t\t\t\tdata-thumbnail=\"https:\/\/zabnica.e-przedszkolak.eu\/archiwum\/wp-content\/gallery\/andrzejki-2016\/thumbs\/thumbs_15388752_1109110019144216_998609813_o.jpg\"\n\t\t\t\tdata-image-id=\"944\"\n\t\t\t\tdata-title=\"15388752_1109110019144216_998609813_o\"\n\t\t\t\tdata-description=\"\"\n\t\t\t\tdata-image-slug=\"15388752_1109110019144216_998609813_o\"\n\t\t\t\tclass=\"ngg-fancybox\" rel=\"74d739e75f1cecbb1f05c76f145d9030\">\n\t\t\t\t<img\n\t\t\t\t\ttitle=\"15388752_1109110019144216_998609813_o\"\n\t\t\t\t\talt=\"15388752_1109110019144216_998609813_o\"\n\t\t\t\t\tsrc=\"https:\/\/zabnica.e-przedszkolak.eu\/archiwum\/wp-content\/gallery\/andrzejki-2016\/thumbs\/thumbs_15388752_1109110019144216_998609813_o.jpg\"\n\t\t\t\t\twidth=\"240\"\n\t\t\t\t\theight=\"160\"\n\t\t\t\t\tstyle=\"max-width:100%;\"\n\t\t\t\t\/>\n\t\t\t<\/a>\n\t\t<\/div>\n\t\t\t\t\t\t\t<\/div>\n\t\t\t\n\t\t\t\t\t\t\t\n\t\t\t\t<div id=\"ngg-image-5\" class=\"ngg-gallery-thumbnail-box\"\n\t\t\t\t\t\t\t\t\t\t\t>\n\t\t\t\t\t\t<div class=\"ngg-gallery-thumbnail\">\n\t\t\t<a href=\"https:\/\/zabnica.e-przedszkolak.eu\/archiwum\/wp-content\/gallery\/andrzejki-2016\/15397610_1109110409144177_1178403095_o.jpg\"\n\t\t\t\ttitle=\"\"\n\t\t\t\tdata-src=\"https:\/\/zabnica.e-przedszkolak.eu\/archiwum\/wp-content\/gallery\/andrzejki-2016\/15397610_1109110409144177_1178403095_o.jpg\"\n\t\t\t\tdata-thumbnail=\"https:\/\/zabnica.e-przedszkolak.eu\/archiwum\/wp-content\/gallery\/andrzejki-2016\/thumbs\/thumbs_15397610_1109110409144177_1178403095_o.jpg\"\n\t\t\t\tdata-image-id=\"945\"\n\t\t\t\tdata-title=\"15397610_1109110409144177_1178403095_o\"\n\t\t\t\tdata-description=\"\"\n\t\t\t\tdata-image-slug=\"15397610_1109110409144177_1178403095_o\"\n\t\t\t\tclass=\"ngg-fancybox\" rel=\"74d739e75f1cecbb1f05c76f145d9030\">\n\t\t\t\t<img\n\t\t\t\t\ttitle=\"15397610_1109110409144177_1178403095_o\"\n\t\t\t\t\talt=\"15397610_1109110409144177_1178403095_o\"\n\t\t\t\t\tsrc=\"https:\/\/zabnica.e-przedszkolak.eu\/archiwum\/wp-content\/gallery\/andrzejki-2016\/thumbs\/thumbs_15397610_1109110409144177_1178403095_o.jpg\"\n\t\t\t\t\twidth=\"240\"\n\t\t\t\t\theight=\"160\"\n\t\t\t\t\tstyle=\"max-width:100%;\"\n\t\t\t\t\/>\n\t\t\t<\/a>\n\t\t<\/div>\n\t\t\t\t\t\t\t<\/div>\n\t\t\t\n\t\t\t\t\t\t\t\t\t<br style=\"clear: both\" \/>\n\t\t\t\t\t\n\t\t\t\t<div id=\"ngg-image-6\" class=\"ngg-gallery-thumbnail-box\"\n\t\t\t\t\t\t\t\t\t\t\t>\n\t\t\t\t\t\t<div class=\"ngg-gallery-thumbnail\">\n\t\t\t<a href=\"https:\/\/zabnica.e-przedszkolak.eu\/archiwum\/wp-content\/gallery\/andrzejki-2016\/15399009_1109110485810836_230662534_o.jpg\"\n\t\t\t\ttitle=\"\"\n\t\t\t\tdata-src=\"https:\/\/zabnica.e-przedszkolak.eu\/archiwum\/wp-content\/gallery\/andrzejki-2016\/15399009_1109110485810836_230662534_o.jpg\"\n\t\t\t\tdata-thumbnail=\"https:\/\/zabnica.e-przedszkolak.eu\/archiwum\/wp-content\/gallery\/andrzejki-2016\/thumbs\/thumbs_15399009_1109110485810836_230662534_o.jpg\"\n\t\t\t\tdata-image-id=\"946\"\n\t\t\t\tdata-title=\"15399009_1109110485810836_230662534_o\"\n\t\t\t\tdata-description=\"\"\n\t\t\t\tdata-image-slug=\"15399009_1109110485810836_230662534_o\"\n\t\t\t\tclass=\"ngg-fancybox\" rel=\"74d739e75f1cecbb1f05c76f145d9030\">\n\t\t\t\t<img\n\t\t\t\t\ttitle=\"15399009_1109110485810836_230662534_o\"\n\t\t\t\t\talt=\"15399009_1109110485810836_230662534_o\"\n\t\t\t\t\tsrc=\"https:\/\/zabnica.e-przedszkolak.eu\/archiwum\/wp-content\/gallery\/andrzejki-2016\/thumbs\/thumbs_15399009_1109110485810836_230662534_o.jpg\"\n\t\t\t\t\twidth=\"240\"\n\t\t\t\t\theight=\"160\"\n\t\t\t\t\tstyle=\"max-width:100%;\"\n\t\t\t\t\/>\n\t\t\t<\/a>\n\t\t<\/div>\n\t\t\t\t\t\t\t<\/div>\n\t\t\t\n\t\t\t\t\t\t\t\n\t\t\n\t\t<!-- Pagination -->\n\t\t<div class='ngg-clear'><\/div>\t<\/div>\n<\/p>\n","protected":false},"excerpt":{"rendered":"<p>W rym roku go\u015bcili\u015bmy w naszym przedszkolu Pani\u0105 Janin\u0119 Roma\u0144sk\u0105, kt\u00f3ra w pi\u0119knym ludowym stroju przybli\u017ca\u0142a dzieciom tradycje zwi\u0105zane z wieczorem andrzejkowym. Dzieci uczestniczy\u0142y w zabawach i wr\u00f3\u017cbach, bawi\u0142y si\u0119 weso\u0142o przy muzyce.<\/p>\n","protected":false},"author":2,"featured_media":2264,"comment_status":"open","ping_status":"open","sticky":false,"template":"","format":"standard","meta":{"ngg_post_thumbnail":0,"footnotes":""},"categories":[1],"tags":[],"class_list":["post-2246","post","type-post","status-publish","format-standard","has-post-thumbnail","hentry","category-bez-kategorii"],"_links":{"self":[{"href":"https:\/\/zabnica.e-przedszkolak.eu\/archiwum\/wp-json\/wp\/v2\/posts\/2246","targetHints":{"allow":["GET"]}}],"collection":[{"href":"https:\/\/zabnica.e-przedszkolak.eu\/archiwum\/wp-json\/wp\/v2\/posts"}],"about":[{"href":"https:\/\/zabnica.e-przedszkolak.eu\/archiwum\/wp-json\/wp\/v2\/types\/post"}],"author":[{"embeddable":true,"href":"https:\/\/zabnica.e-przedszkolak.eu\/archiwum\/wp-json\/wp\/v2\/users\/2"}],"replies":[{"embeddable":true,"href":"https:\/\/zabnica.e-przedszkolak.eu\/archiwum\/wp-json\/wp\/v2\/comments?post=2246"}],"version-history":[{"count":1,"href":"https:\/\/zabnica.e-przedszkolak.eu\/archiwum\/wp-json\/wp\/v2\/posts\/2246\/revisions"}],"predecessor-version":[{"id":2265,"href":"https:\/\/zabnica.e-przedszkolak.eu\/archiwum\/wp-json\/wp\/v2\/posts\/2246\/revisions\/2265"}],"wp:featuredmedia":[{"embeddable":true,"href":"https:\/\/zabnica.e-przedszkolak.eu\/archiwum\/wp-json\/wp\/v2\/media\/2264"}],"wp:attachment":[{"href":"https:\/\/zabnica.e-przedszkolak.eu\/archiwum\/wp-json\/wp\/v2\/media?parent=2246"}],"wp:term":[{"taxonomy":"category","embeddable":true,"href":"https:\/\/zabnica.e-przedszkolak.eu\/archiwum\/wp-json\/wp\/v2\/categories?post=2246"},{"taxonomy":"post_tag","embeddable":true,"href":"https:\/\/zabnica.e-przedszkolak.eu\/archiwum\/wp-json\/wp\/v2\/tags?post=2246"}],"curies":[{"name":"wp","href":"https:\/\/api.w.org\/{rel}","templated":true}]}}