 {"id":2267,"date":"2017-02-09T09:04:20","date_gmt":"2017-02-09T08:04:20","guid":{"rendered":"https:\/\/zabnica.e-przedszkolak.eu\/?p=2267"},"modified":"2017-02-09T09:04:20","modified_gmt":"2017-02-09T08:04:20","slug":"wigilijka-przedszkolna","status":"publish","type":"post","link":"https:\/\/zabnica.e-przedszkolak.eu\/archiwum\/2017\/02\/09\/wigilijka-przedszkolna\/","title":{"rendered":"Wigilijka przedszkolna"},"content":{"rendered":"<p style=\"text-align: justify;\">W naszym przedszkolu odby\u0142a si\u0119 uroczysto\u015b\u0107 z okazji zbli\u017caj\u0105cych si\u0119 \u015awiat Bo\u017cego Narodzenia. W programie artystycznym wzi\u0119\u0142y udzia\u0142 wszystkie przedszkolaki. Po wsp\u00f3lnym kol\u0119dowaniu z muzykami oraz obejrzeniu Jase\u0142ek przygotowanych przez uczni\u00f3w szko\u0142y podstawowej, dzieci wraz z wychowawcami z\u0142o\u017cy\u0142y sobie \u017cyczenia, \u0142ama\u0142y si\u0119 op\u0142atkiem, przekaza\u0142y betlejemskie \u015bwiat\u0142o. <!--more--><\/p>\n<p style=\"text-align: justify;\"><!-- index.php -->\n<div\n\tclass=\"ngg-galleryoverview\n\t ngg-ajax-pagination-none\t\"\n\tid=\"ngg-gallery-9e09bffe7c31ab20a1040252785bdd36-1\">\n\n\t\t\t<!-- Thumbnails -->\n\t\t\t\t<div id=\"ngg-image-0\" class=\"ngg-gallery-thumbnail-box\"\n\t\t\t\t\t\t\t\t\t\t\t>\n\t\t\t\t\t\t<div class=\"ngg-gallery-thumbnail\">\n\t\t\t<a href=\"https:\/\/zabnica.e-przedszkolak.eu\/archiwum\/wp-content\/gallery\/wigilijka-przedszkolna\/15391019_134980033657234_7604460380278400028_n.jpg\"\n\t\t\t\ttitle=\"\"\n\t\t\t\tdata-src=\"https:\/\/zabnica.e-przedszkolak.eu\/archiwum\/wp-content\/gallery\/wigilijka-przedszkolna\/15391019_134980033657234_7604460380278400028_n.jpg\"\n\t\t\t\tdata-thumbnail=\"https:\/\/zabnica.e-przedszkolak.eu\/archiwum\/wp-content\/gallery\/wigilijka-przedszkolna\/thumbs\/thumbs_15391019_134980033657234_7604460380278400028_n.jpg\"\n\t\t\t\tdata-image-id=\"947\"\n\t\t\t\tdata-title=\"15391019_134980033657234_7604460380278400028_n\"\n\t\t\t\tdata-description=\"\"\n\t\t\t\tdata-image-slug=\"15391019_134980033657234_7604460380278400028_n\"\n\t\t\t\tclass=\"ngg-fancybox\" rel=\"9e09bffe7c31ab20a1040252785bdd36\">\n\t\t\t\t<img\n\t\t\t\t\ttitle=\"15391019_134980033657234_7604460380278400028_n\"\n\t\t\t\t\talt=\"15391019_134980033657234_7604460380278400028_n\"\n\t\t\t\t\tsrc=\"https:\/\/zabnica.e-przedszkolak.eu\/archiwum\/wp-content\/gallery\/wigilijka-przedszkolna\/thumbs\/thumbs_15391019_134980033657234_7604460380278400028_n.jpg\"\n\t\t\t\t\twidth=\"240\"\n\t\t\t\t\theight=\"160\"\n\t\t\t\t\tstyle=\"max-width:100%;\"\n\t\t\t\t\/>\n\t\t\t<\/a>\n\t\t<\/div>\n\t\t\t\t\t\t\t<\/div>\n\t\t\t\n\t\t\t\t\t\t\t\n\t\t\t\t<div id=\"ngg-image-1\" class=\"ngg-gallery-thumbnail-box\"\n\t\t\t\t\t\t\t\t\t\t\t>\n\t\t\t\t\t\t<div class=\"ngg-gallery-thumbnail\">\n\t\t\t<a href=\"https:\/\/zabnica.e-przedszkolak.eu\/archiwum\/wp-content\/gallery\/wigilijka-przedszkolna\/15391096_134981786990392_5005574745173860304_n.jpg\"\n\t\t\t\ttitle=\"\"\n\t\t\t\tdata-src=\"https:\/\/zabnica.e-przedszkolak.eu\/archiwum\/wp-content\/gallery\/wigilijka-przedszkolna\/15391096_134981786990392_5005574745173860304_n.jpg\"\n\t\t\t\tdata-thumbnail=\"https:\/\/zabnica.e-przedszkolak.eu\/archiwum\/wp-content\/gallery\/wigilijka-przedszkolna\/thumbs\/thumbs_15391096_134981786990392_5005574745173860304_n.jpg\"\n\t\t\t\tdata-image-id=\"948\"\n\t\t\t\tdata-title=\"15391096_134981786990392_5005574745173860304_n\"\n\t\t\t\tdata-description=\"\"\n\t\t\t\tdata-image-slug=\"15391096_134981786990392_5005574745173860304_n\"\n\t\t\t\tclass=\"ngg-fancybox\" rel=\"9e09bffe7c31ab20a1040252785bdd36\">\n\t\t\t\t<img\n\t\t\t\t\ttitle=\"15391096_134981786990392_5005574745173860304_n\"\n\t\t\t\t\talt=\"15391096_134981786990392_5005574745173860304_n\"\n\t\t\t\t\tsrc=\"https:\/\/zabnica.e-przedszkolak.eu\/archiwum\/wp-content\/gallery\/wigilijka-przedszkolna\/thumbs\/thumbs_15391096_134981786990392_5005574745173860304_n.jpg\"\n\t\t\t\t\twidth=\"240\"\n\t\t\t\t\theight=\"160\"\n\t\t\t\t\tstyle=\"max-width:100%;\"\n\t\t\t\t\/>\n\t\t\t<\/a>\n\t\t<\/div>\n\t\t\t\t\t\t\t<\/div>\n\t\t\t\n\t\t\t\t\t\t\t\t\t<br style=\"clear: both\" \/>\n\t\t\t\t\t\n\t\t\t\t<div id=\"ngg-image-2\" class=\"ngg-gallery-thumbnail-box\"\n\t\t\t\t\t\t\t\t\t\t\t>\n\t\t\t\t\t\t<div class=\"ngg-gallery-thumbnail\">\n\t\t\t<a href=\"https:\/\/zabnica.e-przedszkolak.eu\/archiwum\/wp-content\/gallery\/wigilijka-przedszkolna\/15439848_134981553657082_8066375843304571749_n.jpg\"\n\t\t\t\ttitle=\"\"\n\t\t\t\tdata-src=\"https:\/\/zabnica.e-przedszkolak.eu\/archiwum\/wp-content\/gallery\/wigilijka-przedszkolna\/15439848_134981553657082_8066375843304571749_n.jpg\"\n\t\t\t\tdata-thumbnail=\"https:\/\/zabnica.e-przedszkolak.eu\/archiwum\/wp-content\/gallery\/wigilijka-przedszkolna\/thumbs\/thumbs_15439848_134981553657082_8066375843304571749_n.jpg\"\n\t\t\t\tdata-image-id=\"949\"\n\t\t\t\tdata-title=\"15439848_134981553657082_8066375843304571749_n\"\n\t\t\t\tdata-description=\"\"\n\t\t\t\tdata-image-slug=\"15439848_134981553657082_8066375843304571749_n\"\n\t\t\t\tclass=\"ngg-fancybox\" rel=\"9e09bffe7c31ab20a1040252785bdd36\">\n\t\t\t\t<img\n\t\t\t\t\ttitle=\"15439848_134981553657082_8066375843304571749_n\"\n\t\t\t\t\talt=\"15439848_134981553657082_8066375843304571749_n\"\n\t\t\t\t\tsrc=\"https:\/\/zabnica.e-przedszkolak.eu\/archiwum\/wp-content\/gallery\/wigilijka-przedszkolna\/thumbs\/thumbs_15439848_134981553657082_8066375843304571749_n.jpg\"\n\t\t\t\t\twidth=\"240\"\n\t\t\t\t\theight=\"160\"\n\t\t\t\t\tstyle=\"max-width:100%;\"\n\t\t\t\t\/>\n\t\t\t<\/a>\n\t\t<\/div>\n\t\t\t\t\t\t\t<\/div>\n\t\t\t\n\t\t\t\t\t\t\t\n\t\t\t\t<div id=\"ngg-image-3\" class=\"ngg-gallery-thumbnail-box\"\n\t\t\t\t\t\t\t\t\t\t\t>\n\t\t\t\t\t\t<div class=\"ngg-gallery-thumbnail\">\n\t\t\t<a href=\"https:\/\/zabnica.e-przedszkolak.eu\/archiwum\/wp-content\/gallery\/wigilijka-przedszkolna\/15439861_134981643657073_7403662731721601176_n.jpg\"\n\t\t\t\ttitle=\"\"\n\t\t\t\tdata-src=\"https:\/\/zabnica.e-przedszkolak.eu\/archiwum\/wp-content\/gallery\/wigilijka-przedszkolna\/15439861_134981643657073_7403662731721601176_n.jpg\"\n\t\t\t\tdata-thumbnail=\"https:\/\/zabnica.e-przedszkolak.eu\/archiwum\/wp-content\/gallery\/wigilijka-przedszkolna\/thumbs\/thumbs_15439861_134981643657073_7403662731721601176_n.jpg\"\n\t\t\t\tdata-image-id=\"950\"\n\t\t\t\tdata-title=\"15439861_134981643657073_7403662731721601176_n\"\n\t\t\t\tdata-description=\"\"\n\t\t\t\tdata-image-slug=\"15439861_134981643657073_7403662731721601176_n\"\n\t\t\t\tclass=\"ngg-fancybox\" rel=\"9e09bffe7c31ab20a1040252785bdd36\">\n\t\t\t\t<img\n\t\t\t\t\ttitle=\"15439861_134981643657073_7403662731721601176_n\"\n\t\t\t\t\talt=\"15439861_134981643657073_7403662731721601176_n\"\n\t\t\t\t\tsrc=\"https:\/\/zabnica.e-przedszkolak.eu\/archiwum\/wp-content\/gallery\/wigilijka-przedszkolna\/thumbs\/thumbs_15439861_134981643657073_7403662731721601176_n.jpg\"\n\t\t\t\t\twidth=\"240\"\n\t\t\t\t\theight=\"160\"\n\t\t\t\t\tstyle=\"max-width:100%;\"\n\t\t\t\t\/>\n\t\t\t<\/a>\n\t\t<\/div>\n\t\t\t\t\t\t\t<\/div>\n\t\t\t\n\t\t\t\t\t\t\t\t\t<br style=\"clear: both\" \/>\n\t\t\t\t\t\n\t\t\t\t<div id=\"ngg-image-4\" class=\"ngg-gallery-thumbnail-box\"\n\t\t\t\t\t\t\t\t\t\t\t>\n\t\t\t\t\t\t<div class=\"ngg-gallery-thumbnail\">\n\t\t\t<a href=\"https:\/\/zabnica.e-przedszkolak.eu\/archiwum\/wp-content\/gallery\/wigilijka-przedszkolna\/15492203_134982943656943_8431599217986475836_n.jpg\"\n\t\t\t\ttitle=\"\"\n\t\t\t\tdata-src=\"https:\/\/zabnica.e-przedszkolak.eu\/archiwum\/wp-content\/gallery\/wigilijka-przedszkolna\/15492203_134982943656943_8431599217986475836_n.jpg\"\n\t\t\t\tdata-thumbnail=\"https:\/\/zabnica.e-przedszkolak.eu\/archiwum\/wp-content\/gallery\/wigilijka-przedszkolna\/thumbs\/thumbs_15492203_134982943656943_8431599217986475836_n.jpg\"\n\t\t\t\tdata-image-id=\"951\"\n\t\t\t\tdata-title=\"15492203_134982943656943_8431599217986475836_n\"\n\t\t\t\tdata-description=\"\"\n\t\t\t\tdata-image-slug=\"15492203_134982943656943_8431599217986475836_n\"\n\t\t\t\tclass=\"ngg-fancybox\" rel=\"9e09bffe7c31ab20a1040252785bdd36\">\n\t\t\t\t<img\n\t\t\t\t\ttitle=\"15492203_134982943656943_8431599217986475836_n\"\n\t\t\t\t\talt=\"15492203_134982943656943_8431599217986475836_n\"\n\t\t\t\t\tsrc=\"https:\/\/zabnica.e-przedszkolak.eu\/archiwum\/wp-content\/gallery\/wigilijka-przedszkolna\/thumbs\/thumbs_15492203_134982943656943_8431599217986475836_n.jpg\"\n\t\t\t\t\twidth=\"240\"\n\t\t\t\t\theight=\"160\"\n\t\t\t\t\tstyle=\"max-width:100%;\"\n\t\t\t\t\/>\n\t\t\t<\/a>\n\t\t<\/div>\n\t\t\t\t\t\t\t<\/div>\n\t\t\t\n\t\t\t\t\t\t\t\n\t\t\t\t<div id=\"ngg-image-5\" class=\"ngg-gallery-thumbnail-box\"\n\t\t\t\t\t\t\t\t\t\t\t>\n\t\t\t\t\t\t<div class=\"ngg-gallery-thumbnail\">\n\t\t\t<a href=\"https:\/\/zabnica.e-przedszkolak.eu\/archiwum\/wp-content\/gallery\/wigilijka-przedszkolna\/15492620_134981100323794_8305509964149258874_n.jpg\"\n\t\t\t\ttitle=\"\"\n\t\t\t\tdata-src=\"https:\/\/zabnica.e-przedszkolak.eu\/archiwum\/wp-content\/gallery\/wigilijka-przedszkolna\/15492620_134981100323794_8305509964149258874_n.jpg\"\n\t\t\t\tdata-thumbnail=\"https:\/\/zabnica.e-przedszkolak.eu\/archiwum\/wp-content\/gallery\/wigilijka-przedszkolna\/thumbs\/thumbs_15492620_134981100323794_8305509964149258874_n.jpg\"\n\t\t\t\tdata-image-id=\"952\"\n\t\t\t\tdata-title=\"15492620_134981100323794_8305509964149258874_n\"\n\t\t\t\tdata-description=\"\"\n\t\t\t\tdata-image-slug=\"15492620_134981100323794_8305509964149258874_n\"\n\t\t\t\tclass=\"ngg-fancybox\" rel=\"9e09bffe7c31ab20a1040252785bdd36\">\n\t\t\t\t<img\n\t\t\t\t\ttitle=\"15492620_134981100323794_8305509964149258874_n\"\n\t\t\t\t\talt=\"15492620_134981100323794_8305509964149258874_n\"\n\t\t\t\t\tsrc=\"https:\/\/zabnica.e-przedszkolak.eu\/archiwum\/wp-content\/gallery\/wigilijka-przedszkolna\/thumbs\/thumbs_15492620_134981100323794_8305509964149258874_n.jpg\"\n\t\t\t\t\twidth=\"240\"\n\t\t\t\t\theight=\"160\"\n\t\t\t\t\tstyle=\"max-width:100%;\"\n\t\t\t\t\/>\n\t\t\t<\/a>\n\t\t<\/div>\n\t\t\t\t\t\t\t<\/div>\n\t\t\t\n\t\t\t\t\t\t\t\t\t<br style=\"clear: both\" \/>\n\t\t\t\t\t\n\t\t\t\t<div id=\"ngg-image-6\" class=\"ngg-gallery-thumbnail-box\"\n\t\t\t\t\t\t\t\t\t\t\t>\n\t\t\t\t\t\t<div class=\"ngg-gallery-thumbnail\">\n\t\t\t<a href=\"https:\/\/zabnica.e-przedszkolak.eu\/archiwum\/wp-content\/gallery\/wigilijka-przedszkolna\/15541382_134981056990465_5971519829699396673_n.jpg\"\n\t\t\t\ttitle=\"\"\n\t\t\t\tdata-src=\"https:\/\/zabnica.e-przedszkolak.eu\/archiwum\/wp-content\/gallery\/wigilijka-przedszkolna\/15541382_134981056990465_5971519829699396673_n.jpg\"\n\t\t\t\tdata-thumbnail=\"https:\/\/zabnica.e-przedszkolak.eu\/archiwum\/wp-content\/gallery\/wigilijka-przedszkolna\/thumbs\/thumbs_15541382_134981056990465_5971519829699396673_n.jpg\"\n\t\t\t\tdata-image-id=\"953\"\n\t\t\t\tdata-title=\"15541382_134981056990465_5971519829699396673_n\"\n\t\t\t\tdata-description=\"\"\n\t\t\t\tdata-image-slug=\"15541382_134981056990465_5971519829699396673_n\"\n\t\t\t\tclass=\"ngg-fancybox\" rel=\"9e09bffe7c31ab20a1040252785bdd36\">\n\t\t\t\t<img\n\t\t\t\t\ttitle=\"15541382_134981056990465_5971519829699396673_n\"\n\t\t\t\t\talt=\"15541382_134981056990465_5971519829699396673_n\"\n\t\t\t\t\tsrc=\"https:\/\/zabnica.e-przedszkolak.eu\/archiwum\/wp-content\/gallery\/wigilijka-przedszkolna\/thumbs\/thumbs_15541382_134981056990465_5971519829699396673_n.jpg\"\n\t\t\t\t\twidth=\"240\"\n\t\t\t\t\theight=\"160\"\n\t\t\t\t\tstyle=\"max-width:100%;\"\n\t\t\t\t\/>\n\t\t\t<\/a>\n\t\t<\/div>\n\t\t\t\t\t\t\t<\/div>\n\t\t\t\n\t\t\t\t\t\t\t\n\t\t\t\t<div id=\"ngg-image-7\" class=\"ngg-gallery-thumbnail-box\"\n\t\t\t\t\t\t\t\t\t\t\t>\n\t\t\t\t\t\t<div class=\"ngg-gallery-thumbnail\">\n\t\t\t<a href=\"https:\/\/zabnica.e-przedszkolak.eu\/archiwum\/wp-content\/gallery\/wigilijka-przedszkolna\/15541493_134982216990349_7862361987816214247_n.jpg\"\n\t\t\t\ttitle=\"\"\n\t\t\t\tdata-src=\"https:\/\/zabnica.e-przedszkolak.eu\/archiwum\/wp-content\/gallery\/wigilijka-przedszkolna\/15541493_134982216990349_7862361987816214247_n.jpg\"\n\t\t\t\tdata-thumbnail=\"https:\/\/zabnica.e-przedszkolak.eu\/archiwum\/wp-content\/gallery\/wigilijka-przedszkolna\/thumbs\/thumbs_15541493_134982216990349_7862361987816214247_n.jpg\"\n\t\t\t\tdata-image-id=\"954\"\n\t\t\t\tdata-title=\"15541493_134982216990349_7862361987816214247_n\"\n\t\t\t\tdata-description=\"\"\n\t\t\t\tdata-image-slug=\"15541493_134982216990349_7862361987816214247_n\"\n\t\t\t\tclass=\"ngg-fancybox\" rel=\"9e09bffe7c31ab20a1040252785bdd36\">\n\t\t\t\t<img\n\t\t\t\t\ttitle=\"15541493_134982216990349_7862361987816214247_n\"\n\t\t\t\t\talt=\"15541493_134982216990349_7862361987816214247_n\"\n\t\t\t\t\tsrc=\"https:\/\/zabnica.e-przedszkolak.eu\/archiwum\/wp-content\/gallery\/wigilijka-przedszkolna\/thumbs\/thumbs_15541493_134982216990349_7862361987816214247_n.jpg\"\n\t\t\t\t\twidth=\"240\"\n\t\t\t\t\theight=\"160\"\n\t\t\t\t\tstyle=\"max-width:100%;\"\n\t\t\t\t\/>\n\t\t\t<\/a>\n\t\t<\/div>\n\t\t\t\t\t\t\t<\/div>\n\t\t\t\n\t\t\t\t\t\t\t\t\t<br style=\"clear: both\" \/>\n\t\t\t\t\t\n\t\t\n\t\t<!-- Pagination -->\n\t\t<div class='ngg-navigation'><span class='current'>1<\/span>\n<a class='page-numbers' data-pageid='2' href='https:\/\/zabnica.e-przedszkolak.eu\/archiwum\/2017\/02\/09\/wigilijka-przedszkolna\/nggallery\/page\/2'>2<\/a>\n<a class='page-numbers' data-pageid='3' href='https:\/\/zabnica.e-przedszkolak.eu\/archiwum\/2017\/02\/09\/wigilijka-przedszkolna\/nggallery\/page\/3'>3<\/a>\n<a class='prev' href='https:\/\/zabnica.e-przedszkolak.eu\/archiwum\/2017\/02\/09\/wigilijka-przedszkolna\/nggallery\/page\/2' data-pageid=2>&#9658;<\/a><\/div>\t<\/div>\n<\/p>\n","protected":false},"excerpt":{"rendered":"<p>W naszym przedszkolu odby\u0142a si\u0119 uroczysto\u015b\u0107 z okazji zbli\u017caj\u0105cych si\u0119 \u015awiat Bo\u017cego Narodzenia. W programie artystycznym wzi\u0119\u0142y udzia\u0142 wszystkie przedszkolaki. Po wsp\u00f3lnym kol\u0119dowaniu z muzykami oraz obejrzeniu Jase\u0142ek przygotowanych przez uczni\u00f3w szko\u0142y podstawowej, dzieci wraz z wychowawcami z\u0142o\u017cy\u0142y sobie \u017cyczenia, \u0142ama\u0142y si\u0119 op\u0142atkiem, przekaza\u0142y betlejemskie \u015bwiat\u0142o.<\/p>\n","protected":false},"author":2,"featured_media":2309,"comment_status":"open","ping_status":"open","sticky":false,"template":"","format":"standard","meta":{"ngg_post_thumbnail":0,"footnotes":""},"categories":[1],"tags":[],"class_list":["post-2267","post","type-post","status-publish","format-standard","has-post-thumbnail","hentry","category-bez-kategorii"],"_links":{"self":[{"href":"https:\/\/zabnica.e-przedszkolak.eu\/archiwum\/wp-json\/wp\/v2\/posts\/2267","targetHints":{"allow":["GET"]}}],"collection":[{"href":"https:\/\/zabnica.e-przedszkolak.eu\/archiwum\/wp-json\/wp\/v2\/posts"}],"about":[{"href":"https:\/\/zabnica.e-przedszkolak.eu\/archiwum\/wp-json\/wp\/v2\/types\/post"}],"author":[{"embeddable":true,"href":"https:\/\/zabnica.e-przedszkolak.eu\/archiwum\/wp-json\/wp\/v2\/users\/2"}],"replies":[{"embeddable":true,"href":"https:\/\/zabnica.e-przedszkolak.eu\/archiwum\/wp-json\/wp\/v2\/comments?post=2267"}],"version-history":[{"count":1,"href":"https:\/\/zabnica.e-przedszkolak.eu\/archiwum\/wp-json\/wp\/v2\/posts\/2267\/revisions"}],"predecessor-version":[{"id":2310,"href":"https:\/\/zabnica.e-przedszkolak.eu\/archiwum\/wp-json\/wp\/v2\/posts\/2267\/revisions\/2310"}],"wp:featuredmedia":[{"embeddable":true,"href":"https:\/\/zabnica.e-przedszkolak.eu\/archiwum\/wp-json\/wp\/v2\/media\/2309"}],"wp:attachment":[{"href":"https:\/\/zabnica.e-przedszkolak.eu\/archiwum\/wp-json\/wp\/v2\/media?parent=2267"}],"wp:term":[{"taxonomy":"category","embeddable":true,"href":"https:\/\/zabnica.e-przedszkolak.eu\/archiwum\/wp-json\/wp\/v2\/categories?post=2267"},{"taxonomy":"post_tag","embeddable":true,"href":"https:\/\/zabnica.e-przedszkolak.eu\/archiwum\/wp-json\/wp\/v2\/tags?post=2267"}],"curies":[{"name":"wp","href":"https:\/\/api.w.org\/{rel}","templated":true}]}}