 {"id":2373,"date":"2017-02-09T09:11:04","date_gmt":"2017-02-09T08:11:04","guid":{"rendered":"https:\/\/zabnica.e-przedszkolak.eu\/?p=2373"},"modified":"2017-02-09T09:11:04","modified_gmt":"2017-02-09T08:11:04","slug":"wizyta-swietego-mikolaja","status":"publish","type":"post","link":"https:\/\/zabnica.e-przedszkolak.eu\/archiwum\/2017\/02\/09\/wizyta-swietego-mikolaja\/","title":{"rendered":"Wizyta \u015awi\u0119tego Miko\u0142aja"},"content":{"rendered":"<p style=\"text-align: justify;\" align=\"left\">\u015awi\u0119ty Miko\u0142aj lubi odwiedza\u0107 dzieci w ka\u017cdym miejscu na ca\u0142ym \u015bwiecie. 6 grudnia z workiem pe\u0142nym prezent\u00f3w przyjecha\u0142 r\u00f3wnie\u017c do naszego przedszkola<!--more--><\/p>\n<p style=\"text-align: justify;\" align=\"left\"><!-- index.php -->\n<div\n\tclass=\"ngg-galleryoverview\n\t ngg-ajax-pagination-none\t\"\n\tid=\"ngg-gallery-5a660ca0bfa13bc3c976dd3dc62723b6-1\">\n\n\t\t\t<!-- Thumbnails -->\n\t\t\t\t<div id=\"ngg-image-0\" class=\"ngg-gallery-thumbnail-box\"\n\t\t\t\t\t\t\t\t\t\t\t>\n\t\t\t\t\t\t<div class=\"ngg-gallery-thumbnail\">\n\t\t\t<a href=\"https:\/\/zabnica.e-przedszkolak.eu\/archiwum\/wp-content\/gallery\/wizyta-swietego-mikolaja\/15241945_123218538166717_4097176025369045937_n.jpg\"\n\t\t\t\ttitle=\"\"\n\t\t\t\tdata-src=\"https:\/\/zabnica.e-przedszkolak.eu\/archiwum\/wp-content\/gallery\/wizyta-swietego-mikolaja\/15241945_123218538166717_4097176025369045937_n.jpg\"\n\t\t\t\tdata-thumbnail=\"https:\/\/zabnica.e-przedszkolak.eu\/archiwum\/wp-content\/gallery\/wizyta-swietego-mikolaja\/thumbs\/thumbs_15241945_123218538166717_4097176025369045937_n.jpg\"\n\t\t\t\tdata-image-id=\"994\"\n\t\t\t\tdata-title=\"15241945_123218538166717_4097176025369045937_n\"\n\t\t\t\tdata-description=\"\"\n\t\t\t\tdata-image-slug=\"15241945_123218538166717_4097176025369045937_n\"\n\t\t\t\tclass=\"ngg-fancybox\" rel=\"5a660ca0bfa13bc3c976dd3dc62723b6\">\n\t\t\t\t<img\n\t\t\t\t\ttitle=\"15241945_123218538166717_4097176025369045937_n\"\n\t\t\t\t\talt=\"15241945_123218538166717_4097176025369045937_n\"\n\t\t\t\t\tsrc=\"https:\/\/zabnica.e-przedszkolak.eu\/archiwum\/wp-content\/gallery\/wizyta-swietego-mikolaja\/thumbs\/thumbs_15241945_123218538166717_4097176025369045937_n.jpg\"\n\t\t\t\t\twidth=\"240\"\n\t\t\t\t\theight=\"160\"\n\t\t\t\t\tstyle=\"max-width:100%;\"\n\t\t\t\t\/>\n\t\t\t<\/a>\n\t\t<\/div>\n\t\t\t\t\t\t\t<\/div>\n\t\t\t\n\t\t\t\t\t\t\t\n\t\t\t\t<div id=\"ngg-image-1\" class=\"ngg-gallery-thumbnail-box\"\n\t\t\t\t\t\t\t\t\t\t\t>\n\t\t\t\t\t\t<div class=\"ngg-gallery-thumbnail\">\n\t\t\t<a href=\"https:\/\/zabnica.e-przedszkolak.eu\/archiwum\/wp-content\/gallery\/wizyta-swietego-mikolaja\/15267938_123216944833543_4508585540336636565_n.jpg\"\n\t\t\t\ttitle=\"\"\n\t\t\t\tdata-src=\"https:\/\/zabnica.e-przedszkolak.eu\/archiwum\/wp-content\/gallery\/wizyta-swietego-mikolaja\/15267938_123216944833543_4508585540336636565_n.jpg\"\n\t\t\t\tdata-thumbnail=\"https:\/\/zabnica.e-przedszkolak.eu\/archiwum\/wp-content\/gallery\/wizyta-swietego-mikolaja\/thumbs\/thumbs_15267938_123216944833543_4508585540336636565_n.jpg\"\n\t\t\t\tdata-image-id=\"995\"\n\t\t\t\tdata-title=\"15267938_123216944833543_4508585540336636565_n\"\n\t\t\t\tdata-description=\"\"\n\t\t\t\tdata-image-slug=\"15267938_123216944833543_4508585540336636565_n\"\n\t\t\t\tclass=\"ngg-fancybox\" rel=\"5a660ca0bfa13bc3c976dd3dc62723b6\">\n\t\t\t\t<img\n\t\t\t\t\ttitle=\"15267938_123216944833543_4508585540336636565_n\"\n\t\t\t\t\talt=\"15267938_123216944833543_4508585540336636565_n\"\n\t\t\t\t\tsrc=\"https:\/\/zabnica.e-przedszkolak.eu\/archiwum\/wp-content\/gallery\/wizyta-swietego-mikolaja\/thumbs\/thumbs_15267938_123216944833543_4508585540336636565_n.jpg\"\n\t\t\t\t\twidth=\"240\"\n\t\t\t\t\theight=\"160\"\n\t\t\t\t\tstyle=\"max-width:100%;\"\n\t\t\t\t\/>\n\t\t\t<\/a>\n\t\t<\/div>\n\t\t\t\t\t\t\t<\/div>\n\t\t\t\n\t\t\t\t\t\t\t\t\t<br style=\"clear: both\" \/>\n\t\t\t\t\t\n\t\t\t\t<div id=\"ngg-image-2\" class=\"ngg-gallery-thumbnail-box\"\n\t\t\t\t\t\t\t\t\t\t\t>\n\t\t\t\t\t\t<div class=\"ngg-gallery-thumbnail\">\n\t\t\t<a href=\"https:\/\/zabnica.e-przedszkolak.eu\/archiwum\/wp-content\/gallery\/wizyta-swietego-mikolaja\/15284819_123217761500128_7564056701168726046_n.jpg\"\n\t\t\t\ttitle=\"\"\n\t\t\t\tdata-src=\"https:\/\/zabnica.e-przedszkolak.eu\/archiwum\/wp-content\/gallery\/wizyta-swietego-mikolaja\/15284819_123217761500128_7564056701168726046_n.jpg\"\n\t\t\t\tdata-thumbnail=\"https:\/\/zabnica.e-przedszkolak.eu\/archiwum\/wp-content\/gallery\/wizyta-swietego-mikolaja\/thumbs\/thumbs_15284819_123217761500128_7564056701168726046_n.jpg\"\n\t\t\t\tdata-image-id=\"996\"\n\t\t\t\tdata-title=\"15284819_123217761500128_7564056701168726046_n\"\n\t\t\t\tdata-description=\"\"\n\t\t\t\tdata-image-slug=\"15284819_123217761500128_7564056701168726046_n\"\n\t\t\t\tclass=\"ngg-fancybox\" rel=\"5a660ca0bfa13bc3c976dd3dc62723b6\">\n\t\t\t\t<img\n\t\t\t\t\ttitle=\"15284819_123217761500128_7564056701168726046_n\"\n\t\t\t\t\talt=\"15284819_123217761500128_7564056701168726046_n\"\n\t\t\t\t\tsrc=\"https:\/\/zabnica.e-przedszkolak.eu\/archiwum\/wp-content\/gallery\/wizyta-swietego-mikolaja\/thumbs\/thumbs_15284819_123217761500128_7564056701168726046_n.jpg\"\n\t\t\t\t\twidth=\"240\"\n\t\t\t\t\theight=\"160\"\n\t\t\t\t\tstyle=\"max-width:100%;\"\n\t\t\t\t\/>\n\t\t\t<\/a>\n\t\t<\/div>\n\t\t\t\t\t\t\t<\/div>\n\t\t\t\n\t\t\t\t\t\t\t\n\t\t\t\t<div id=\"ngg-image-3\" class=\"ngg-gallery-thumbnail-box\"\n\t\t\t\t\t\t\t\t\t\t\t>\n\t\t\t\t\t\t<div class=\"ngg-gallery-thumbnail\">\n\t\t\t<a href=\"https:\/\/zabnica.e-przedszkolak.eu\/archiwum\/wp-content\/gallery\/wizyta-swietego-mikolaja\/15284922_123217131500191_7535496049978427241_n.jpg\"\n\t\t\t\ttitle=\"\"\n\t\t\t\tdata-src=\"https:\/\/zabnica.e-przedszkolak.eu\/archiwum\/wp-content\/gallery\/wizyta-swietego-mikolaja\/15284922_123217131500191_7535496049978427241_n.jpg\"\n\t\t\t\tdata-thumbnail=\"https:\/\/zabnica.e-przedszkolak.eu\/archiwum\/wp-content\/gallery\/wizyta-swietego-mikolaja\/thumbs\/thumbs_15284922_123217131500191_7535496049978427241_n.jpg\"\n\t\t\t\tdata-image-id=\"997\"\n\t\t\t\tdata-title=\"15284922_123217131500191_7535496049978427241_n\"\n\t\t\t\tdata-description=\"\"\n\t\t\t\tdata-image-slug=\"15284922_123217131500191_7535496049978427241_n\"\n\t\t\t\tclass=\"ngg-fancybox\" rel=\"5a660ca0bfa13bc3c976dd3dc62723b6\">\n\t\t\t\t<img\n\t\t\t\t\ttitle=\"15284922_123217131500191_7535496049978427241_n\"\n\t\t\t\t\talt=\"15284922_123217131500191_7535496049978427241_n\"\n\t\t\t\t\tsrc=\"https:\/\/zabnica.e-przedszkolak.eu\/archiwum\/wp-content\/gallery\/wizyta-swietego-mikolaja\/thumbs\/thumbs_15284922_123217131500191_7535496049978427241_n.jpg\"\n\t\t\t\t\twidth=\"240\"\n\t\t\t\t\theight=\"160\"\n\t\t\t\t\tstyle=\"max-width:100%;\"\n\t\t\t\t\/>\n\t\t\t<\/a>\n\t\t<\/div>\n\t\t\t\t\t\t\t<\/div>\n\t\t\t\n\t\t\t\t\t\t\t\t\t<br style=\"clear: both\" \/>\n\t\t\t\t\t\n\t\t\t\t<div id=\"ngg-image-4\" class=\"ngg-gallery-thumbnail-box\"\n\t\t\t\t\t\t\t\t\t\t\t>\n\t\t\t\t\t\t<div class=\"ngg-gallery-thumbnail\">\n\t\t\t<a href=\"https:\/\/zabnica.e-przedszkolak.eu\/archiwum\/wp-content\/gallery\/wizyta-swietego-mikolaja\/15285012_123227504832487_2964442264003504866_n.jpg\"\n\t\t\t\ttitle=\"\"\n\t\t\t\tdata-src=\"https:\/\/zabnica.e-przedszkolak.eu\/archiwum\/wp-content\/gallery\/wizyta-swietego-mikolaja\/15285012_123227504832487_2964442264003504866_n.jpg\"\n\t\t\t\tdata-thumbnail=\"https:\/\/zabnica.e-przedszkolak.eu\/archiwum\/wp-content\/gallery\/wizyta-swietego-mikolaja\/thumbs\/thumbs_15285012_123227504832487_2964442264003504866_n.jpg\"\n\t\t\t\tdata-image-id=\"998\"\n\t\t\t\tdata-title=\"15285012_123227504832487_2964442264003504866_n\"\n\t\t\t\tdata-description=\"\"\n\t\t\t\tdata-image-slug=\"15285012_123227504832487_2964442264003504866_n\"\n\t\t\t\tclass=\"ngg-fancybox\" rel=\"5a660ca0bfa13bc3c976dd3dc62723b6\">\n\t\t\t\t<img\n\t\t\t\t\ttitle=\"15285012_123227504832487_2964442264003504866_n\"\n\t\t\t\t\talt=\"15285012_123227504832487_2964442264003504866_n\"\n\t\t\t\t\tsrc=\"https:\/\/zabnica.e-przedszkolak.eu\/archiwum\/wp-content\/gallery\/wizyta-swietego-mikolaja\/thumbs\/thumbs_15285012_123227504832487_2964442264003504866_n.jpg\"\n\t\t\t\t\twidth=\"240\"\n\t\t\t\t\theight=\"160\"\n\t\t\t\t\tstyle=\"max-width:100%;\"\n\t\t\t\t\/>\n\t\t\t<\/a>\n\t\t<\/div>\n\t\t\t\t\t\t\t<\/div>\n\t\t\t\n\t\t\t\t\t\t\t\n\t\t\t\t<div id=\"ngg-image-5\" class=\"ngg-gallery-thumbnail-box\"\n\t\t\t\t\t\t\t\t\t\t\t>\n\t\t\t\t\t\t<div class=\"ngg-gallery-thumbnail\">\n\t\t\t<a href=\"https:\/\/zabnica.e-przedszkolak.eu\/archiwum\/wp-content\/gallery\/wizyta-swietego-mikolaja\/15318022_123216371500267_8144317712483246679_n.jpg\"\n\t\t\t\ttitle=\"\"\n\t\t\t\tdata-src=\"https:\/\/zabnica.e-przedszkolak.eu\/archiwum\/wp-content\/gallery\/wizyta-swietego-mikolaja\/15318022_123216371500267_8144317712483246679_n.jpg\"\n\t\t\t\tdata-thumbnail=\"https:\/\/zabnica.e-przedszkolak.eu\/archiwum\/wp-content\/gallery\/wizyta-swietego-mikolaja\/thumbs\/thumbs_15318022_123216371500267_8144317712483246679_n.jpg\"\n\t\t\t\tdata-image-id=\"999\"\n\t\t\t\tdata-title=\"15318022_123216371500267_8144317712483246679_n\"\n\t\t\t\tdata-description=\"\"\n\t\t\t\tdata-image-slug=\"15318022_123216371500267_8144317712483246679_n\"\n\t\t\t\tclass=\"ngg-fancybox\" rel=\"5a660ca0bfa13bc3c976dd3dc62723b6\">\n\t\t\t\t<img\n\t\t\t\t\ttitle=\"15318022_123216371500267_8144317712483246679_n\"\n\t\t\t\t\talt=\"15318022_123216371500267_8144317712483246679_n\"\n\t\t\t\t\tsrc=\"https:\/\/zabnica.e-przedszkolak.eu\/archiwum\/wp-content\/gallery\/wizyta-swietego-mikolaja\/thumbs\/thumbs_15318022_123216371500267_8144317712483246679_n.jpg\"\n\t\t\t\t\twidth=\"240\"\n\t\t\t\t\theight=\"160\"\n\t\t\t\t\tstyle=\"max-width:100%;\"\n\t\t\t\t\/>\n\t\t\t<\/a>\n\t\t<\/div>\n\t\t\t\t\t\t\t<\/div>\n\t\t\t\n\t\t\t\t\t\t\t\t\t<br style=\"clear: both\" \/>\n\t\t\t\t\t\n\t\t\t\t<div id=\"ngg-image-6\" class=\"ngg-gallery-thumbnail-box\"\n\t\t\t\t\t\t\t\t\t\t\t>\n\t\t\t\t\t\t<div class=\"ngg-gallery-thumbnail\">\n\t\t\t<a href=\"https:\/\/zabnica.e-przedszkolak.eu\/archiwum\/wp-content\/gallery\/wizyta-swietego-mikolaja\/15319054_123230694832168_7924225557760553518_n.jpg\"\n\t\t\t\ttitle=\"\"\n\t\t\t\tdata-src=\"https:\/\/zabnica.e-przedszkolak.eu\/archiwum\/wp-content\/gallery\/wizyta-swietego-mikolaja\/15319054_123230694832168_7924225557760553518_n.jpg\"\n\t\t\t\tdata-thumbnail=\"https:\/\/zabnica.e-przedszkolak.eu\/archiwum\/wp-content\/gallery\/wizyta-swietego-mikolaja\/thumbs\/thumbs_15319054_123230694832168_7924225557760553518_n.jpg\"\n\t\t\t\tdata-image-id=\"1000\"\n\t\t\t\tdata-title=\"15319054_123230694832168_7924225557760553518_n\"\n\t\t\t\tdata-description=\"\"\n\t\t\t\tdata-image-slug=\"15319054_123230694832168_7924225557760553518_n\"\n\t\t\t\tclass=\"ngg-fancybox\" rel=\"5a660ca0bfa13bc3c976dd3dc62723b6\">\n\t\t\t\t<img\n\t\t\t\t\ttitle=\"15319054_123230694832168_7924225557760553518_n\"\n\t\t\t\t\talt=\"15319054_123230694832168_7924225557760553518_n\"\n\t\t\t\t\tsrc=\"https:\/\/zabnica.e-przedszkolak.eu\/archiwum\/wp-content\/gallery\/wizyta-swietego-mikolaja\/thumbs\/thumbs_15319054_123230694832168_7924225557760553518_n.jpg\"\n\t\t\t\t\twidth=\"240\"\n\t\t\t\t\theight=\"160\"\n\t\t\t\t\tstyle=\"max-width:100%;\"\n\t\t\t\t\/>\n\t\t\t<\/a>\n\t\t<\/div>\n\t\t\t\t\t\t\t<\/div>\n\t\t\t\n\t\t\t\t\t\t\t\n\t\t\t\t<div id=\"ngg-image-7\" class=\"ngg-gallery-thumbnail-box\"\n\t\t\t\t\t\t\t\t\t\t\t>\n\t\t\t\t\t\t<div class=\"ngg-gallery-thumbnail\">\n\t\t\t<a href=\"https:\/\/zabnica.e-przedszkolak.eu\/archiwum\/wp-content\/gallery\/wizyta-swietego-mikolaja\/15350606_130883900733514_3258660181034251180_n.jpg\"\n\t\t\t\ttitle=\"\"\n\t\t\t\tdata-src=\"https:\/\/zabnica.e-przedszkolak.eu\/archiwum\/wp-content\/gallery\/wizyta-swietego-mikolaja\/15350606_130883900733514_3258660181034251180_n.jpg\"\n\t\t\t\tdata-thumbnail=\"https:\/\/zabnica.e-przedszkolak.eu\/archiwum\/wp-content\/gallery\/wizyta-swietego-mikolaja\/thumbs\/thumbs_15350606_130883900733514_3258660181034251180_n.jpg\"\n\t\t\t\tdata-image-id=\"1001\"\n\t\t\t\tdata-title=\"15350606_130883900733514_3258660181034251180_n\"\n\t\t\t\tdata-description=\"\"\n\t\t\t\tdata-image-slug=\"15350606_130883900733514_3258660181034251180_n\"\n\t\t\t\tclass=\"ngg-fancybox\" rel=\"5a660ca0bfa13bc3c976dd3dc62723b6\">\n\t\t\t\t<img\n\t\t\t\t\ttitle=\"15350606_130883900733514_3258660181034251180_n\"\n\t\t\t\t\talt=\"15350606_130883900733514_3258660181034251180_n\"\n\t\t\t\t\tsrc=\"https:\/\/zabnica.e-przedszkolak.eu\/archiwum\/wp-content\/gallery\/wizyta-swietego-mikolaja\/thumbs\/thumbs_15350606_130883900733514_3258660181034251180_n.jpg\"\n\t\t\t\t\twidth=\"240\"\n\t\t\t\t\theight=\"160\"\n\t\t\t\t\tstyle=\"max-width:100%;\"\n\t\t\t\t\/>\n\t\t\t<\/a>\n\t\t<\/div>\n\t\t\t\t\t\t\t<\/div>\n\t\t\t\n\t\t\t\t\t\t\t\t\t<br style=\"clear: both\" \/>\n\t\t\t\t\t\n\t\t\n\t\t<!-- Pagination -->\n\t\t<div class='ngg-navigation'><span class='current'>1<\/span>\n<a class='page-numbers' data-pageid='2' href='https:\/\/zabnica.e-przedszkolak.eu\/archiwum\/2017\/02\/09\/wizyta-swietego-mikolaja\/nggallery\/page\/2'>2<\/a>\n<a class='page-numbers' data-pageid='3' href='https:\/\/zabnica.e-przedszkolak.eu\/archiwum\/2017\/02\/09\/wizyta-swietego-mikolaja\/nggallery\/page\/3'>3<\/a>\n<a class='prev' href='https:\/\/zabnica.e-przedszkolak.eu\/archiwum\/2017\/02\/09\/wizyta-swietego-mikolaja\/nggallery\/page\/2' data-pageid=2>&#9658;<\/a><\/div>\t<\/div>\n<\/p>\n","protected":false},"excerpt":{"rendered":"<p>\u015awi\u0119ty Miko\u0142aj lubi odwiedza\u0107 dzieci w ka\u017cdym miejscu na ca\u0142ym \u015bwiecie. 6 grudnia z workiem pe\u0142nym prezent\u00f3w przyjecha\u0142 r\u00f3wnie\u017c do naszego przedszkola<\/p>\n","protected":false},"author":2,"featured_media":2418,"comment_status":"open","ping_status":"open","sticky":false,"template":"","format":"standard","meta":{"ngg_post_thumbnail":0,"footnotes":""},"categories":[1],"tags":[],"class_list":["post-2373","post","type-post","status-publish","format-standard","has-post-thumbnail","hentry","category-bez-kategorii"],"_links":{"self":[{"href":"https:\/\/zabnica.e-przedszkolak.eu\/archiwum\/wp-json\/wp\/v2\/posts\/2373","targetHints":{"allow":["GET"]}}],"collection":[{"href":"https:\/\/zabnica.e-przedszkolak.eu\/archiwum\/wp-json\/wp\/v2\/posts"}],"about":[{"href":"https:\/\/zabnica.e-przedszkolak.eu\/archiwum\/wp-json\/wp\/v2\/types\/post"}],"author":[{"embeddable":true,"href":"https:\/\/zabnica.e-przedszkolak.eu\/archiwum\/wp-json\/wp\/v2\/users\/2"}],"replies":[{"embeddable":true,"href":"https:\/\/zabnica.e-przedszkolak.eu\/archiwum\/wp-json\/wp\/v2\/comments?post=2373"}],"version-history":[{"count":1,"href":"https:\/\/zabnica.e-przedszkolak.eu\/archiwum\/wp-json\/wp\/v2\/posts\/2373\/revisions"}],"predecessor-version":[{"id":2419,"href":"https:\/\/zabnica.e-przedszkolak.eu\/archiwum\/wp-json\/wp\/v2\/posts\/2373\/revisions\/2419"}],"wp:featuredmedia":[{"embeddable":true,"href":"https:\/\/zabnica.e-przedszkolak.eu\/archiwum\/wp-json\/wp\/v2\/media\/2418"}],"wp:attachment":[{"href":"https:\/\/zabnica.e-przedszkolak.eu\/archiwum\/wp-json\/wp\/v2\/media?parent=2373"}],"wp:term":[{"taxonomy":"category","embeddable":true,"href":"https:\/\/zabnica.e-przedszkolak.eu\/archiwum\/wp-json\/wp\/v2\/categories?post=2373"},{"taxonomy":"post_tag","embeddable":true,"href":"https:\/\/zabnica.e-przedszkolak.eu\/archiwum\/wp-json\/wp\/v2\/tags?post=2373"}],"curies":[{"name":"wp","href":"https:\/\/api.w.org\/{rel}","templated":true}]}}