 {"id":2420,"date":"2017-02-09T09:13:20","date_gmt":"2017-02-09T08:13:20","guid":{"rendered":"https:\/\/zabnica.e-przedszkolak.eu\/?p=2420"},"modified":"2017-02-09T09:13:20","modified_gmt":"2017-02-09T08:13:20","slug":"magiczna-moc-bajek","status":"publish","type":"post","link":"https:\/\/zabnica.e-przedszkolak.eu\/archiwum\/2017\/02\/09\/magiczna-moc-bajek\/","title":{"rendered":"Magiczna moc bajek"},"content":{"rendered":"<p style=\"text-align: justify;\" align=\"left\">W dzisiejszych czasach zdominowanych przez telewizj\u0119 i komputery chwile po\u015bwi\u0119cone na wsp\u00f3lne czytanie ksi\u0105\u017cek, opowiadanie bajek w rodzinie pozwalaj\u0105 tworzy\u0107 atmosfer\u0119 ciep\u0142a, wzajemnej blisko\u015bci. Dlatego dzisiaj zaprosili\u015bmy Pani\u0105 Jadwig\u0119 Kupczak,emerytowan\u0105 nauczycielk\u0119 naszego przedszkola,kt\u00f3ra uwielbia opowiada\u0107 bajki i robi to w spos\u00f3b doskona\u0142y. <!--more--><\/p>\n<p style=\"text-align: justify;\" align=\"left\">Kiedy pracowa\u0142a w naszym przedszkolu dzieci wymy\u015bli\u0142y jej nowe imi\u0119 &#8211; \u201ePani Bajka\u201d. Dzisiaj Pani Jadwiga opowiada\u0142a bajk\u0119 \u201eKozucha \u2013 K\u0142amczucha\u201d. Wszystkie dzieci s\u0142ucha\u0142 w wielkim skupieniu i przej\u0119ciu. Teraz na pewno b\u0119d\u0105 dobrze rozpoznawa\u0142y poj\u0119cia Prawda \u2013 K\u0142amstwo<\/p>\n<p style=\"text-align: justify;\" align=\"left\"><!-- index.php -->\n<div\n\tclass=\"ngg-galleryoverview\n\t ngg-ajax-pagination-none\t\"\n\tid=\"ngg-gallery-b8c01cf8fe122db350aca4e0ab87e745-1\">\n\n\t\t\t<!-- Thumbnails -->\n\t\t\t\t<div id=\"ngg-image-0\" class=\"ngg-gallery-thumbnail-box\"\n\t\t\t\t\t\t\t\t\t\t\t>\n\t\t\t\t\t\t<div class=\"ngg-gallery-thumbnail\">\n\t\t\t<a href=\"https:\/\/zabnica.e-przedszkolak.eu\/archiwum\/wp-content\/gallery\/magiczna-moc-bajek\/15502929_1117033358351882_4189746_o.jpg\"\n\t\t\t\ttitle=\"\"\n\t\t\t\tdata-src=\"https:\/\/zabnica.e-przedszkolak.eu\/archiwum\/wp-content\/gallery\/magiczna-moc-bajek\/15502929_1117033358351882_4189746_o.jpg\"\n\t\t\t\tdata-thumbnail=\"https:\/\/zabnica.e-przedszkolak.eu\/archiwum\/wp-content\/gallery\/magiczna-moc-bajek\/thumbs\/thumbs_15502929_1117033358351882_4189746_o.jpg\"\n\t\t\t\tdata-image-id=\"1014\"\n\t\t\t\tdata-title=\"15502929_1117033358351882_4189746_o\"\n\t\t\t\tdata-description=\"\"\n\t\t\t\tdata-image-slug=\"15502929_1117033358351882_4189746_o\"\n\t\t\t\tclass=\"ngg-fancybox\" rel=\"b8c01cf8fe122db350aca4e0ab87e745\">\n\t\t\t\t<img\n\t\t\t\t\ttitle=\"15502929_1117033358351882_4189746_o\"\n\t\t\t\t\talt=\"15502929_1117033358351882_4189746_o\"\n\t\t\t\t\tsrc=\"https:\/\/zabnica.e-przedszkolak.eu\/archiwum\/wp-content\/gallery\/magiczna-moc-bajek\/thumbs\/thumbs_15502929_1117033358351882_4189746_o.jpg\"\n\t\t\t\t\twidth=\"240\"\n\t\t\t\t\theight=\"160\"\n\t\t\t\t\tstyle=\"max-width:100%;\"\n\t\t\t\t\/>\n\t\t\t<\/a>\n\t\t<\/div>\n\t\t\t\t\t\t\t<\/div>\n\t\t\t\n\t\t\t\t\t\t\t\n\t\t\t\t<div id=\"ngg-image-1\" class=\"ngg-gallery-thumbnail-box\"\n\t\t\t\t\t\t\t\t\t\t\t>\n\t\t\t\t\t\t<div class=\"ngg-gallery-thumbnail\">\n\t\t\t<a href=\"https:\/\/zabnica.e-przedszkolak.eu\/archiwum\/wp-content\/gallery\/magiczna-moc-bajek\/15536718_1117033111685240_1910606079_o.jpg\"\n\t\t\t\ttitle=\"\"\n\t\t\t\tdata-src=\"https:\/\/zabnica.e-przedszkolak.eu\/archiwum\/wp-content\/gallery\/magiczna-moc-bajek\/15536718_1117033111685240_1910606079_o.jpg\"\n\t\t\t\tdata-thumbnail=\"https:\/\/zabnica.e-przedszkolak.eu\/archiwum\/wp-content\/gallery\/magiczna-moc-bajek\/thumbs\/thumbs_15536718_1117033111685240_1910606079_o.jpg\"\n\t\t\t\tdata-image-id=\"1015\"\n\t\t\t\tdata-title=\"15536718_1117033111685240_1910606079_o\"\n\t\t\t\tdata-description=\"\"\n\t\t\t\tdata-image-slug=\"15536718_1117033111685240_1910606079_o\"\n\t\t\t\tclass=\"ngg-fancybox\" rel=\"b8c01cf8fe122db350aca4e0ab87e745\">\n\t\t\t\t<img\n\t\t\t\t\ttitle=\"15536718_1117033111685240_1910606079_o\"\n\t\t\t\t\talt=\"15536718_1117033111685240_1910606079_o\"\n\t\t\t\t\tsrc=\"https:\/\/zabnica.e-przedszkolak.eu\/archiwum\/wp-content\/gallery\/magiczna-moc-bajek\/thumbs\/thumbs_15536718_1117033111685240_1910606079_o.jpg\"\n\t\t\t\t\twidth=\"240\"\n\t\t\t\t\theight=\"160\"\n\t\t\t\t\tstyle=\"max-width:100%;\"\n\t\t\t\t\/>\n\t\t\t<\/a>\n\t\t<\/div>\n\t\t\t\t\t\t\t<\/div>\n\t\t\t\n\t\t\t\t\t\t\t\t\t<br style=\"clear: both\" \/>\n\t\t\t\t\t\n\t\t\n\t\t<!-- Pagination -->\n\t\t<div class='ngg-clear'><\/div>\t<\/div>\n<\/p>\n","protected":false},"excerpt":{"rendered":"<p>W dzisiejszych czasach zdominowanych przez telewizj\u0119 i komputery chwile po\u015bwi\u0119cone na wsp\u00f3lne czytanie ksi\u0105\u017cek, opowiadanie bajek w rodzinie pozwalaj\u0105 tworzy\u0107 atmosfer\u0119 ciep\u0142a, wzajemnej blisko\u015bci. Dlatego dzisiaj zaprosili\u015bmy Pani\u0105 Jadwig\u0119 Kupczak,emerytowan\u0105 nauczycielk\u0119 naszego przedszkola,kt\u00f3ra uwielbia opowiada\u0107 bajki i robi to w spos\u00f3b doskona\u0142y.<\/p>\n","protected":false},"author":2,"featured_media":2428,"comment_status":"open","ping_status":"open","sticky":false,"template":"","format":"standard","meta":{"ngg_post_thumbnail":0,"footnotes":""},"categories":[1],"tags":[],"class_list":["post-2420","post","type-post","status-publish","format-standard","has-post-thumbnail","hentry","category-bez-kategorii"],"_links":{"self":[{"href":"https:\/\/zabnica.e-przedszkolak.eu\/archiwum\/wp-json\/wp\/v2\/posts\/2420","targetHints":{"allow":["GET"]}}],"collection":[{"href":"https:\/\/zabnica.e-przedszkolak.eu\/archiwum\/wp-json\/wp\/v2\/posts"}],"about":[{"href":"https:\/\/zabnica.e-przedszkolak.eu\/archiwum\/wp-json\/wp\/v2\/types\/post"}],"author":[{"embeddable":true,"href":"https:\/\/zabnica.e-przedszkolak.eu\/archiwum\/wp-json\/wp\/v2\/users\/2"}],"replies":[{"embeddable":true,"href":"https:\/\/zabnica.e-przedszkolak.eu\/archiwum\/wp-json\/wp\/v2\/comments?post=2420"}],"version-history":[{"count":1,"href":"https:\/\/zabnica.e-przedszkolak.eu\/archiwum\/wp-json\/wp\/v2\/posts\/2420\/revisions"}],"predecessor-version":[{"id":2429,"href":"https:\/\/zabnica.e-przedszkolak.eu\/archiwum\/wp-json\/wp\/v2\/posts\/2420\/revisions\/2429"}],"wp:featuredmedia":[{"embeddable":true,"href":"https:\/\/zabnica.e-przedszkolak.eu\/archiwum\/wp-json\/wp\/v2\/media\/2428"}],"wp:attachment":[{"href":"https:\/\/zabnica.e-przedszkolak.eu\/archiwum\/wp-json\/wp\/v2\/media?parent=2420"}],"wp:term":[{"taxonomy":"category","embeddable":true,"href":"https:\/\/zabnica.e-przedszkolak.eu\/archiwum\/wp-json\/wp\/v2\/categories?post=2420"},{"taxonomy":"post_tag","embeddable":true,"href":"https:\/\/zabnica.e-przedszkolak.eu\/archiwum\/wp-json\/wp\/v2\/tags?post=2420"}],"curies":[{"name":"wp","href":"https:\/\/api.w.org\/{rel}","templated":true}]}}