 {"id":2449,"date":"2017-02-22T23:07:55","date_gmt":"2017-02-22T22:07:55","guid":{"rendered":"https:\/\/zabnica.e-przedszkolak.eu\/?p=2449"},"modified":"2017-02-22T23:07:55","modified_gmt":"2017-02-22T22:07:55","slug":"tomcio-paluszek","status":"publish","type":"post","link":"https:\/\/zabnica.e-przedszkolak.eu\/archiwum\/2017\/02\/22\/tomcio-paluszek\/","title":{"rendered":"Tomcio Paluszek"},"content":{"rendered":"<p style=\"text-align: justify;\">16 lutego przedszkolaki wybra\u0142y si\u0119 na wycieczk\u0119 do Bielska Bia\u0142ej do Teatru Banialuka na spektakl pt. \u201eTomcio Paluszek \u201d. Celem wycieczki by\u0142o rozbudzenie zainteresowania sztuk\u0105 teatraln\u0105 poprzez bezpo\u015bredni kontakt z teatrem i aktorami oraz poznanie zasad zachowania w teatrze. Dzieci ogl\u0105daj\u0105c spektakl do\u015bwiadczy\u0142y wielu prze\u017cy\u0107, u\u015bmiecha\u0142y si\u0119 szeroko i z ogromnym zainteresowaniem \u015bledzi\u0142y losy bohater\u00f3w. <!--more--><\/p>\nngg_shortcode_0_placeholder\n","protected":false},"excerpt":{"rendered":"<p>16 lutego przedszkolaki wybra\u0142y si\u0119 na wycieczk\u0119 do Bielska Bia\u0142ej do Teatru Banialuka na spektakl pt. \u201eTomcio Paluszek \u201d. Celem wycieczki by\u0142o rozbudzenie zainteresowania sztuk\u0105 teatraln\u0105 poprzez bezpo\u015bredni kontakt z teatrem i aktorami oraz poznanie zasad zachowania w teatrze. Dzieci ogl\u0105daj\u0105c spektakl do\u015bwiadczy\u0142y wielu prze\u017cy\u0107, u\u015bmiecha\u0142y si\u0119 szeroko i z ogromnym zainteresowaniem \u015bledzi\u0142y losy bohater\u00f3w.<\/p>\n","protected":false},"author":2,"featured_media":2468,"comment_status":"open","ping_status":"open","sticky":false,"template":"","format":"standard","meta":{"ngg_post_thumbnail":0,"footnotes":""},"categories":[1],"tags":[],"class_list":["post-2449","post","type-post","status-publish","format-standard","has-post-thumbnail","hentry","category-bez-kategorii"],"_links":{"self":[{"href":"https:\/\/zabnica.e-przedszkolak.eu\/archiwum\/wp-json\/wp\/v2\/posts\/2449","targetHints":{"allow":["GET"]}}],"collection":[{"href":"https:\/\/zabnica.e-przedszkolak.eu\/archiwum\/wp-json\/wp\/v2\/posts"}],"about":[{"href":"https:\/\/zabnica.e-przedszkolak.eu\/archiwum\/wp-json\/wp\/v2\/types\/post"}],"author":[{"embeddable":true,"href":"https:\/\/zabnica.e-przedszkolak.eu\/archiwum\/wp-json\/wp\/v2\/users\/2"}],"replies":[{"embeddable":true,"href":"https:\/\/zabnica.e-przedszkolak.eu\/archiwum\/wp-json\/wp\/v2\/comments?post=2449"}],"version-history":[{"count":1,"href":"https:\/\/zabnica.e-przedszkolak.eu\/archiwum\/wp-json\/wp\/v2\/posts\/2449\/revisions"}],"predecessor-version":[{"id":2469,"href":"https:\/\/zabnica.e-przedszkolak.eu\/archiwum\/wp-json\/wp\/v2\/posts\/2449\/revisions\/2469"}],"wp:featuredmedia":[{"embeddable":true,"href":"https:\/\/zabnica.e-przedszkolak.eu\/archiwum\/wp-json\/wp\/v2\/media\/2468"}],"wp:attachment":[{"href":"https:\/\/zabnica.e-przedszkolak.eu\/archiwum\/wp-json\/wp\/v2\/media?parent=2449"}],"wp:term":[{"taxonomy":"category","embeddable":true,"href":"https:\/\/zabnica.e-przedszkolak.eu\/archiwum\/wp-json\/wp\/v2\/categories?post=2449"},{"taxonomy":"post_tag","embeddable":true,"href":"https:\/\/zabnica.e-przedszkolak.eu\/archiwum\/wp-json\/wp\/v2\/tags?post=2449"}],"curies":[{"name":"wp","href":"https:\/\/api.w.org\/{rel}","templated":true}]}}