 {"id":2470,"date":"2017-02-22T23:10:33","date_gmt":"2017-02-22T22:10:33","guid":{"rendered":"https:\/\/zabnica.e-przedszkolak.eu\/?p=2470"},"modified":"2017-02-22T23:10:33","modified_gmt":"2017-02-22T22:10:33","slug":"w-karnawale-czas-na-bale-2","status":"publish","type":"post","link":"https:\/\/zabnica.e-przedszkolak.eu\/archiwum\/2017\/02\/22\/w-karnawale-czas-na-bale-2\/","title":{"rendered":"W karnawale czas na Bale"},"content":{"rendered":"<p style=\"text-align: justify;\" align=\"left\">Jak co roku w karnawale w naszym przedszkolu odby\u0142 si\u0119 oczekiwany przez dzieci \u201eBal Przebiera\u0144c\u00f3w\u201d. W tym dniu przenie\u015bli\u015bmy si\u0119 do WIELKIEJ KRAINY BAJEK.<!--more--><\/p>\nngg_shortcode_0_placeholder\n","protected":false},"excerpt":{"rendered":"<p>Jak co roku w karnawale w naszym przedszkolu odby\u0142 si\u0119 oczekiwany przez dzieci \u201eBal Przebiera\u0144c\u00f3w\u201d. W tym dniu przenie\u015bli\u015bmy si\u0119 do WIELKIEJ KRAINY BAJEK.<\/p>\n","protected":false},"author":2,"featured_media":2553,"comment_status":"open","ping_status":"open","sticky":false,"template":"","format":"standard","meta":{"ngg_post_thumbnail":0,"footnotes":""},"categories":[1],"tags":[],"class_list":["post-2470","post","type-post","status-publish","format-standard","has-post-thumbnail","hentry","category-bez-kategorii"],"_links":{"self":[{"href":"https:\/\/zabnica.e-przedszkolak.eu\/archiwum\/wp-json\/wp\/v2\/posts\/2470","targetHints":{"allow":["GET"]}}],"collection":[{"href":"https:\/\/zabnica.e-przedszkolak.eu\/archiwum\/wp-json\/wp\/v2\/posts"}],"about":[{"href":"https:\/\/zabnica.e-przedszkolak.eu\/archiwum\/wp-json\/wp\/v2\/types\/post"}],"author":[{"embeddable":true,"href":"https:\/\/zabnica.e-przedszkolak.eu\/archiwum\/wp-json\/wp\/v2\/users\/2"}],"replies":[{"embeddable":true,"href":"https:\/\/zabnica.e-przedszkolak.eu\/archiwum\/wp-json\/wp\/v2\/comments?post=2470"}],"version-history":[{"count":1,"href":"https:\/\/zabnica.e-przedszkolak.eu\/archiwum\/wp-json\/wp\/v2\/posts\/2470\/revisions"}],"predecessor-version":[{"id":2554,"href":"https:\/\/zabnica.e-przedszkolak.eu\/archiwum\/wp-json\/wp\/v2\/posts\/2470\/revisions\/2554"}],"wp:featuredmedia":[{"embeddable":true,"href":"https:\/\/zabnica.e-przedszkolak.eu\/archiwum\/wp-json\/wp\/v2\/media\/2553"}],"wp:attachment":[{"href":"https:\/\/zabnica.e-przedszkolak.eu\/archiwum\/wp-json\/wp\/v2\/media?parent=2470"}],"wp:term":[{"taxonomy":"category","embeddable":true,"href":"https:\/\/zabnica.e-przedszkolak.eu\/archiwum\/wp-json\/wp\/v2\/categories?post=2470"},{"taxonomy":"post_tag","embeddable":true,"href":"https:\/\/zabnica.e-przedszkolak.eu\/archiwum\/wp-json\/wp\/v2\/tags?post=2470"}],"curies":[{"name":"wp","href":"https:\/\/api.w.org\/{rel}","templated":true}]}}