 {"id":2611,"date":"2017-09-20T18:49:05","date_gmt":"2017-09-20T16:49:05","guid":{"rendered":"https:\/\/zabnica.e-przedszkolak.eu\/?p=2611"},"modified":"2017-09-20T18:50:45","modified_gmt":"2017-09-20T16:50:45","slug":"ogolnopolski-dzien-przedszkolaka","status":"publish","type":"post","link":"https:\/\/zabnica.e-przedszkolak.eu\/archiwum\/2017\/09\/20\/ogolnopolski-dzien-przedszkolaka\/","title":{"rendered":"Og\u00f3lnopolski Dzie\u0144 Przedszkolaka"},"content":{"rendered":"<p style=\"text-align: justify;\">20 wrze\u015bnia obchodzony jest Og\u00f3lnopolski Dzie\u0144 Przedszkolaka. Z tej okazji w naszym Przedszkolu zorganizowane zosta\u0142y gry i zabawy. Symbolem&nbsp;tego dnia sta\u0142 si\u0119 ju\u017c w przedszkolu kolor niebieski oraz niebieski balonik &#8211; wszystkie przedszkolaki mo\u017cna wi\u0119c by\u0142o spotka\u0107 z niebieskim balonikiem.<!--more--><\/p>\n","protected":false},"excerpt":{"rendered":"<p>20 wrze\u015bnia obchodzony jest Og\u00f3lnopolski Dzie\u0144 Przedszkolaka. Z tej okazji w naszym Przedszkolu zorganizowane zosta\u0142y gry i zabawy. Symbolem&nbsp;tego dnia sta\u0142 si\u0119 ju\u017c w przedszkolu kolor niebieski oraz niebieski balonik &#8211; wszystkie przedszkolaki mo\u017cna wi\u0119c by\u0142o spotka\u0107 z niebieskim balonikiem.<\/p>\n","protected":false},"author":2,"featured_media":2613,"comment_status":"open","ping_status":"open","sticky":false,"template":"","format":"standard","meta":{"ngg_post_thumbnail":0,"footnotes":""},"categories":[1],"tags":[],"class_list":["post-2611","post","type-post","status-publish","format-standard","has-post-thumbnail","hentry","category-bez-kategorii"],"_links":{"self":[{"href":"https:\/\/zabnica.e-przedszkolak.eu\/archiwum\/wp-json\/wp\/v2\/posts\/2611","targetHints":{"allow":["GET"]}}],"collection":[{"href":"https:\/\/zabnica.e-przedszkolak.eu\/archiwum\/wp-json\/wp\/v2\/posts"}],"about":[{"href":"https:\/\/zabnica.e-przedszkolak.eu\/archiwum\/wp-json\/wp\/v2\/types\/post"}],"author":[{"embeddable":true,"href":"https:\/\/zabnica.e-przedszkolak.eu\/archiwum\/wp-json\/wp\/v2\/users\/2"}],"replies":[{"embeddable":true,"href":"https:\/\/zabnica.e-przedszkolak.eu\/archiwum\/wp-json\/wp\/v2\/comments?post=2611"}],"version-history":[{"count":1,"href":"https:\/\/zabnica.e-przedszkolak.eu\/archiwum\/wp-json\/wp\/v2\/posts\/2611\/revisions"}],"predecessor-version":[{"id":2612,"href":"https:\/\/zabnica.e-przedszkolak.eu\/archiwum\/wp-json\/wp\/v2\/posts\/2611\/revisions\/2612"}],"wp:featuredmedia":[{"embeddable":true,"href":"https:\/\/zabnica.e-przedszkolak.eu\/archiwum\/wp-json\/wp\/v2\/media\/2613"}],"wp:attachment":[{"href":"https:\/\/zabnica.e-przedszkolak.eu\/archiwum\/wp-json\/wp\/v2\/media?parent=2611"}],"wp:term":[{"taxonomy":"category","embeddable":true,"href":"https:\/\/zabnica.e-przedszkolak.eu\/archiwum\/wp-json\/wp\/v2\/categories?post=2611"},{"taxonomy":"post_tag","embeddable":true,"href":"https:\/\/zabnica.e-przedszkolak.eu\/archiwum\/wp-json\/wp\/v2\/tags?post=2611"}],"curies":[{"name":"wp","href":"https:\/\/api.w.org\/{rel}","templated":true}]}}