 {"id":2615,"date":"2017-10-21T10:45:39","date_gmt":"2017-10-21T08:45:39","guid":{"rendered":"https:\/\/zabnica.e-przedszkolak.eu\/?p=2615"},"modified":"2017-10-21T10:45:39","modified_gmt":"2017-10-21T08:45:39","slug":"wycieczka-do-parku","status":"publish","type":"post","link":"https:\/\/zabnica.e-przedszkolak.eu\/archiwum\/2017\/10\/21\/wycieczka-do-parku\/","title":{"rendered":"Wycieczka do Parku"},"content":{"rendered":"<p>Dnia 19 pa\u017adziernika wybrali\u015bmy si\u0119 na wycieczk\u0119 do Parku w \u017bywcu. Celem wycieczki by\u0142o poznanie \u015brodowiska przyrodniczego- parku&nbsp;w okresie jesieni. Przed wycieczk\u0105 om\u00f3wili\u015bmy wsp\u00f3lnie zasady bezpiecznego zachowania si\u0119 podczas przejazdu i w parku. Po dotarciu na miejsce dzieci obserwowa\u0142y ro\u015blinno\u015b\u0107 parku, rozpoznawa\u0142y i nazywa\u0142y drzewa, podziwia\u0142y kolorystyk\u0119 li\u015bci. <!--more-->Kolejn\u0105 atrakcj\u0105 by\u0142y &nbsp;&nbsp;kolorowe kaczki p\u0142ywaj\u0105ce po stawie oraz zwiedzanie mini zoo i miejskiej stajni. Przedszkolaki &nbsp;by\u0142y zachwycone widokami i wspaniale si\u0119 bawi\u0142y.&nbsp;Wr\u00f3ci\u0142y do przedszkola zm\u0119czone ale bardzo zadowolone. Uporz\u0105dkowali\u015bmy przywiezione skarby i umie\u015bcili\u015bmy je w naszym \u201ek\u0105ciku przyrody\u201d.<\/p>\n<p>&nbsp;<\/p>\nngg_shortcode_0_placeholder\n","protected":false},"excerpt":{"rendered":"<p>Dnia 19 pa\u017adziernika wybrali\u015bmy si\u0119 na wycieczk\u0119 do Parku w \u017bywcu. Celem wycieczki by\u0142o poznanie \u015brodowiska przyrodniczego- parku&nbsp;w okresie jesieni. Przed wycieczk\u0105 om\u00f3wili\u015bmy wsp\u00f3lnie zasady bezpiecznego zachowania si\u0119 podczas przejazdu i w parku. Po dotarciu na miejsce dzieci obserwowa\u0142y ro\u015blinno\u015b\u0107 parku, rozpoznawa\u0142y i nazywa\u0142y drzewa, podziwia\u0142y kolorystyk\u0119 li\u015bci.<\/p>\n","protected":false},"author":2,"featured_media":2754,"comment_status":"open","ping_status":"open","sticky":false,"template":"","format":"standard","meta":{"ngg_post_thumbnail":0,"footnotes":""},"categories":[1],"tags":[],"class_list":["post-2615","post","type-post","status-publish","format-standard","has-post-thumbnail","hentry","category-bez-kategorii"],"_links":{"self":[{"href":"https:\/\/zabnica.e-przedszkolak.eu\/archiwum\/wp-json\/wp\/v2\/posts\/2615","targetHints":{"allow":["GET"]}}],"collection":[{"href":"https:\/\/zabnica.e-przedszkolak.eu\/archiwum\/wp-json\/wp\/v2\/posts"}],"about":[{"href":"https:\/\/zabnica.e-przedszkolak.eu\/archiwum\/wp-json\/wp\/v2\/types\/post"}],"author":[{"embeddable":true,"href":"https:\/\/zabnica.e-przedszkolak.eu\/archiwum\/wp-json\/wp\/v2\/users\/2"}],"replies":[{"embeddable":true,"href":"https:\/\/zabnica.e-przedszkolak.eu\/archiwum\/wp-json\/wp\/v2\/comments?post=2615"}],"version-history":[{"count":1,"href":"https:\/\/zabnica.e-przedszkolak.eu\/archiwum\/wp-json\/wp\/v2\/posts\/2615\/revisions"}],"predecessor-version":[{"id":2755,"href":"https:\/\/zabnica.e-przedszkolak.eu\/archiwum\/wp-json\/wp\/v2\/posts\/2615\/revisions\/2755"}],"wp:featuredmedia":[{"embeddable":true,"href":"https:\/\/zabnica.e-przedszkolak.eu\/archiwum\/wp-json\/wp\/v2\/media\/2754"}],"wp:attachment":[{"href":"https:\/\/zabnica.e-przedszkolak.eu\/archiwum\/wp-json\/wp\/v2\/media?parent=2615"}],"wp:term":[{"taxonomy":"category","embeddable":true,"href":"https:\/\/zabnica.e-przedszkolak.eu\/archiwum\/wp-json\/wp\/v2\/categories?post=2615"},{"taxonomy":"post_tag","embeddable":true,"href":"https:\/\/zabnica.e-przedszkolak.eu\/archiwum\/wp-json\/wp\/v2\/tags?post=2615"}],"curies":[{"name":"wp","href":"https:\/\/api.w.org\/{rel}","templated":true}]}}