 {"id":2784,"date":"2017-11-25T11:40:01","date_gmt":"2017-11-25T10:40:01","guid":{"rendered":"https:\/\/zabnica.e-przedszkolak.eu\/?p=2784"},"modified":"2017-11-25T11:40:01","modified_gmt":"2017-11-25T10:40:01","slug":"dzien-pluszowego-misia-2017","status":"publish","type":"post","link":"https:\/\/zabnica.e-przedszkolak.eu\/archiwum\/2017\/11\/25\/dzien-pluszowego-misia-2017\/","title":{"rendered":"Dzie\u0144 Pluszowego Misia 2017"},"content":{"rendered":"<p style=\"text-align: justify;\">Ma\u0142y, du\u017cy, bury, kolorowy, milutki, z kokardk\u0105 czy w kubraczku&#8230; Ka\u017cdy posiada b\u0105d\u017a posiada\u0142 w\u0142asnego ulubionego misia pluszowego. Mimo coraz nowocze\u015bniejszych i coraz atrakcyjniejszych zabawek, moda na misie nie przemija.<!--more-->Tego dnia ka\u017cde dziecko przysz\u0142o do przedszkola ze swoim ma\u0142ym lub du\u017cym przyjacielem \u2013 Misiem. Przyby\u0142y misie ma\u0142e, \u015brednie i bardzo du\u017ce, bia\u0142e br\u0105zowe, zielone itd. A ka\u017cdy by\u0142 pi\u0119kny i wyj\u0105tkowy.Uroczysty dzie\u0144 rozpocz\u0105\u0142 si\u0119 od uk\u0142adania przyniesionych pluszak\u00f3w w \u201eKrainie Pluszowego Misia\u201d.Przedszkolaki zosta\u0142y zaproszone do wsp\u00f3lnej zabawy w misiowej krainie. Pozna\u0142y histori\u0119 \u015bwi\u0119ta, wsp\u00f3lnie recytowa\u0142y wiersze o misiach, bawi\u0142y si\u0119 przy piosenkach.<\/p>\nngg_shortcode_0_placeholder\n","protected":false},"excerpt":{"rendered":"<p>Ma\u0142y, du\u017cy, bury, kolorowy, milutki, z kokardk\u0105 czy w kubraczku&#8230; Ka\u017cdy posiada b\u0105d\u017a posiada\u0142 w\u0142asnego ulubionego misia pluszowego. Mimo coraz nowocze\u015bniejszych i coraz atrakcyjniejszych zabawek, moda na misie nie przemija.<\/p>\n","protected":false},"author":2,"featured_media":2815,"comment_status":"open","ping_status":"open","sticky":false,"template":"","format":"standard","meta":{"ngg_post_thumbnail":0,"footnotes":""},"categories":[1],"tags":[],"class_list":["post-2784","post","type-post","status-publish","format-standard","has-post-thumbnail","hentry","category-bez-kategorii"],"_links":{"self":[{"href":"https:\/\/zabnica.e-przedszkolak.eu\/archiwum\/wp-json\/wp\/v2\/posts\/2784","targetHints":{"allow":["GET"]}}],"collection":[{"href":"https:\/\/zabnica.e-przedszkolak.eu\/archiwum\/wp-json\/wp\/v2\/posts"}],"about":[{"href":"https:\/\/zabnica.e-przedszkolak.eu\/archiwum\/wp-json\/wp\/v2\/types\/post"}],"author":[{"embeddable":true,"href":"https:\/\/zabnica.e-przedszkolak.eu\/archiwum\/wp-json\/wp\/v2\/users\/2"}],"replies":[{"embeddable":true,"href":"https:\/\/zabnica.e-przedszkolak.eu\/archiwum\/wp-json\/wp\/v2\/comments?post=2784"}],"version-history":[{"count":1,"href":"https:\/\/zabnica.e-przedszkolak.eu\/archiwum\/wp-json\/wp\/v2\/posts\/2784\/revisions"}],"predecessor-version":[{"id":2816,"href":"https:\/\/zabnica.e-przedszkolak.eu\/archiwum\/wp-json\/wp\/v2\/posts\/2784\/revisions\/2816"}],"wp:featuredmedia":[{"embeddable":true,"href":"https:\/\/zabnica.e-przedszkolak.eu\/archiwum\/wp-json\/wp\/v2\/media\/2815"}],"wp:attachment":[{"href":"https:\/\/zabnica.e-przedszkolak.eu\/archiwum\/wp-json\/wp\/v2\/media?parent=2784"}],"wp:term":[{"taxonomy":"category","embeddable":true,"href":"https:\/\/zabnica.e-przedszkolak.eu\/archiwum\/wp-json\/wp\/v2\/categories?post=2784"},{"taxonomy":"post_tag","embeddable":true,"href":"https:\/\/zabnica.e-przedszkolak.eu\/archiwum\/wp-json\/wp\/v2\/tags?post=2784"}],"curies":[{"name":"wp","href":"https:\/\/api.w.org\/{rel}","templated":true}]}}