 {"id":2857,"date":"2017-11-30T20:30:04","date_gmt":"2017-11-30T19:30:04","guid":{"rendered":"https:\/\/zabnica.e-przedszkolak.eu\/?p=2857"},"modified":"2017-11-30T20:30:04","modified_gmt":"2017-11-30T19:30:04","slug":"andrzejki-2017","status":"publish","type":"post","link":"https:\/\/zabnica.e-przedszkolak.eu\/archiwum\/2017\/11\/30\/andrzejki-2017\/","title":{"rendered":"Andrzejki 2017"},"content":{"rendered":"<p style=\"text-align: justify;\">Czary mary hu hu.. dzi\u015b do przedszkola przyby\u0142y wr\u00f3\u017cki (wied\u017amy, jak kto woli&nbsp;\ud83d\ude09&nbsp;w bardzo weso\u0142ej atmosferze poznali\u015bmy tradycje, obrz\u0119dy i&nbsp;zwyczaje ludowe. Nasze Przedszkolaki przenios\u0142y si\u0119 w magiczny \u015bwiat wr\u00f3\u017cb i zabaw andrzejkowych.<!--more--><\/p>\nngg_shortcode_0_placeholder\n","protected":false},"excerpt":{"rendered":"<p>Czary mary hu hu.. dzi\u015b do przedszkola przyby\u0142y wr\u00f3\u017cki (wied\u017amy, jak kto woli&nbsp;\ud83d\ude09&nbsp;w bardzo weso\u0142ej atmosferze poznali\u015bmy tradycje, obrz\u0119dy i&nbsp;zwyczaje ludowe. Nasze Przedszkolaki przenios\u0142y si\u0119 w magiczny \u015bwiat wr\u00f3\u017cb i zabaw andrzejkowych.<\/p>\n","protected":false},"author":2,"featured_media":2898,"comment_status":"open","ping_status":"open","sticky":false,"template":"","format":"standard","meta":{"ngg_post_thumbnail":0,"footnotes":""},"categories":[1],"tags":[],"class_list":["post-2857","post","type-post","status-publish","format-standard","has-post-thumbnail","hentry","category-bez-kategorii"],"_links":{"self":[{"href":"https:\/\/zabnica.e-przedszkolak.eu\/archiwum\/wp-json\/wp\/v2\/posts\/2857","targetHints":{"allow":["GET"]}}],"collection":[{"href":"https:\/\/zabnica.e-przedszkolak.eu\/archiwum\/wp-json\/wp\/v2\/posts"}],"about":[{"href":"https:\/\/zabnica.e-przedszkolak.eu\/archiwum\/wp-json\/wp\/v2\/types\/post"}],"author":[{"embeddable":true,"href":"https:\/\/zabnica.e-przedszkolak.eu\/archiwum\/wp-json\/wp\/v2\/users\/2"}],"replies":[{"embeddable":true,"href":"https:\/\/zabnica.e-przedszkolak.eu\/archiwum\/wp-json\/wp\/v2\/comments?post=2857"}],"version-history":[{"count":1,"href":"https:\/\/zabnica.e-przedszkolak.eu\/archiwum\/wp-json\/wp\/v2\/posts\/2857\/revisions"}],"predecessor-version":[{"id":2899,"href":"https:\/\/zabnica.e-przedszkolak.eu\/archiwum\/wp-json\/wp\/v2\/posts\/2857\/revisions\/2899"}],"wp:featuredmedia":[{"embeddable":true,"href":"https:\/\/zabnica.e-przedszkolak.eu\/archiwum\/wp-json\/wp\/v2\/media\/2898"}],"wp:attachment":[{"href":"https:\/\/zabnica.e-przedszkolak.eu\/archiwum\/wp-json\/wp\/v2\/media?parent=2857"}],"wp:term":[{"taxonomy":"category","embeddable":true,"href":"https:\/\/zabnica.e-przedszkolak.eu\/archiwum\/wp-json\/wp\/v2\/categories?post=2857"},{"taxonomy":"post_tag","embeddable":true,"href":"https:\/\/zabnica.e-przedszkolak.eu\/archiwum\/wp-json\/wp\/v2\/tags?post=2857"}],"curies":[{"name":"wp","href":"https:\/\/api.w.org\/{rel}","templated":true}]}}