 {"id":2901,"date":"2017-12-09T15:30:16","date_gmt":"2017-12-09T14:30:16","guid":{"rendered":"https:\/\/zabnica.e-przedszkolak.eu\/?p=2901"},"modified":"2017-12-09T15:30:16","modified_gmt":"2017-12-09T14:30:16","slug":"swiety-mikolaj","status":"publish","type":"post","link":"https:\/\/zabnica.e-przedszkolak.eu\/archiwum\/2017\/12\/09\/swiety-mikolaj\/","title":{"rendered":"\u015awi\u0119ty Miko\u0142aj"},"content":{"rendered":"<p>\u015awi\u0119ty Miko\u0142aj lubi odwiedza\u0107 dzieci w ka\u017cdym miejscu na ca\u0142ym \u015bwiecie. 6 grudnia z workiem pe\u0142nym prezent\u00f3w przyjecha\u0142 r\u00f3wnie\u017c do naszego przedszkola. Dzieci przygotowa\u0142y dla Miko\u0142aja \u015bwi\u0105teczne ta\u0144ce i piosenki.<!--more--><\/p>\nngg_shortcode_0_placeholder\n","protected":false},"excerpt":{"rendered":"<p>\u015awi\u0119ty Miko\u0142aj lubi odwiedza\u0107 dzieci w ka\u017cdym miejscu na ca\u0142ym \u015bwiecie. 6 grudnia z workiem pe\u0142nym prezent\u00f3w przyjecha\u0142 r\u00f3wnie\u017c do naszego przedszkola. Dzieci przygotowa\u0142y dla Miko\u0142aja \u015bwi\u0105teczne ta\u0144ce i piosenki.<\/p>\n","protected":false},"author":2,"featured_media":3026,"comment_status":"open","ping_status":"open","sticky":false,"template":"","format":"standard","meta":{"ngg_post_thumbnail":0,"footnotes":""},"categories":[1],"tags":[],"class_list":["post-2901","post","type-post","status-publish","format-standard","has-post-thumbnail","hentry","category-bez-kategorii"],"_links":{"self":[{"href":"https:\/\/zabnica.e-przedszkolak.eu\/archiwum\/wp-json\/wp\/v2\/posts\/2901","targetHints":{"allow":["GET"]}}],"collection":[{"href":"https:\/\/zabnica.e-przedszkolak.eu\/archiwum\/wp-json\/wp\/v2\/posts"}],"about":[{"href":"https:\/\/zabnica.e-przedszkolak.eu\/archiwum\/wp-json\/wp\/v2\/types\/post"}],"author":[{"embeddable":true,"href":"https:\/\/zabnica.e-przedszkolak.eu\/archiwum\/wp-json\/wp\/v2\/users\/2"}],"replies":[{"embeddable":true,"href":"https:\/\/zabnica.e-przedszkolak.eu\/archiwum\/wp-json\/wp\/v2\/comments?post=2901"}],"version-history":[{"count":1,"href":"https:\/\/zabnica.e-przedszkolak.eu\/archiwum\/wp-json\/wp\/v2\/posts\/2901\/revisions"}],"predecessor-version":[{"id":3027,"href":"https:\/\/zabnica.e-przedszkolak.eu\/archiwum\/wp-json\/wp\/v2\/posts\/2901\/revisions\/3027"}],"wp:featuredmedia":[{"embeddable":true,"href":"https:\/\/zabnica.e-przedszkolak.eu\/archiwum\/wp-json\/wp\/v2\/media\/3026"}],"wp:attachment":[{"href":"https:\/\/zabnica.e-przedszkolak.eu\/archiwum\/wp-json\/wp\/v2\/media?parent=2901"}],"wp:term":[{"taxonomy":"category","embeddable":true,"href":"https:\/\/zabnica.e-przedszkolak.eu\/archiwum\/wp-json\/wp\/v2\/categories?post=2901"},{"taxonomy":"post_tag","embeddable":true,"href":"https:\/\/zabnica.e-przedszkolak.eu\/archiwum\/wp-json\/wp\/v2\/tags?post=2901"}],"curies":[{"name":"wp","href":"https:\/\/api.w.org\/{rel}","templated":true}]}}