 {"id":3029,"date":"2017-12-23T19:31:04","date_gmt":"2017-12-23T18:31:04","guid":{"rendered":"https:\/\/zabnica.e-przedszkolak.eu\/?p=3029"},"modified":"2017-12-23T19:32:26","modified_gmt":"2017-12-23T18:32:26","slug":"wigilijka-przedszkolna-2","status":"publish","type":"post","link":"https:\/\/zabnica.e-przedszkolak.eu\/archiwum\/2017\/12\/23\/wigilijka-przedszkolna-2\/","title":{"rendered":"Wigilijka przedszkolna"},"content":{"rendered":"<p>22 grudnia w naszym przedszkolu prze\u017cywali\u015bmy wigilijk\u0119, dzieci przedstawi\u0142y pi\u0119kne jase\u0142ka, wsp\u00f3lnie \u015bpiewali\u015bmy kol\u0119dy i ta\u0144czyli\u015bmy dla m<span class=\"text_exposed_show\">a\u0142ego Jezuska. Tradycyjnie przekazali\u015bmy sobie betlejemskie \u015bwiate\u0142ko pokoju, podzielili\u015bmy si\u0119 op\u0142atkiem sk\u0142adaj\u0105c najserdeczniejsze \u017cyczenia.<\/span><!--more--><\/p>\nngg_shortcode_0_placeholder\n","protected":false},"excerpt":{"rendered":"<p>22 grudnia w naszym przedszkolu prze\u017cywali\u015bmy wigilijk\u0119, dzieci przedstawi\u0142y pi\u0119kne jase\u0142ka, wsp\u00f3lnie \u015bpiewali\u015bmy kol\u0119dy i ta\u0144czyli\u015bmy dla ma\u0142ego Jezuska. Tradycyjnie przekazali\u015bmy sobie betlejemskie \u015bwiate\u0142ko pokoju, podzielili\u015bmy si\u0119 op\u0142atkiem sk\u0142adaj\u0105c najserdeczniejsze \u017cyczenia.<\/p>\n","protected":false},"author":2,"featured_media":3180,"comment_status":"open","ping_status":"open","sticky":false,"template":"","format":"standard","meta":{"ngg_post_thumbnail":0,"footnotes":""},"categories":[1],"tags":[],"class_list":["post-3029","post","type-post","status-publish","format-standard","has-post-thumbnail","hentry","category-bez-kategorii"],"_links":{"self":[{"href":"https:\/\/zabnica.e-przedszkolak.eu\/archiwum\/wp-json\/wp\/v2\/posts\/3029","targetHints":{"allow":["GET"]}}],"collection":[{"href":"https:\/\/zabnica.e-przedszkolak.eu\/archiwum\/wp-json\/wp\/v2\/posts"}],"about":[{"href":"https:\/\/zabnica.e-przedszkolak.eu\/archiwum\/wp-json\/wp\/v2\/types\/post"}],"author":[{"embeddable":true,"href":"https:\/\/zabnica.e-przedszkolak.eu\/archiwum\/wp-json\/wp\/v2\/users\/2"}],"replies":[{"embeddable":true,"href":"https:\/\/zabnica.e-przedszkolak.eu\/archiwum\/wp-json\/wp\/v2\/comments?post=3029"}],"version-history":[{"count":1,"href":"https:\/\/zabnica.e-przedszkolak.eu\/archiwum\/wp-json\/wp\/v2\/posts\/3029\/revisions"}],"predecessor-version":[{"id":3181,"href":"https:\/\/zabnica.e-przedszkolak.eu\/archiwum\/wp-json\/wp\/v2\/posts\/3029\/revisions\/3181"}],"wp:featuredmedia":[{"embeddable":true,"href":"https:\/\/zabnica.e-przedszkolak.eu\/archiwum\/wp-json\/wp\/v2\/media\/3180"}],"wp:attachment":[{"href":"https:\/\/zabnica.e-przedszkolak.eu\/archiwum\/wp-json\/wp\/v2\/media?parent=3029"}],"wp:term":[{"taxonomy":"category","embeddable":true,"href":"https:\/\/zabnica.e-przedszkolak.eu\/archiwum\/wp-json\/wp\/v2\/categories?post=3029"},{"taxonomy":"post_tag","embeddable":true,"href":"https:\/\/zabnica.e-przedszkolak.eu\/archiwum\/wp-json\/wp\/v2\/tags?post=3029"}],"curies":[{"name":"wp","href":"https:\/\/api.w.org\/{rel}","templated":true}]}}