 {"id":3189,"date":"2018-03-02T10:48:21","date_gmt":"2018-03-02T09:48:21","guid":{"rendered":"https:\/\/zabnica.e-przedszkolak.eu\/?p=3189"},"modified":"2018-03-02T11:46:42","modified_gmt":"2018-03-02T10:46:42","slug":"zapisy-do-przedszkola-na-rok-szkolny-20182019","status":"publish","type":"post","link":"https:\/\/zabnica.e-przedszkolak.eu\/archiwum\/2018\/03\/02\/zapisy-do-przedszkola-na-rok-szkolny-20182019\/","title":{"rendered":"Zapisy do przedszkola na rok szkolny 2018\/2019"},"content":{"rendered":"<p style=\"text-align: justify;\">Dyrektor Przedszkola w \u017babnicy og\u0142asza zapisy do przedszkola i oddzia\u0142u przedszkolnego,&nbsp;kt\u00f3re&nbsp;trwa\u0107 b\u0119d\u0105 od 5.03.2018 do 23.03.2018. Do zapisu potrzebny b\u0119dzie dow\u00f3d osobisty rodzica oraz akt urodzenia dziecka. Ze wzgl\u0119du na konieczno\u015b\u0107 sporz\u0105dzenia projektu organizacyjnego prosz\u0119 przestrzega\u0107 terminu zapisu.<\/p>\n<p style=\"text-align: justify;\"><!--more--><strong>Wnioski<\/strong> do zapisu mo\u017cna pobra\u0107 w przedszkolu klikaj\u0105c <strong><span style=\"color: #ff0000;\"><a style=\"color: #ff0000;\" href=\"https:\/\/zabnica.e-przedszkolak.eu\/archiwum\/wp-content\/uploads\/2016\/03\/Wniosek-przyj\u0119cia-dziecka-do-przedszkola.pdf\">tutaj<\/a><\/span><\/strong>.<\/p>\n<p style=\"text-align: justify;\"><strong>O\u015bwiadczenia<\/strong>&nbsp;mo\u017cna pobra\u0107 w przedszkolu klikaj\u0105c&nbsp;<strong><span style=\"color: #ff0000;\"><a style=\"color: #ff0000;\" href=\"https:\/\/zabnica.e-przedszkolak.eu\/archiwum\/wp-content\/uploads\/2018\/03\/O\u015bwiadczena.pdf\">tutaj<\/a><\/span><\/strong>.<\/p>\n","protected":false},"excerpt":{"rendered":"<p>Dyrektor Przedszkola w \u017babnicy og\u0142asza zapisy do przedszkola i oddzia\u0142u przedszkolnego,&nbsp;kt\u00f3re&nbsp;trwa\u0107 b\u0119d\u0105 od 5.03.2018 do 23.03.2018. Do zapisu potrzebny b\u0119dzie dow\u00f3d osobisty rodzica oraz akt urodzenia dziecka. Ze wzgl\u0119du na konieczno\u015b\u0107 sporz\u0105dzenia projektu organizacyjnego prosz\u0119 przestrzega\u0107 terminu zapisu.<\/p>\n","protected":false},"author":2,"featured_media":3191,"comment_status":"open","ping_status":"open","sticky":false,"template":"","format":"standard","meta":{"ngg_post_thumbnail":0,"footnotes":""},"categories":[1],"tags":[],"class_list":["post-3189","post","type-post","status-publish","format-standard","has-post-thumbnail","hentry","category-bez-kategorii"],"_links":{"self":[{"href":"https:\/\/zabnica.e-przedszkolak.eu\/archiwum\/wp-json\/wp\/v2\/posts\/3189","targetHints":{"allow":["GET"]}}],"collection":[{"href":"https:\/\/zabnica.e-przedszkolak.eu\/archiwum\/wp-json\/wp\/v2\/posts"}],"about":[{"href":"https:\/\/zabnica.e-przedszkolak.eu\/archiwum\/wp-json\/wp\/v2\/types\/post"}],"author":[{"embeddable":true,"href":"https:\/\/zabnica.e-przedszkolak.eu\/archiwum\/wp-json\/wp\/v2\/users\/2"}],"replies":[{"embeddable":true,"href":"https:\/\/zabnica.e-przedszkolak.eu\/archiwum\/wp-json\/wp\/v2\/comments?post=3189"}],"version-history":[{"count":5,"href":"https:\/\/zabnica.e-przedszkolak.eu\/archiwum\/wp-json\/wp\/v2\/posts\/3189\/revisions"}],"predecessor-version":[{"id":3199,"href":"https:\/\/zabnica.e-przedszkolak.eu\/archiwum\/wp-json\/wp\/v2\/posts\/3189\/revisions\/3199"}],"wp:featuredmedia":[{"embeddable":true,"href":"https:\/\/zabnica.e-przedszkolak.eu\/archiwum\/wp-json\/wp\/v2\/media\/3191"}],"wp:attachment":[{"href":"https:\/\/zabnica.e-przedszkolak.eu\/archiwum\/wp-json\/wp\/v2\/media?parent=3189"}],"wp:term":[{"taxonomy":"category","embeddable":true,"href":"https:\/\/zabnica.e-przedszkolak.eu\/archiwum\/wp-json\/wp\/v2\/categories?post=3189"},{"taxonomy":"post_tag","embeddable":true,"href":"https:\/\/zabnica.e-przedszkolak.eu\/archiwum\/wp-json\/wp\/v2\/tags?post=3189"}],"curies":[{"name":"wp","href":"https:\/\/api.w.org\/{rel}","templated":true}]}}