 {"id":3287,"date":"2019-05-27T14:35:08","date_gmt":"2019-05-27T12:35:08","guid":{"rendered":"https:\/\/zabnica.e-przedszkolak.eu\/?p=3287"},"modified":"2019-05-27T14:35:08","modified_gmt":"2019-05-27T12:35:08","slug":"nasze-male-przedszkolaki-rozwineli-skrzydla","status":"publish","type":"post","link":"https:\/\/zabnica.e-przedszkolak.eu\/archiwum\/2019\/05\/27\/nasze-male-przedszkolaki-rozwineli-skrzydla\/","title":{"rendered":"Nasze ma\u0142e przedszkolaki rozwin\u0119li skrzyd\u0142a"},"content":{"rendered":"<p style=\"text-align: justify;\">22&nbsp; maja odby\u0142 si\u0119 konkurs \u201eRozwi\u0144 skrzyd\u0142a &#8211; poka\u017c nam sw\u00f3j talent. Jak co roku na scenie OPG w W\u0119gierskiej G\u00f3rce wyst\u0105pi\u0142y nasze talenty . . Dzieci zaprezentowa\u0142y swoje umiej\u0119tno\u015bci i zdolno\u015bci taneczne. Przedszkolaki da\u0142y z siebie dos\u0142ownie wszystko\u2026 Serdecznie dzi\u0119kujemy rodzicom, kt\u00f3rzy byli z nami w tym szczeg\u00f3lnym dla dzieci dniu;)<!--more--><\/p>\n<p style=\"text-align: justify;\">Specjalne wyr\u00f3\u017cnienia dosta\u0142y nasze dzieciaczki z: Grupy \u201eBiedronki\u201d &nbsp;i Grupy \u201eSmerfy\u201d<\/p>\nngg_shortcode_0_placeholder\n","protected":false},"excerpt":{"rendered":"<p>22&nbsp; maja odby\u0142 si\u0119 konkurs \u201eRozwi\u0144 skrzyd\u0142a &#8211; poka\u017c nam sw\u00f3j talent. Jak co roku na scenie OPG w W\u0119gierskiej G\u00f3rce wyst\u0105pi\u0142y nasze talenty . . Dzieci zaprezentowa\u0142y swoje umiej\u0119tno\u015bci i zdolno\u015bci taneczne. Przedszkolaki da\u0142y z siebie dos\u0142ownie wszystko\u2026 Serdecznie dzi\u0119kujemy rodzicom, kt\u00f3rzy byli z nami w tym szczeg\u00f3lnym dla dzieci dniu;)<\/p>\n","protected":false},"author":2,"featured_media":3308,"comment_status":"open","ping_status":"open","sticky":false,"template":"","format":"standard","meta":{"ngg_post_thumbnail":0,"footnotes":""},"categories":[1],"tags":[],"class_list":["post-3287","post","type-post","status-publish","format-standard","has-post-thumbnail","hentry","category-bez-kategorii"],"_links":{"self":[{"href":"https:\/\/zabnica.e-przedszkolak.eu\/archiwum\/wp-json\/wp\/v2\/posts\/3287","targetHints":{"allow":["GET"]}}],"collection":[{"href":"https:\/\/zabnica.e-przedszkolak.eu\/archiwum\/wp-json\/wp\/v2\/posts"}],"about":[{"href":"https:\/\/zabnica.e-przedszkolak.eu\/archiwum\/wp-json\/wp\/v2\/types\/post"}],"author":[{"embeddable":true,"href":"https:\/\/zabnica.e-przedszkolak.eu\/archiwum\/wp-json\/wp\/v2\/users\/2"}],"replies":[{"embeddable":true,"href":"https:\/\/zabnica.e-przedszkolak.eu\/archiwum\/wp-json\/wp\/v2\/comments?post=3287"}],"version-history":[{"count":1,"href":"https:\/\/zabnica.e-przedszkolak.eu\/archiwum\/wp-json\/wp\/v2\/posts\/3287\/revisions"}],"predecessor-version":[{"id":3309,"href":"https:\/\/zabnica.e-przedszkolak.eu\/archiwum\/wp-json\/wp\/v2\/posts\/3287\/revisions\/3309"}],"wp:featuredmedia":[{"embeddable":true,"href":"https:\/\/zabnica.e-przedszkolak.eu\/archiwum\/wp-json\/wp\/v2\/media\/3308"}],"wp:attachment":[{"href":"https:\/\/zabnica.e-przedszkolak.eu\/archiwum\/wp-json\/wp\/v2\/media?parent=3287"}],"wp:term":[{"taxonomy":"category","embeddable":true,"href":"https:\/\/zabnica.e-przedszkolak.eu\/archiwum\/wp-json\/wp\/v2\/categories?post=3287"},{"taxonomy":"post_tag","embeddable":true,"href":"https:\/\/zabnica.e-przedszkolak.eu\/archiwum\/wp-json\/wp\/v2\/tags?post=3287"}],"curies":[{"name":"wp","href":"https:\/\/api.w.org\/{rel}","templated":true}]}}