 {"id":3327,"date":"2019-10-29T10:53:26","date_gmt":"2019-10-29T09:53:26","guid":{"rendered":"https:\/\/zabnica.e-przedszkolak.eu\/?p=3327"},"modified":"2019-10-29T11:00:53","modified_gmt":"2019-10-29T10:00:53","slug":"dzien-przedszkolaka","status":"publish","type":"post","link":"https:\/\/zabnica.e-przedszkolak.eu\/archiwum\/2019\/10\/29\/dzien-przedszkolaka\/","title":{"rendered":"Dzie\u0144 przedszkolaka"},"content":{"rendered":"<p style=\"text-align: justify;\">20 wrze\u015bnia w naszym przedszkolu obchodzili\u015bmy <span style=\"color: #ff0000;\">\u201e OG\u00d3LNOPOLSKI DZIE\u0143 PRZEDSZKOLAKA \u201d<\/span>. Nasze przedszkolaki \u015bwi\u0119towanie rozpocz\u0119\u0142y od nadmuchiwania r\u00f3\u017cowych i niebieskich balonik\u00f3w, kt\u00f3re przyczyni\u0142y si\u0119 p\u00f3\u017aniej do wspania\u0142ej zabawy. <!--more-->Tego dnia dzieci uczestniczy\u0142y w r\u00f3\u017cnych zabawach i konkursach, a najwi\u0119ksz\u0105 atrakcj\u0105 by\u0142a wizyta teatru \u201e EDEN\u201d. Przedstawili nam wspania\u0142\u0105 bajeczk\u0119 pt. \u201eZagubiona owieczka\u201d.<\/p>\n<p>&nbsp;<\/p>\n<p style=\"text-align: center;\"><strong><em>\u201eKa\u017cdy przedszkolak dobrze wie,<\/em><\/strong><strong><br \/>\n<em>\u017ce kiedy 20 wrzesie\u0144 zbli\u017ca si\u0119,<\/em><br \/>\n<em>od najm\u0142odszego, a\u017c po starszaka,<\/em><br \/>\n<em>wszyscy \u015bwi\u0119tuj\u0105 Dzie\u0144 Przedszkolaka&#8221;<\/em><\/strong><\/p>\n<p>&nbsp;<\/p>\nngg_shortcode_0_placeholder\n","protected":false},"excerpt":{"rendered":"<p>20 wrze\u015bnia w naszym przedszkolu obchodzili\u015bmy \u201e OG\u00d3LNOPOLSKI DZIE\u0143 PRZEDSZKOLAKA \u201d. Nasze przedszkolaki \u015bwi\u0119towanie rozpocz\u0119\u0142y od nadmuchiwania r\u00f3\u017cowych i niebieskich balonik\u00f3w, kt\u00f3re przyczyni\u0142y si\u0119 p\u00f3\u017aniej do wspania\u0142ej zabawy.<\/p>\n","protected":false},"author":3,"featured_media":3357,"comment_status":"open","ping_status":"open","sticky":false,"template":"","format":"standard","meta":{"ngg_post_thumbnail":0,"footnotes":""},"categories":[1],"tags":[],"class_list":["post-3327","post","type-post","status-publish","format-standard","has-post-thumbnail","hentry","category-bez-kategorii"],"_links":{"self":[{"href":"https:\/\/zabnica.e-przedszkolak.eu\/archiwum\/wp-json\/wp\/v2\/posts\/3327","targetHints":{"allow":["GET"]}}],"collection":[{"href":"https:\/\/zabnica.e-przedszkolak.eu\/archiwum\/wp-json\/wp\/v2\/posts"}],"about":[{"href":"https:\/\/zabnica.e-przedszkolak.eu\/archiwum\/wp-json\/wp\/v2\/types\/post"}],"author":[{"embeddable":true,"href":"https:\/\/zabnica.e-przedszkolak.eu\/archiwum\/wp-json\/wp\/v2\/users\/3"}],"replies":[{"embeddable":true,"href":"https:\/\/zabnica.e-przedszkolak.eu\/archiwum\/wp-json\/wp\/v2\/comments?post=3327"}],"version-history":[{"count":3,"href":"https:\/\/zabnica.e-przedszkolak.eu\/archiwum\/wp-json\/wp\/v2\/posts\/3327\/revisions"}],"predecessor-version":[{"id":3358,"href":"https:\/\/zabnica.e-przedszkolak.eu\/archiwum\/wp-json\/wp\/v2\/posts\/3327\/revisions\/3358"}],"wp:featuredmedia":[{"embeddable":true,"href":"https:\/\/zabnica.e-przedszkolak.eu\/archiwum\/wp-json\/wp\/v2\/media\/3357"}],"wp:attachment":[{"href":"https:\/\/zabnica.e-przedszkolak.eu\/archiwum\/wp-json\/wp\/v2\/media?parent=3327"}],"wp:term":[{"taxonomy":"category","embeddable":true,"href":"https:\/\/zabnica.e-przedszkolak.eu\/archiwum\/wp-json\/wp\/v2\/categories?post=3327"},{"taxonomy":"post_tag","embeddable":true,"href":"https:\/\/zabnica.e-przedszkolak.eu\/archiwum\/wp-json\/wp\/v2\/tags?post=3327"}],"curies":[{"name":"wp","href":"https:\/\/api.w.org\/{rel}","templated":true}]}}