 {"id":3330,"date":"2019-10-29T10:56:51","date_gmt":"2019-10-29T09:56:51","guid":{"rendered":"https:\/\/zabnica.e-przedszkolak.eu\/?p=3330"},"modified":"2019-10-29T10:56:51","modified_gmt":"2019-10-29T09:56:51","slug":"wycieczka-do-piekarni-do-fortu-i-na-bukowine","status":"publish","type":"post","link":"https:\/\/zabnica.e-przedszkolak.eu\/archiwum\/2019\/10\/29\/wycieczka-do-piekarni-do-fortu-i-na-bukowine\/","title":{"rendered":"Wycieczka do piekarni, do fortu i na Bukowin\u0119"},"content":{"rendered":"<p style=\"text-align: justify;\">W pi\u0105tek grupy: Smerfy, Biedronki i Zielone \u017babki wybra\u0142y si\u0119 na wycieczk\u0119 do W\u0119gierskiej G\u00f3rki. Najpierw odwiedzili\u015bmy&nbsp; Piekarnie GS po kt\u00f3rej oprowadzi\u0142 Nas pan kierownik. Przedszkolaki dowiedzia\u0142y si\u0119 jak powstaje chlebek, zobaczy\u0142y wielki piec i magazyn na m\u0105k\u0119<!--more-->Nast\u0119pnie poszli\u015bmy do zabytkowego Fortu \u201eW\u0119drowiec\u201d. Dzieci mia\u0142y okazj\u0119 zwiedzenia go w \u015brodku i wys\u0142uchania historii Fortu. Wycieczk\u0119 zako\u0144czyli\u015bmy na&nbsp; \u201eBac\u00f3wce\u201d, gdzie dzieci wyszala\u0142y si\u0119 na \u0142onie natury i mia\u0142y mo\u017cliwo\u015b\u0107&nbsp; zaprzyja\u017anienia si\u0119 z alpakami.<\/p>\n","protected":false},"excerpt":{"rendered":"<p>W pi\u0105tek grupy: Smerfy, Biedronki i Zielone \u017babki wybra\u0142y si\u0119 na wycieczk\u0119 do W\u0119gierskiej G\u00f3rki. Najpierw odwiedzili\u015bmy&nbsp; Piekarnie GS po kt\u00f3rej oprowadzi\u0142 Nas pan kierownik. Przedszkolaki dowiedzia\u0142y si\u0119 jak powstaje chlebek, zobaczy\u0142y wielki piec i magazyn na m\u0105k\u0119<\/p>\n","protected":false},"author":3,"featured_media":3331,"comment_status":"open","ping_status":"open","sticky":false,"template":"","format":"standard","meta":{"ngg_post_thumbnail":0,"footnotes":""},"categories":[1],"tags":[],"class_list":["post-3330","post","type-post","status-publish","format-standard","has-post-thumbnail","hentry","category-bez-kategorii"],"_links":{"self":[{"href":"https:\/\/zabnica.e-przedszkolak.eu\/archiwum\/wp-json\/wp\/v2\/posts\/3330","targetHints":{"allow":["GET"]}}],"collection":[{"href":"https:\/\/zabnica.e-przedszkolak.eu\/archiwum\/wp-json\/wp\/v2\/posts"}],"about":[{"href":"https:\/\/zabnica.e-przedszkolak.eu\/archiwum\/wp-json\/wp\/v2\/types\/post"}],"author":[{"embeddable":true,"href":"https:\/\/zabnica.e-przedszkolak.eu\/archiwum\/wp-json\/wp\/v2\/users\/3"}],"replies":[{"embeddable":true,"href":"https:\/\/zabnica.e-przedszkolak.eu\/archiwum\/wp-json\/wp\/v2\/comments?post=3330"}],"version-history":[{"count":1,"href":"https:\/\/zabnica.e-przedszkolak.eu\/archiwum\/wp-json\/wp\/v2\/posts\/3330\/revisions"}],"predecessor-version":[{"id":3332,"href":"https:\/\/zabnica.e-przedszkolak.eu\/archiwum\/wp-json\/wp\/v2\/posts\/3330\/revisions\/3332"}],"wp:featuredmedia":[{"embeddable":true,"href":"https:\/\/zabnica.e-przedszkolak.eu\/archiwum\/wp-json\/wp\/v2\/media\/3331"}],"wp:attachment":[{"href":"https:\/\/zabnica.e-przedszkolak.eu\/archiwum\/wp-json\/wp\/v2\/media?parent=3330"}],"wp:term":[{"taxonomy":"category","embeddable":true,"href":"https:\/\/zabnica.e-przedszkolak.eu\/archiwum\/wp-json\/wp\/v2\/categories?post=3330"},{"taxonomy":"post_tag","embeddable":true,"href":"https:\/\/zabnica.e-przedszkolak.eu\/archiwum\/wp-json\/wp\/v2\/tags?post=3330"}],"curies":[{"name":"wp","href":"https:\/\/api.w.org\/{rel}","templated":true}]}}