 {"id":3359,"date":"2019-10-29T11:05:05","date_gmt":"2019-10-29T10:05:05","guid":{"rendered":"https:\/\/zabnica.e-przedszkolak.eu\/?p=3359"},"modified":"2019-10-29T11:05:05","modified_gmt":"2019-10-29T10:05:05","slug":"jesienna-wycieczka-na-skalke","status":"publish","type":"post","link":"https:\/\/zabnica.e-przedszkolak.eu\/archiwum\/2019\/10\/29\/jesienna-wycieczka-na-skalke\/","title":{"rendered":"Jesienna wycieczka na Ska\u0142k\u0119"},"content":{"rendered":"<p style=\"text-align: justify;\">W zesz\u0142ym tygodniu wszystkie dzieciaki wraz z paniami pojechali na Ska\u0142k\u0119 w poszukiwaniu Jesieni. Spacerowali\u015bmy le\u015bnymi \u015bcie\u017ckami, s\u0142uchali\u015bmy szumu potoku g\u00f3rskiego, podziwiali\u015bmy pi\u0119kne krajobrazy. Piekli\u015bmy kie\u0142baski w&#8221; Beskidzkim Klubie Piekie\u0142ko&#8221;.<!--more-->Bardzo dzi\u0119kujemy gospodarzom pani Bernadecie i panu Zdzis\u0142awowi Kupczak za ugoszczenie nas. Obiecujemy \u017ce zn\u00f3w Was odwiedzimy&#8230;.<\/p>\n<p>&nbsp;<\/p>\n<p style=\"text-align: right;\"><em>Pozdrawiamy Przedszkolaki<\/em><\/p>\nngg_shortcode_0_placeholder\n","protected":false},"excerpt":{"rendered":"<p>W zesz\u0142ym tygodniu wszystkie dzieciaki wraz z paniami pojechali na Ska\u0142k\u0119 w poszukiwaniu Jesieni. Spacerowali\u015bmy le\u015bnymi \u015bcie\u017ckami, s\u0142uchali\u015bmy szumu potoku g\u00f3rskiego, podziwiali\u015bmy pi\u0119kne krajobrazy. Piekli\u015bmy kie\u0142baski w&#8221; Beskidzkim Klubie Piekie\u0142ko&#8221;.<\/p>\n","protected":false},"author":3,"featured_media":3384,"comment_status":"open","ping_status":"open","sticky":false,"template":"","format":"standard","meta":{"ngg_post_thumbnail":0,"footnotes":""},"categories":[1],"tags":[],"class_list":["post-3359","post","type-post","status-publish","format-standard","has-post-thumbnail","hentry","category-bez-kategorii"],"_links":{"self":[{"href":"https:\/\/zabnica.e-przedszkolak.eu\/archiwum\/wp-json\/wp\/v2\/posts\/3359","targetHints":{"allow":["GET"]}}],"collection":[{"href":"https:\/\/zabnica.e-przedszkolak.eu\/archiwum\/wp-json\/wp\/v2\/posts"}],"about":[{"href":"https:\/\/zabnica.e-przedszkolak.eu\/archiwum\/wp-json\/wp\/v2\/types\/post"}],"author":[{"embeddable":true,"href":"https:\/\/zabnica.e-przedszkolak.eu\/archiwum\/wp-json\/wp\/v2\/users\/3"}],"replies":[{"embeddable":true,"href":"https:\/\/zabnica.e-przedszkolak.eu\/archiwum\/wp-json\/wp\/v2\/comments?post=3359"}],"version-history":[{"count":1,"href":"https:\/\/zabnica.e-przedszkolak.eu\/archiwum\/wp-json\/wp\/v2\/posts\/3359\/revisions"}],"predecessor-version":[{"id":3385,"href":"https:\/\/zabnica.e-przedszkolak.eu\/archiwum\/wp-json\/wp\/v2\/posts\/3359\/revisions\/3385"}],"wp:featuredmedia":[{"embeddable":true,"href":"https:\/\/zabnica.e-przedszkolak.eu\/archiwum\/wp-json\/wp\/v2\/media\/3384"}],"wp:attachment":[{"href":"https:\/\/zabnica.e-przedszkolak.eu\/archiwum\/wp-json\/wp\/v2\/media?parent=3359"}],"wp:term":[{"taxonomy":"category","embeddable":true,"href":"https:\/\/zabnica.e-przedszkolak.eu\/archiwum\/wp-json\/wp\/v2\/categories?post=3359"},{"taxonomy":"post_tag","embeddable":true,"href":"https:\/\/zabnica.e-przedszkolak.eu\/archiwum\/wp-json\/wp\/v2\/tags?post=3359"}],"curies":[{"name":"wp","href":"https:\/\/api.w.org\/{rel}","templated":true}]}}