 {"id":3386,"date":"2019-11-02T11:05:41","date_gmt":"2019-11-02T10:05:41","guid":{"rendered":"https:\/\/zabnica.e-przedszkolak.eu\/?p=3386"},"modified":"2019-11-02T11:05:41","modified_gmt":"2019-11-02T10:05:41","slug":"hold-bohaterom","status":"publish","type":"post","link":"https:\/\/zabnica.e-przedszkolak.eu\/archiwum\/2019\/11\/02\/hold-bohaterom\/","title":{"rendered":"Ho\u0142d bohaterom\u2026\u2026"},"content":{"rendered":"<p style=\"text-align: justify;\">W dniu 31 pa\u017adziernika przedszkolaki wzi\u0119\u0142y udzia\u0142 w wycieczce pod Pomnik Partyzant\u00f3w Polskich w \u017babnicy. Jak co roku g\u0142\u00f3wnym celem wycieczki by\u0142o kultywowanie tradycji zwi\u0105zanych z upami\u0119tnieniem bohaterstwa \u017co\u0142nierzy straconych dok\u0142adnie w tym miejscu przed 75. laty, 3 wrze\u015bnia 1943 r. przez Niemc\u00f3w.&nbsp;&nbsp;Dzieci z pomoc\u0105 wychowawc\u00f3w zapali\u0142y znicze i odczyta\u0142y nazwiska pomordowanych<!--more--><\/p>\n<p style=\"text-align: justify;\">Cich\u0105 modlitw\u0105 odda\u0142y ho\u0142d i szacunek poleg\u0142ym \u017co\u0142nierzom. &nbsp;W trakcie wycieczki zatrzymali\u015bmy si\u0119 r\u00f3wnie\u017c przy Dzwonnicy Loreta\u0144skiej, gdzie r\u00f3wnie\u017c zapalili\u015bmy znicze.<\/p>\nngg_shortcode_0_placeholder\n","protected":false},"excerpt":{"rendered":"<p>W dniu 31 pa\u017adziernika przedszkolaki wzi\u0119\u0142y udzia\u0142 w wycieczce pod Pomnik Partyzant\u00f3w Polskich w \u017babnicy. Jak co roku g\u0142\u00f3wnym celem wycieczki by\u0142o kultywowanie tradycji zwi\u0105zanych z upami\u0119tnieniem bohaterstwa \u017co\u0142nierzy straconych dok\u0142adnie w tym miejscu przed 75. laty, 3 wrze\u015bnia 1943 r. przez Niemc\u00f3w.&nbsp;&nbsp;Dzieci z pomoc\u0105 wychowawc\u00f3w zapali\u0142y znicze i odczyta\u0142y nazwiska pomordowanych<\/p>\n","protected":false},"author":3,"featured_media":3396,"comment_status":"open","ping_status":"open","sticky":false,"template":"","format":"standard","meta":{"ngg_post_thumbnail":0,"footnotes":""},"categories":[1],"tags":[],"class_list":["post-3386","post","type-post","status-publish","format-standard","has-post-thumbnail","hentry","category-bez-kategorii"],"_links":{"self":[{"href":"https:\/\/zabnica.e-przedszkolak.eu\/archiwum\/wp-json\/wp\/v2\/posts\/3386","targetHints":{"allow":["GET"]}}],"collection":[{"href":"https:\/\/zabnica.e-przedszkolak.eu\/archiwum\/wp-json\/wp\/v2\/posts"}],"about":[{"href":"https:\/\/zabnica.e-przedszkolak.eu\/archiwum\/wp-json\/wp\/v2\/types\/post"}],"author":[{"embeddable":true,"href":"https:\/\/zabnica.e-przedszkolak.eu\/archiwum\/wp-json\/wp\/v2\/users\/3"}],"replies":[{"embeddable":true,"href":"https:\/\/zabnica.e-przedszkolak.eu\/archiwum\/wp-json\/wp\/v2\/comments?post=3386"}],"version-history":[{"count":1,"href":"https:\/\/zabnica.e-przedszkolak.eu\/archiwum\/wp-json\/wp\/v2\/posts\/3386\/revisions"}],"predecessor-version":[{"id":3397,"href":"https:\/\/zabnica.e-przedszkolak.eu\/archiwum\/wp-json\/wp\/v2\/posts\/3386\/revisions\/3397"}],"wp:featuredmedia":[{"embeddable":true,"href":"https:\/\/zabnica.e-przedszkolak.eu\/archiwum\/wp-json\/wp\/v2\/media\/3396"}],"wp:attachment":[{"href":"https:\/\/zabnica.e-przedszkolak.eu\/archiwum\/wp-json\/wp\/v2\/media?parent=3386"}],"wp:term":[{"taxonomy":"category","embeddable":true,"href":"https:\/\/zabnica.e-przedszkolak.eu\/archiwum\/wp-json\/wp\/v2\/categories?post=3386"},{"taxonomy":"post_tag","embeddable":true,"href":"https:\/\/zabnica.e-przedszkolak.eu\/archiwum\/wp-json\/wp\/v2\/tags?post=3386"}],"curies":[{"name":"wp","href":"https:\/\/api.w.org\/{rel}","templated":true}]}}