 {"id":3399,"date":"2019-11-08T08:59:52","date_gmt":"2019-11-08T07:59:52","guid":{"rendered":"https:\/\/zabnica.e-przedszkolak.eu\/?p=3399"},"modified":"2019-11-08T09:00:20","modified_gmt":"2019-11-08T08:00:20","slug":"pasowanie-na-pierwszoklasiste","status":"publish","type":"post","link":"https:\/\/zabnica.e-przedszkolak.eu\/archiwum\/2019\/11\/08\/pasowanie-na-pierwszoklasiste\/","title":{"rendered":"Pasowanie na pierwszoklasist\u0119"},"content":{"rendered":"<p style=\"text-align: justify;\">Dzisiaj nasze przedszkole mia\u0142o zaszczyt uczestniczy\u0107 w Pasowaniu na 1-szo klasist\u00f3w . Wyst\u0119p by\u0142 niesamowity&#8230;. wszystkie przedszkolaki z zapartym tchem ogl\u0105da\u0142y przedstawienie.<!--more--><\/p>\nngg_shortcode_0_placeholder\n","protected":false},"excerpt":{"rendered":"<p>Dzisiaj nasze przedszkole mia\u0142o zaszczyt uczestniczy\u0107 w Pasowaniu na 1-szo klasist\u00f3w . Wyst\u0119p by\u0142 niesamowity&#8230;. wszystkie przedszkolaki z zapartym tchem ogl\u0105da\u0142y przedstawienie.<\/p>\n","protected":false},"author":3,"featured_media":3413,"comment_status":"open","ping_status":"open","sticky":false,"template":"","format":"standard","meta":{"ngg_post_thumbnail":0,"footnotes":""},"categories":[1],"tags":[],"class_list":["post-3399","post","type-post","status-publish","format-standard","has-post-thumbnail","hentry","category-bez-kategorii"],"_links":{"self":[{"href":"https:\/\/zabnica.e-przedszkolak.eu\/archiwum\/wp-json\/wp\/v2\/posts\/3399","targetHints":{"allow":["GET"]}}],"collection":[{"href":"https:\/\/zabnica.e-przedszkolak.eu\/archiwum\/wp-json\/wp\/v2\/posts"}],"about":[{"href":"https:\/\/zabnica.e-przedszkolak.eu\/archiwum\/wp-json\/wp\/v2\/types\/post"}],"author":[{"embeddable":true,"href":"https:\/\/zabnica.e-przedszkolak.eu\/archiwum\/wp-json\/wp\/v2\/users\/3"}],"replies":[{"embeddable":true,"href":"https:\/\/zabnica.e-przedszkolak.eu\/archiwum\/wp-json\/wp\/v2\/comments?post=3399"}],"version-history":[{"count":2,"href":"https:\/\/zabnica.e-przedszkolak.eu\/archiwum\/wp-json\/wp\/v2\/posts\/3399\/revisions"}],"predecessor-version":[{"id":3415,"href":"https:\/\/zabnica.e-przedszkolak.eu\/archiwum\/wp-json\/wp\/v2\/posts\/3399\/revisions\/3415"}],"wp:featuredmedia":[{"embeddable":true,"href":"https:\/\/zabnica.e-przedszkolak.eu\/archiwum\/wp-json\/wp\/v2\/media\/3413"}],"wp:attachment":[{"href":"https:\/\/zabnica.e-przedszkolak.eu\/archiwum\/wp-json\/wp\/v2\/media?parent=3399"}],"wp:term":[{"taxonomy":"category","embeddable":true,"href":"https:\/\/zabnica.e-przedszkolak.eu\/archiwum\/wp-json\/wp\/v2\/categories?post=3399"},{"taxonomy":"post_tag","embeddable":true,"href":"https:\/\/zabnica.e-przedszkolak.eu\/archiwum\/wp-json\/wp\/v2\/tags?post=3399"}],"curies":[{"name":"wp","href":"https:\/\/api.w.org\/{rel}","templated":true}]}}