 {"id":3417,"date":"2019-12-05T10:39:19","date_gmt":"2019-12-05T09:39:19","guid":{"rendered":"https:\/\/zabnica.e-przedszkolak.eu\/?p=3417"},"modified":"2019-12-05T10:39:19","modified_gmt":"2019-12-05T09:39:19","slug":"las-w-zarowce","status":"publish","type":"post","link":"https:\/\/zabnica.e-przedszkolak.eu\/archiwum\/2019\/12\/05\/las-w-zarowce\/","title":{"rendered":"Las w \u017car\u00f3wce"},"content":{"rendered":"<p style=\"text-align: justify;\">Ostatnio nasze przedszkolaki zamkn\u0119\u0142y w \u017car\u00f3wkach ca\u0142y las. A to wszystko za spraw\u0105 fantastycznych tw\u00f3rczych warsztat\u00f3w &#8222;Las w \u017car\u00f3wce&#8221;. Kt\u00f3re wykonali\u015bmy we wsp\u00f3\u0142pracy z dzie\u0107mi ze Specjalnego O\u015brodka Szkolno Wychowawczego w \u017bywcu. <!--more-->Jeszcze raz dzi\u0119kujemy pani Joli oraz dzieciakom.<\/p>\nngg_shortcode_0_placeholder\n","protected":false},"excerpt":{"rendered":"<p>Ostatnio nasze przedszkolaki zamkn\u0119\u0142y w \u017car\u00f3wkach ca\u0142y las. A to wszystko za spraw\u0105 fantastycznych tw\u00f3rczych warsztat\u00f3w &#8222;Las w \u017car\u00f3wce&#8221;. Kt\u00f3re wykonali\u015bmy we wsp\u00f3\u0142pracy z dzie\u0107mi ze Specjalnego O\u015brodka Szkolno Wychowawczego w \u017bywcu.<\/p>\n","protected":false},"author":3,"featured_media":3428,"comment_status":"open","ping_status":"open","sticky":false,"template":"","format":"standard","meta":{"ngg_post_thumbnail":0,"footnotes":""},"categories":[1],"tags":[],"class_list":["post-3417","post","type-post","status-publish","format-standard","has-post-thumbnail","hentry","category-bez-kategorii"],"_links":{"self":[{"href":"https:\/\/zabnica.e-przedszkolak.eu\/archiwum\/wp-json\/wp\/v2\/posts\/3417","targetHints":{"allow":["GET"]}}],"collection":[{"href":"https:\/\/zabnica.e-przedszkolak.eu\/archiwum\/wp-json\/wp\/v2\/posts"}],"about":[{"href":"https:\/\/zabnica.e-przedszkolak.eu\/archiwum\/wp-json\/wp\/v2\/types\/post"}],"author":[{"embeddable":true,"href":"https:\/\/zabnica.e-przedszkolak.eu\/archiwum\/wp-json\/wp\/v2\/users\/3"}],"replies":[{"embeddable":true,"href":"https:\/\/zabnica.e-przedszkolak.eu\/archiwum\/wp-json\/wp\/v2\/comments?post=3417"}],"version-history":[{"count":1,"href":"https:\/\/zabnica.e-przedszkolak.eu\/archiwum\/wp-json\/wp\/v2\/posts\/3417\/revisions"}],"predecessor-version":[{"id":3429,"href":"https:\/\/zabnica.e-przedszkolak.eu\/archiwum\/wp-json\/wp\/v2\/posts\/3417\/revisions\/3429"}],"wp:featuredmedia":[{"embeddable":true,"href":"https:\/\/zabnica.e-przedszkolak.eu\/archiwum\/wp-json\/wp\/v2\/media\/3428"}],"wp:attachment":[{"href":"https:\/\/zabnica.e-przedszkolak.eu\/archiwum\/wp-json\/wp\/v2\/media?parent=3417"}],"wp:term":[{"taxonomy":"category","embeddable":true,"href":"https:\/\/zabnica.e-przedszkolak.eu\/archiwum\/wp-json\/wp\/v2\/categories?post=3417"},{"taxonomy":"post_tag","embeddable":true,"href":"https:\/\/zabnica.e-przedszkolak.eu\/archiwum\/wp-json\/wp\/v2\/tags?post=3417"}],"curies":[{"name":"wp","href":"https:\/\/api.w.org\/{rel}","templated":true}]}}