 {"id":3431,"date":"2020-02-25T10:36:21","date_gmt":"2020-02-25T09:36:21","guid":{"rendered":"https:\/\/zabnica.e-przedszkolak.eu\/?p=3431"},"modified":"2020-02-25T10:36:21","modified_gmt":"2020-02-25T09:36:21","slug":"karnawal-w-przedszkolu","status":"publish","type":"post","link":"https:\/\/zabnica.e-przedszkolak.eu\/archiwum\/2020\/02\/25\/karnawal-w-przedszkolu\/","title":{"rendered":"Karnawa\u0142 w Przedszkolu"},"content":{"rendered":"<p style=\"text-align: justify;\">W karnawale, w karnawale zawsze idziemy na bale. Ka\u017cde dziecko du\u017ce ma\u0142e, lubi bale w karnawale. Mo\u017cna zmieni\u0107 si\u0119 w kr\u00f3lewn\u0119, w kr\u00f3lewicza mo\u017cna te\u017c, s\u0105 cyganki, wr\u00f3\u017cki, \u017cabki, jest i batman, jest i je\u017c.<!--more--><\/p>\nngg_shortcode_0_placeholder\n","protected":false},"excerpt":{"rendered":"<p>W karnawale, w karnawale zawsze idziemy na bale. Ka\u017cde dziecko du\u017ce ma\u0142e, lubi bale w karnawale. Mo\u017cna zmieni\u0107 si\u0119 w kr\u00f3lewn\u0119, w kr\u00f3lewicza mo\u017cna te\u017c, s\u0105 cyganki, wr\u00f3\u017cki, \u017cabki, jest i batman, jest i je\u017c.<\/p>\n","protected":false},"author":3,"featured_media":3457,"comment_status":"open","ping_status":"open","sticky":false,"template":"","format":"standard","meta":{"ngg_post_thumbnail":0,"footnotes":""},"categories":[1],"tags":[],"class_list":["post-3431","post","type-post","status-publish","format-standard","has-post-thumbnail","hentry","category-bez-kategorii"],"_links":{"self":[{"href":"https:\/\/zabnica.e-przedszkolak.eu\/archiwum\/wp-json\/wp\/v2\/posts\/3431","targetHints":{"allow":["GET"]}}],"collection":[{"href":"https:\/\/zabnica.e-przedszkolak.eu\/archiwum\/wp-json\/wp\/v2\/posts"}],"about":[{"href":"https:\/\/zabnica.e-przedszkolak.eu\/archiwum\/wp-json\/wp\/v2\/types\/post"}],"author":[{"embeddable":true,"href":"https:\/\/zabnica.e-przedszkolak.eu\/archiwum\/wp-json\/wp\/v2\/users\/3"}],"replies":[{"embeddable":true,"href":"https:\/\/zabnica.e-przedszkolak.eu\/archiwum\/wp-json\/wp\/v2\/comments?post=3431"}],"version-history":[{"count":1,"href":"https:\/\/zabnica.e-przedszkolak.eu\/archiwum\/wp-json\/wp\/v2\/posts\/3431\/revisions"}],"predecessor-version":[{"id":3458,"href":"https:\/\/zabnica.e-przedszkolak.eu\/archiwum\/wp-json\/wp\/v2\/posts\/3431\/revisions\/3458"}],"wp:featuredmedia":[{"embeddable":true,"href":"https:\/\/zabnica.e-przedszkolak.eu\/archiwum\/wp-json\/wp\/v2\/media\/3457"}],"wp:attachment":[{"href":"https:\/\/zabnica.e-przedszkolak.eu\/archiwum\/wp-json\/wp\/v2\/media?parent=3431"}],"wp:term":[{"taxonomy":"category","embeddable":true,"href":"https:\/\/zabnica.e-przedszkolak.eu\/archiwum\/wp-json\/wp\/v2\/categories?post=3431"},{"taxonomy":"post_tag","embeddable":true,"href":"https:\/\/zabnica.e-przedszkolak.eu\/archiwum\/wp-json\/wp\/v2\/tags?post=3431"}],"curies":[{"name":"wp","href":"https:\/\/api.w.org\/{rel}","templated":true}]}}