 {"id":3475,"date":"2020-03-12T21:56:14","date_gmt":"2020-03-12T20:56:14","guid":{"rendered":"https:\/\/zabnica.e-przedszkolak.eu\/?p=3475"},"modified":"2020-03-12T21:57:04","modified_gmt":"2020-03-12T20:57:04","slug":"ogloszenie","status":"publish","type":"post","link":"https:\/\/zabnica.e-przedszkolak.eu\/archiwum\/2020\/03\/12\/ogloszenie\/","title":{"rendered":"Og\u0142oszenie"},"content":{"rendered":"<p style=\"text-align: justify;\">W zwi\u0105zku z zamkni\u0119ciem przedszkola w celu unikni\u0119cia rozprzestrzeniania&nbsp; koronawirusa informuj\u0119, \u017ce rekrutacja na czas zamkni\u0119cia plac\u00f3wki zostaje zawieszona. Wznowiona zostanie od 26.03.2020 do 31.03.2020.<!--more--><\/p>\n<p style=\"text-align: justify;\"><strong>Prosz\u0119 o przestrzeganie w\/w terminu. <\/strong><\/p>\n<p style=\"text-align: justify;\">W dniach zamkni\u0119cia przedszkola wszystkie sprawy prosimy za\u0142atwia\u0107 telefonicznie pod numerem 33 8641303 w godzinach 8.00 \u2013 13.00.<\/p>\n<p style=\"text-align: justify;\">Wszelkie zmiany zostan\u0105 podane na stronie internetowej Przedszkola w \u017babnicy.<\/p>\n<h3 style=\"text-align: center;\"><span style=\"color: #ff0000;\"><strong><a style=\"color: #ff0000;\" href=\"https:\/\/zabnica.e-przedszkolak.eu\/archiwum\/wp-content\/uploads\/2020\/03\/og\u0142oszenie-W\u00f3jta-001.pdf\">Zarz\u0105dzenie W\u00f3jta Gminy W\u0119gierska G\u00f3rka z dnia 2020-03-12<\/a><\/strong><\/span><\/h3>\n","protected":false},"excerpt":{"rendered":"<p>W zwi\u0105zku z zamkni\u0119ciem przedszkola w celu unikni\u0119cia rozprzestrzeniania&nbsp; koronawirusa informuj\u0119, \u017ce rekrutacja na czas zamkni\u0119cia plac\u00f3wki zostaje zawieszona. Wznowiona zostanie od 26.03.2020 do 31.03.2020.<\/p>\n","protected":false},"author":3,"featured_media":3477,"comment_status":"open","ping_status":"open","sticky":false,"template":"","format":"standard","meta":{"ngg_post_thumbnail":0,"footnotes":""},"categories":[1],"tags":[],"class_list":["post-3475","post","type-post","status-publish","format-standard","has-post-thumbnail","hentry","category-bez-kategorii"],"_links":{"self":[{"href":"https:\/\/zabnica.e-przedszkolak.eu\/archiwum\/wp-json\/wp\/v2\/posts\/3475","targetHints":{"allow":["GET"]}}],"collection":[{"href":"https:\/\/zabnica.e-przedszkolak.eu\/archiwum\/wp-json\/wp\/v2\/posts"}],"about":[{"href":"https:\/\/zabnica.e-przedszkolak.eu\/archiwum\/wp-json\/wp\/v2\/types\/post"}],"author":[{"embeddable":true,"href":"https:\/\/zabnica.e-przedszkolak.eu\/archiwum\/wp-json\/wp\/v2\/users\/3"}],"replies":[{"embeddable":true,"href":"https:\/\/zabnica.e-przedszkolak.eu\/archiwum\/wp-json\/wp\/v2\/comments?post=3475"}],"version-history":[{"count":3,"href":"https:\/\/zabnica.e-przedszkolak.eu\/archiwum\/wp-json\/wp\/v2\/posts\/3475\/revisions"}],"predecessor-version":[{"id":3480,"href":"https:\/\/zabnica.e-przedszkolak.eu\/archiwum\/wp-json\/wp\/v2\/posts\/3475\/revisions\/3480"}],"wp:featuredmedia":[{"embeddable":true,"href":"https:\/\/zabnica.e-przedszkolak.eu\/archiwum\/wp-json\/wp\/v2\/media\/3477"}],"wp:attachment":[{"href":"https:\/\/zabnica.e-przedszkolak.eu\/archiwum\/wp-json\/wp\/v2\/media?parent=3475"}],"wp:term":[{"taxonomy":"category","embeddable":true,"href":"https:\/\/zabnica.e-przedszkolak.eu\/archiwum\/wp-json\/wp\/v2\/categories?post=3475"},{"taxonomy":"post_tag","embeddable":true,"href":"https:\/\/zabnica.e-przedszkolak.eu\/archiwum\/wp-json\/wp\/v2\/tags?post=3475"}],"curies":[{"name":"wp","href":"https:\/\/api.w.org\/{rel}","templated":true}]}}