 {"id":3482,"date":"2020-03-23T21:45:56","date_gmt":"2020-03-23T20:45:56","guid":{"rendered":"https:\/\/zabnica.e-przedszkolak.eu\/?p=3482"},"modified":"2020-03-23T21:46:12","modified_gmt":"2020-03-23T20:46:12","slug":"rekrutacja","status":"publish","type":"post","link":"https:\/\/zabnica.e-przedszkolak.eu\/archiwum\/2020\/03\/23\/rekrutacja\/","title":{"rendered":"Rekrutacja"},"content":{"rendered":"<div style=\"text-align: justify;\">Rekrutacja w Przedszkolu w \u017babnicy przebiega\u0107 b\u0119dzie drog\u0105 elektroniczn\u0105 na adres&nbsp;<a href=\"mailto:mariafm@wp.pl\" rel=\"noreferrer\">mariafm@wp.pl<\/a>&nbsp;do dnia 30.03.2020 . Dla os\u00f3b nie maj\u0105cych mo\u017cliwo\u015bci przes\u0142ania drog\u0105 elektroniczn\u0105 w dniu 30.03.2020 przed przedszkolem od godz 10 do 14 b\u0119dzie wstawiona skrzynka do kt\u00f3rej mo\u017cna wrzuca\u0107 wnioski.&nbsp;<\/div>\n<p><!--more--><\/p>\n<div>Pozdrawiam i \u017cycz\u0119 du\u017co zdrowia .<\/div>\n<div>&nbsp;<\/div>\n<div style=\"text-align: right;\"><em>Maria Figura Motyka<\/em><\/div>\n","protected":false},"excerpt":{"rendered":"<p>Rekrutacja w Przedszkolu w \u017babnicy przebiega\u0107 b\u0119dzie drog\u0105 elektroniczn\u0105 na adres&nbsp;mariafm@wp.pl&nbsp;do dnia 30.03.2020 . Dla os\u00f3b nie maj\u0105cych mo\u017cliwo\u015bci przes\u0142ania drog\u0105 elektroniczn\u0105 w dniu 30.03.2020 przed przedszkolem od godz 10 do 14 b\u0119dzie wstawiona skrzynka do kt\u00f3rej mo\u017cna wrzuca\u0107 wnioski.&nbsp;<\/p>\n","protected":false},"author":3,"featured_media":3477,"comment_status":"open","ping_status":"open","sticky":false,"template":"","format":"standard","meta":{"ngg_post_thumbnail":0,"footnotes":""},"categories":[1],"tags":[],"class_list":["post-3482","post","type-post","status-publish","format-standard","has-post-thumbnail","hentry","category-bez-kategorii"],"_links":{"self":[{"href":"https:\/\/zabnica.e-przedszkolak.eu\/archiwum\/wp-json\/wp\/v2\/posts\/3482","targetHints":{"allow":["GET"]}}],"collection":[{"href":"https:\/\/zabnica.e-przedszkolak.eu\/archiwum\/wp-json\/wp\/v2\/posts"}],"about":[{"href":"https:\/\/zabnica.e-przedszkolak.eu\/archiwum\/wp-json\/wp\/v2\/types\/post"}],"author":[{"embeddable":true,"href":"https:\/\/zabnica.e-przedszkolak.eu\/archiwum\/wp-json\/wp\/v2\/users\/3"}],"replies":[{"embeddable":true,"href":"https:\/\/zabnica.e-przedszkolak.eu\/archiwum\/wp-json\/wp\/v2\/comments?post=3482"}],"version-history":[{"count":2,"href":"https:\/\/zabnica.e-przedszkolak.eu\/archiwum\/wp-json\/wp\/v2\/posts\/3482\/revisions"}],"predecessor-version":[{"id":3484,"href":"https:\/\/zabnica.e-przedszkolak.eu\/archiwum\/wp-json\/wp\/v2\/posts\/3482\/revisions\/3484"}],"wp:featuredmedia":[{"embeddable":true,"href":"https:\/\/zabnica.e-przedszkolak.eu\/archiwum\/wp-json\/wp\/v2\/media\/3477"}],"wp:attachment":[{"href":"https:\/\/zabnica.e-przedszkolak.eu\/archiwum\/wp-json\/wp\/v2\/media?parent=3482"}],"wp:term":[{"taxonomy":"category","embeddable":true,"href":"https:\/\/zabnica.e-przedszkolak.eu\/archiwum\/wp-json\/wp\/v2\/categories?post=3482"},{"taxonomy":"post_tag","embeddable":true,"href":"https:\/\/zabnica.e-przedszkolak.eu\/archiwum\/wp-json\/wp\/v2\/tags?post=3482"}],"curies":[{"name":"wp","href":"https:\/\/api.w.org\/{rel}","templated":true}]}}