 {"id":3485,"date":"2020-03-24T22:56:29","date_gmt":"2020-03-24T21:56:29","guid":{"rendered":"https:\/\/zabnica.e-przedszkolak.eu\/?p=3485"},"modified":"2020-03-24T22:56:29","modified_gmt":"2020-03-24T21:56:29","slug":"ksztalcenie-na-odleglosc","status":"publish","type":"post","link":"https:\/\/zabnica.e-przedszkolak.eu\/archiwum\/2020\/03\/24\/ksztalcenie-na-odleglosc\/","title":{"rendered":"Kszta\u0142cenie na odleg\u0142o\u015b\u0107"},"content":{"rendered":"<p style=\"text-align: justify;\">Zmienili\u015bmy przepisy, dzi\u0119ki kt\u00f3rym mo\u017cliwe jest prowadzenie kszta\u0142cenia na odleg\u0142o\u015b\u0107 w okresie czasowego ograniczenia funkcjonowania szk\u00f3\u0142 i plac\u00f3wek o\u015bwiatowych w zwi\u0105zku z zapobieganiem, przeciwdzia\u0142aniem i zwalczaniem COVID- 19<!--more-->Okre\u015blili\u015bmy zasady prowadzenia nauczania na odleg\u0142o\u015b\u0107 i stworzyli\u015bmy mo\u017cliwo\u015b\u0107 oceniania i klasyfikowania uczni\u00f3w. Nowe przepisy b\u0119d\u0105 obowi\u0105zywa\u0142y od 25 marca 2020 r. do 10 kwietnia 2020 r.<\/p>\n<p style=\"text-align: justify;\"><strong>Czytaj ca\u0142y dokument: <a href=\"https:\/\/zabnica.e-przedszkolak.eu\/archiwum\/wp-content\/uploads\/2020\/03\/2020_03_20_Ksztalcenie_na_odleglosc_nowe_regulacje_prawne_MEN.pdf\">KLIKNIJ<\/a><\/strong><\/p>\n","protected":false},"excerpt":{"rendered":"<p>Zmienili\u015bmy przepisy, dzi\u0119ki kt\u00f3rym mo\u017cliwe jest prowadzenie kszta\u0142cenia na odleg\u0142o\u015b\u0107 w okresie czasowego ograniczenia funkcjonowania szk\u00f3\u0142 i plac\u00f3wek o\u015bwiatowych w zwi\u0105zku z zapobieganiem, przeciwdzia\u0142aniem i zwalczaniem COVID- 19<\/p>\n","protected":false},"author":3,"featured_media":3477,"comment_status":"open","ping_status":"open","sticky":false,"template":"","format":"standard","meta":{"ngg_post_thumbnail":0,"footnotes":""},"categories":[1],"tags":[],"class_list":["post-3485","post","type-post","status-publish","format-standard","has-post-thumbnail","hentry","category-bez-kategorii"],"_links":{"self":[{"href":"https:\/\/zabnica.e-przedszkolak.eu\/archiwum\/wp-json\/wp\/v2\/posts\/3485","targetHints":{"allow":["GET"]}}],"collection":[{"href":"https:\/\/zabnica.e-przedszkolak.eu\/archiwum\/wp-json\/wp\/v2\/posts"}],"about":[{"href":"https:\/\/zabnica.e-przedszkolak.eu\/archiwum\/wp-json\/wp\/v2\/types\/post"}],"author":[{"embeddable":true,"href":"https:\/\/zabnica.e-przedszkolak.eu\/archiwum\/wp-json\/wp\/v2\/users\/3"}],"replies":[{"embeddable":true,"href":"https:\/\/zabnica.e-przedszkolak.eu\/archiwum\/wp-json\/wp\/v2\/comments?post=3485"}],"version-history":[{"count":1,"href":"https:\/\/zabnica.e-przedszkolak.eu\/archiwum\/wp-json\/wp\/v2\/posts\/3485\/revisions"}],"predecessor-version":[{"id":3487,"href":"https:\/\/zabnica.e-przedszkolak.eu\/archiwum\/wp-json\/wp\/v2\/posts\/3485\/revisions\/3487"}],"wp:featuredmedia":[{"embeddable":true,"href":"https:\/\/zabnica.e-przedszkolak.eu\/archiwum\/wp-json\/wp\/v2\/media\/3477"}],"wp:attachment":[{"href":"https:\/\/zabnica.e-przedszkolak.eu\/archiwum\/wp-json\/wp\/v2\/media?parent=3485"}],"wp:term":[{"taxonomy":"category","embeddable":true,"href":"https:\/\/zabnica.e-przedszkolak.eu\/archiwum\/wp-json\/wp\/v2\/categories?post=3485"},{"taxonomy":"post_tag","embeddable":true,"href":"https:\/\/zabnica.e-przedszkolak.eu\/archiwum\/wp-json\/wp\/v2\/tags?post=3485"}],"curies":[{"name":"wp","href":"https:\/\/api.w.org\/{rel}","templated":true}]}}