 {"id":3488,"date":"2020-03-25T12:49:19","date_gmt":"2020-03-25T11:49:19","guid":{"rendered":"https:\/\/zabnica.e-przedszkolak.eu\/?p=3488"},"modified":"2020-03-25T12:49:19","modified_gmt":"2020-03-25T11:49:19","slug":"materialy-edukacyjne","status":"publish","type":"post","link":"https:\/\/zabnica.e-przedszkolak.eu\/archiwum\/2020\/03\/25\/materialy-edukacyjne\/","title":{"rendered":"Materia\u0142y edukacyjne"},"content":{"rendered":"<p style=\"text-align: justify;\">Drodzy Rodzice, obecna sytuacja jest dla nas niew\u0105tpliwie bardzo trudna. W zwi\u0105zku z&nbsp; zapobieganiem przeciwdzia\u0142a\u0144 i&nbsp; zwalczaniu COVID -19 obowi\u0105zuj\u0105 nowe przepisy odno\u015bnie prowadzenia zaj\u0119\u0107 na odleg\u0142o\u015b\u0107 od dnia 25.03.2020 do 10 kwietnia 2020. Ze wzgl\u0119du na to na profilu przedszkola&nbsp; (\u201e<strong>Przedszkole w \u017babnicy\u201d) <\/strong>na stronie facebook&nbsp;&nbsp; co dziennie dla Waszych dzieci przez Wasze nauczycielki b\u0119d\u0105 przekazywane zadania realizuj\u0105ce podstawow\u0105 dla dzieci 3-4 letnich oraz 5-6 letnich.<!--more--><\/p>\n<p style=\"text-align: justify;\">Zach\u0119camy&nbsp; bardzo rodzic\u00f3w do wsp\u00f3\u0142pracy i odniesienie si\u0119 do problemu ze zrozumieniem. Prosimy o przesy\u0142anie na t\u0105 stron\u0119 zdj\u0119\u0107 ,dzia\u0142a\u0144 , wykonywanych prac i innych ciekawostek przez Wasze dzieci w celu prowadzenie dokumentacji i oraz zachowania kontaktu z nauczycielem. Mam nadziej\u0119 , \u017ce poprzez wsp\u00f3lne wsparcie&nbsp; przetrwamy ten trudny okres.<\/p>\n<p style=\"text-align: center;\">&nbsp;&nbsp;&nbsp;&nbsp;&nbsp;&nbsp;&nbsp;&nbsp;&nbsp;&nbsp; \u017bycz\u0119 nam wszystkim bardzo du\u017co zdrowia.<\/p>\n","protected":false},"excerpt":{"rendered":"<p>Drodzy Rodzice, obecna sytuacja jest dla nas niew\u0105tpliwie bardzo trudna. W zwi\u0105zku z&nbsp; zapobieganiem przeciwdzia\u0142a\u0144 i&nbsp; zwalczaniu COVID -19 obowi\u0105zuj\u0105 nowe przepisy odno\u015bnie prowadzenia zaj\u0119\u0107 na odleg\u0142o\u015b\u0107 od dnia 25.03.2020 do 10 kwietnia 2020. Ze wzgl\u0119du na to na profilu przedszkola&nbsp; (\u201ePrzedszkole w \u017babnicy\u201d) na stronie facebook&nbsp;&nbsp; co dziennie dla Waszych dzieci przez Wasze nauczycielki [&hellip;]<\/p>\n","protected":false},"author":3,"featured_media":3477,"comment_status":"open","ping_status":"open","sticky":false,"template":"","format":"standard","meta":{"ngg_post_thumbnail":0,"footnotes":""},"categories":[1],"tags":[],"class_list":["post-3488","post","type-post","status-publish","format-standard","has-post-thumbnail","hentry","category-bez-kategorii"],"_links":{"self":[{"href":"https:\/\/zabnica.e-przedszkolak.eu\/archiwum\/wp-json\/wp\/v2\/posts\/3488","targetHints":{"allow":["GET"]}}],"collection":[{"href":"https:\/\/zabnica.e-przedszkolak.eu\/archiwum\/wp-json\/wp\/v2\/posts"}],"about":[{"href":"https:\/\/zabnica.e-przedszkolak.eu\/archiwum\/wp-json\/wp\/v2\/types\/post"}],"author":[{"embeddable":true,"href":"https:\/\/zabnica.e-przedszkolak.eu\/archiwum\/wp-json\/wp\/v2\/users\/3"}],"replies":[{"embeddable":true,"href":"https:\/\/zabnica.e-przedszkolak.eu\/archiwum\/wp-json\/wp\/v2\/comments?post=3488"}],"version-history":[{"count":1,"href":"https:\/\/zabnica.e-przedszkolak.eu\/archiwum\/wp-json\/wp\/v2\/posts\/3488\/revisions"}],"predecessor-version":[{"id":3489,"href":"https:\/\/zabnica.e-przedszkolak.eu\/archiwum\/wp-json\/wp\/v2\/posts\/3488\/revisions\/3489"}],"wp:featuredmedia":[{"embeddable":true,"href":"https:\/\/zabnica.e-przedszkolak.eu\/archiwum\/wp-json\/wp\/v2\/media\/3477"}],"wp:attachment":[{"href":"https:\/\/zabnica.e-przedszkolak.eu\/archiwum\/wp-json\/wp\/v2\/media?parent=3488"}],"wp:term":[{"taxonomy":"category","embeddable":true,"href":"https:\/\/zabnica.e-przedszkolak.eu\/archiwum\/wp-json\/wp\/v2\/categories?post=3488"},{"taxonomy":"post_tag","embeddable":true,"href":"https:\/\/zabnica.e-przedszkolak.eu\/archiwum\/wp-json\/wp\/v2\/tags?post=3488"}],"curies":[{"name":"wp","href":"https:\/\/api.w.org\/{rel}","templated":true}]}}