 {"id":3494,"date":"2020-08-22T11:28:01","date_gmt":"2020-08-22T09:28:01","guid":{"rendered":"https:\/\/zabnica.e-przedszkolak.eu\/?p=3494"},"modified":"2020-08-22T11:28:44","modified_gmt":"2020-08-22T09:28:44","slug":"ogloszenie-dyrektora-przedszkola-w-zabnicy","status":"publish","type":"post","link":"https:\/\/zabnica.e-przedszkolak.eu\/archiwum\/2020\/08\/22\/ogloszenie-dyrektora-przedszkola-w-zabnicy\/","title":{"rendered":"Og\u0142oszenie dyrektora Przedszkola w \u017babnicy"},"content":{"rendered":"<p style=\"text-align: justify;\">Informacja dla rodzic\u00f3w dzieci przyj\u0119tych do przedszkola na rok szkolny 2020\/20201. Zebranie organizacyjne na rok szko\u0142y 2020\/2021 odb\u0119dzie si\u0119 w dniu 27.08.2020( czwartek).&nbsp; Dla dzieci ca\u0142odziennych o godzinie 15.00, dla dzieci pi\u0119ciogodzinnych o godz 15.45. Na zebranie przychodzimy w maseczkach i bez dzieci.<!--more--><\/p>\n<p style=\"text-align: justify;\">Bardzo prosimy o pobranie ze strony internetowej&nbsp; przedszkola lub z przedszkola deklaracji korzystania z wychowania przedszkolnego, wype\u0142nienie i przyniesienie na zebranie. Bardzo prosi si\u0119 rodzic\u00f3w , kt\u00f3rzy ze wzgl\u0119du na wyst\u0105pienie COVID 19 rezygnuj\u0105 z pobytu swoich dzieci w naszym przedszkolu o piln\u0105 informacj\u0119 do dyrektora przedszkola. Ze wzgl\u0119du na obecn\u0105 trudn\u0105 sytuacj\u0119 zwi\u0105zan\u0105 z COVID 19 bardzo prosimy o obecno\u015b\u0107. Dok\u0142adne informacje zosta\u0142y umieszczone na stronie internetowej Przedszkola w \u017babnicy.<\/p>\n<ul>\n<li>\n<h3><strong><a href=\"https:\/\/zabnica.e-przedszkolak.eu\/archiwum\/wp-content\/uploads\/2020\/08\/DEKLARACJA-RODZICA.pdf\">Deklaracja i o\u015bwiadczenie<\/a><\/strong><\/h3>\n<\/li>\n<li>\n<h3><strong><a href=\"https:\/\/zabnica.e-przedszkolak.eu\/archiwum\/wp-content\/uploads\/2020\/08\/wytyczne-_zlobki_przedszkola_iii_aktualizacja-2-1.pdf\">Wytyczne przeciwepidemiczne G\u0142\u00f3wnego Inspektora Sanitarnego<\/a><\/strong><\/h3>\n<\/li>\n<li>\n<h3><strong><a href=\"https:\/\/zabnica.e-przedszkolak.eu\/archiwum\/wp-content\/uploads\/2020\/08\/Deklaracja-korzystania-z-wychowania-przedszkolnego-oraz-korzystania-z-wy\u017cywienia.pdf\">Deklaracja korzystania z wychowania przedszkolnego oraz korzystania z wy\u017cywienia w&nbsp; Przedszkolu w \u017babnicy&nbsp; na &nbsp;rok szkolny 2020\/2021<\/a><\/strong><\/h3>\n<\/li>\n<\/ul>\n<p><!--more--><\/p>\n<p>&nbsp;<\/p>\n","protected":false},"excerpt":{"rendered":"<p>Informacja dla rodzic\u00f3w dzieci przyj\u0119tych do przedszkola na rok szkolny 2020\/20201. Zebranie organizacyjne na rok szko\u0142y 2020\/2021 odb\u0119dzie si\u0119 w dniu 27.08.2020( czwartek).&nbsp; Dla dzieci ca\u0142odziennych o godzinie 15.00, dla dzieci pi\u0119ciogodzinnych o godz 15.45. Na zebranie przychodzimy w maseczkach i bez dzieci.<\/p>\n","protected":false},"author":3,"featured_media":3477,"comment_status":"open","ping_status":"open","sticky":false,"template":"","format":"standard","meta":{"ngg_post_thumbnail":0,"footnotes":""},"categories":[1],"tags":[],"class_list":["post-3494","post","type-post","status-publish","format-standard","has-post-thumbnail","hentry","category-bez-kategorii"],"_links":{"self":[{"href":"https:\/\/zabnica.e-przedszkolak.eu\/archiwum\/wp-json\/wp\/v2\/posts\/3494","targetHints":{"allow":["GET"]}}],"collection":[{"href":"https:\/\/zabnica.e-przedszkolak.eu\/archiwum\/wp-json\/wp\/v2\/posts"}],"about":[{"href":"https:\/\/zabnica.e-przedszkolak.eu\/archiwum\/wp-json\/wp\/v2\/types\/post"}],"author":[{"embeddable":true,"href":"https:\/\/zabnica.e-przedszkolak.eu\/archiwum\/wp-json\/wp\/v2\/users\/3"}],"replies":[{"embeddable":true,"href":"https:\/\/zabnica.e-przedszkolak.eu\/archiwum\/wp-json\/wp\/v2\/comments?post=3494"}],"version-history":[{"count":3,"href":"https:\/\/zabnica.e-przedszkolak.eu\/archiwum\/wp-json\/wp\/v2\/posts\/3494\/revisions"}],"predecessor-version":[{"id":3500,"href":"https:\/\/zabnica.e-przedszkolak.eu\/archiwum\/wp-json\/wp\/v2\/posts\/3494\/revisions\/3500"}],"wp:featuredmedia":[{"embeddable":true,"href":"https:\/\/zabnica.e-przedszkolak.eu\/archiwum\/wp-json\/wp\/v2\/media\/3477"}],"wp:attachment":[{"href":"https:\/\/zabnica.e-przedszkolak.eu\/archiwum\/wp-json\/wp\/v2\/media?parent=3494"}],"wp:term":[{"taxonomy":"category","embeddable":true,"href":"https:\/\/zabnica.e-przedszkolak.eu\/archiwum\/wp-json\/wp\/v2\/categories?post=3494"},{"taxonomy":"post_tag","embeddable":true,"href":"https:\/\/zabnica.e-przedszkolak.eu\/archiwum\/wp-json\/wp\/v2\/tags?post=3494"}],"curies":[{"name":"wp","href":"https:\/\/api.w.org\/{rel}","templated":true}]}}