 {"id":3503,"date":"2020-10-08T11:46:02","date_gmt":"2020-10-08T09:46:02","guid":{"rendered":"https:\/\/zabnica.e-przedszkolak.eu\/?p=3503"},"modified":"2020-10-08T11:46:25","modified_gmt":"2020-10-08T09:46:25","slug":"informacje-ogolne","status":"publish","type":"post","link":"https:\/\/zabnica.e-przedszkolak.eu\/archiwum\/2020\/10\/08\/informacje-ogolne\/","title":{"rendered":"Informacje og\u00f3lne"},"content":{"rendered":"<p style=\"text-align: justify;\">Kochani&#8230;. witamy po d\u0142ugiej przerwie;) Informujemy, \u017ce w tym roku szkolnym nasza plac\u00f3wka bierze udzia\u0142 w dw\u00f3ch projektach edukacyjnych:<!--more--><\/p>\n<p style=\"text-align: justify;\"><strong>1. Ma\u0142y mi\u015b w \u015bwiecie wielkiej literatury,<\/strong><br \/>\n<strong>2.Mi\u0119dzynarodowy projekt EMOCJA<\/strong><\/p>\n<p style=\"text-align: justify;\">Ka\u017cda grupa opracowuje proponowane modu\u0142y, a sprawozdania zamieszcza na swoim koncie na fb. Serdecznie zapraszamy Was kochane dzieciaki wraz z rodzicami do wsp\u00f3\u0142pracy przy wykonywaniu zada\u0144&#8230;<\/p>\n","protected":false},"excerpt":{"rendered":"<p>Kochani&#8230;. witamy po d\u0142ugiej przerwie;) Informujemy, \u017ce w tym roku szkolnym nasza plac\u00f3wka bierze udzia\u0142 w dw\u00f3ch projektach edukacyjnych:<\/p>\n","protected":false},"author":3,"featured_media":3477,"comment_status":"open","ping_status":"open","sticky":false,"template":"","format":"standard","meta":{"ngg_post_thumbnail":0,"footnotes":""},"categories":[1],"tags":[],"class_list":["post-3503","post","type-post","status-publish","format-standard","has-post-thumbnail","hentry","category-bez-kategorii"],"_links":{"self":[{"href":"https:\/\/zabnica.e-przedszkolak.eu\/archiwum\/wp-json\/wp\/v2\/posts\/3503","targetHints":{"allow":["GET"]}}],"collection":[{"href":"https:\/\/zabnica.e-przedszkolak.eu\/archiwum\/wp-json\/wp\/v2\/posts"}],"about":[{"href":"https:\/\/zabnica.e-przedszkolak.eu\/archiwum\/wp-json\/wp\/v2\/types\/post"}],"author":[{"embeddable":true,"href":"https:\/\/zabnica.e-przedszkolak.eu\/archiwum\/wp-json\/wp\/v2\/users\/3"}],"replies":[{"embeddable":true,"href":"https:\/\/zabnica.e-przedszkolak.eu\/archiwum\/wp-json\/wp\/v2\/comments?post=3503"}],"version-history":[{"count":2,"href":"https:\/\/zabnica.e-przedszkolak.eu\/archiwum\/wp-json\/wp\/v2\/posts\/3503\/revisions"}],"predecessor-version":[{"id":3505,"href":"https:\/\/zabnica.e-przedszkolak.eu\/archiwum\/wp-json\/wp\/v2\/posts\/3503\/revisions\/3505"}],"wp:featuredmedia":[{"embeddable":true,"href":"https:\/\/zabnica.e-przedszkolak.eu\/archiwum\/wp-json\/wp\/v2\/media\/3477"}],"wp:attachment":[{"href":"https:\/\/zabnica.e-przedszkolak.eu\/archiwum\/wp-json\/wp\/v2\/media?parent=3503"}],"wp:term":[{"taxonomy":"category","embeddable":true,"href":"https:\/\/zabnica.e-przedszkolak.eu\/archiwum\/wp-json\/wp\/v2\/categories?post=3503"},{"taxonomy":"post_tag","embeddable":true,"href":"https:\/\/zabnica.e-przedszkolak.eu\/archiwum\/wp-json\/wp\/v2\/tags?post=3503"}],"curies":[{"name":"wp","href":"https:\/\/api.w.org\/{rel}","templated":true}]}}