 {"id":3506,"date":"2020-10-08T11:48:30","date_gmt":"2020-10-08T09:48:30","guid":{"rendered":"https:\/\/zabnica.e-przedszkolak.eu\/?p=3506"},"modified":"2020-10-08T11:48:30","modified_gmt":"2020-10-08T09:48:30","slug":"ogolnopolski-dzien-przedszkolaka-2","status":"publish","type":"post","link":"https:\/\/zabnica.e-przedszkolak.eu\/archiwum\/2020\/10\/08\/ogolnopolski-dzien-przedszkolaka-2\/","title":{"rendered":"Og\u00f3lnopolski Dzie\u0144 Przedszkolaka"},"content":{"rendered":"<p style=\"text-align: justify;\">Og\u00f3lnopolski Dzie\u0144 Przedszkolaka jak co roku obchodzony jest 20 wrze\u015bnia. \u015awi\u0119to to zosta\u0142o ustanowione, aby podkre\u015bli\u0107 wag\u0119 edukacji przedszkolnej w rozwoju i edukacji dzieci. Dzie\u0144 ten ma tak\u017ce dostarczy\u0107 dzieciom kolejnych okazji do \u015bwi\u0119towania, wspania\u0142ej zabawy oraz czerpania rado\u015bci z bycia przedszkolakiem.<!--more--><\/p>\n<p style=\"text-align: justify;\">W tym roku na dzieci czeka\u0142o kilka niespodzianek: balony, medale i niespodziewani go\u015bcie;) Figloraj &#8222;STAR FUN&#8221; odwiedzi\u0142 nasze przedszkole&#8230;.<\/p>\nngg_shortcode_0_placeholder\n","protected":false},"excerpt":{"rendered":"<p>Og\u00f3lnopolski Dzie\u0144 Przedszkolaka jak co roku obchodzony jest 20 wrze\u015bnia. \u015awi\u0119to to zosta\u0142o ustanowione, aby podkre\u015bli\u0107 wag\u0119 edukacji przedszkolnej w rozwoju i edukacji dzieci. Dzie\u0144 ten ma tak\u017ce dostarczy\u0107 dzieciom kolejnych okazji do \u015bwi\u0119towania, wspania\u0142ej zabawy oraz czerpania rado\u015bci z bycia przedszkolakiem.<\/p>\n","protected":false},"author":3,"featured_media":3517,"comment_status":"open","ping_status":"open","sticky":false,"template":"","format":"standard","meta":{"ngg_post_thumbnail":0,"footnotes":""},"categories":[1],"tags":[],"class_list":["post-3506","post","type-post","status-publish","format-standard","has-post-thumbnail","hentry","category-bez-kategorii"],"_links":{"self":[{"href":"https:\/\/zabnica.e-przedszkolak.eu\/archiwum\/wp-json\/wp\/v2\/posts\/3506","targetHints":{"allow":["GET"]}}],"collection":[{"href":"https:\/\/zabnica.e-przedszkolak.eu\/archiwum\/wp-json\/wp\/v2\/posts"}],"about":[{"href":"https:\/\/zabnica.e-przedszkolak.eu\/archiwum\/wp-json\/wp\/v2\/types\/post"}],"author":[{"embeddable":true,"href":"https:\/\/zabnica.e-przedszkolak.eu\/archiwum\/wp-json\/wp\/v2\/users\/3"}],"replies":[{"embeddable":true,"href":"https:\/\/zabnica.e-przedszkolak.eu\/archiwum\/wp-json\/wp\/v2\/comments?post=3506"}],"version-history":[{"count":1,"href":"https:\/\/zabnica.e-przedszkolak.eu\/archiwum\/wp-json\/wp\/v2\/posts\/3506\/revisions"}],"predecessor-version":[{"id":3518,"href":"https:\/\/zabnica.e-przedszkolak.eu\/archiwum\/wp-json\/wp\/v2\/posts\/3506\/revisions\/3518"}],"wp:featuredmedia":[{"embeddable":true,"href":"https:\/\/zabnica.e-przedszkolak.eu\/archiwum\/wp-json\/wp\/v2\/media\/3517"}],"wp:attachment":[{"href":"https:\/\/zabnica.e-przedszkolak.eu\/archiwum\/wp-json\/wp\/v2\/media?parent=3506"}],"wp:term":[{"taxonomy":"category","embeddable":true,"href":"https:\/\/zabnica.e-przedszkolak.eu\/archiwum\/wp-json\/wp\/v2\/categories?post=3506"},{"taxonomy":"post_tag","embeddable":true,"href":"https:\/\/zabnica.e-przedszkolak.eu\/archiwum\/wp-json\/wp\/v2\/tags?post=3506"}],"curies":[{"name":"wp","href":"https:\/\/api.w.org\/{rel}","templated":true}]}}