 {"id":3519,"date":"2020-10-08T11:50:58","date_gmt":"2020-10-08T09:50:58","guid":{"rendered":"https:\/\/zabnica.e-przedszkolak.eu\/?p=3519"},"modified":"2020-10-08T11:50:58","modified_gmt":"2020-10-08T09:50:58","slug":"miedzynarodowy-dzien-kropki","status":"publish","type":"post","link":"https:\/\/zabnica.e-przedszkolak.eu\/archiwum\/2020\/10\/08\/miedzynarodowy-dzien-kropki\/","title":{"rendered":"Mi\u0119dzynarodowy Dzie\u0144 Kropki"},"content":{"rendered":"<p style=\"text-align: justify;\">Od pi\u0119ciu lat 15 wrze\u015bnia obchodzi si\u0119 International Dot Day, czyli Mi\u0119dzynarodowy Dzie\u0144 Kropki. Jest to \u015bwi\u0119to kreatywno\u015bci, odwagi i zabawy. Uczniowie, nauczyciele, pracownicy instytucji kultury na ca\u0142ym \u015bwiecie, organizuj\u0105 tego dnia wiele dzia\u0142a\u0144, kt\u00f3re pomagaj\u0105 dzieciom odkry\u0107 talenty, pozna\u0107 ich mocne strony i je zaprezentowa\u0107.<!--more--><\/p>\n<p style=\"text-align: justify;\">W naszym przedszkolu najm\u0142odsi od samego rana cieszyli si\u0119 tym dniem! Odby\u0142a si\u0119 pogadanka na temat ksi\u0105\u017cki The Dot, kt\u00f3r\u0105 napisa\u0142 Peter Reynolds (opowiada ona o kropce, kt\u00f3ra zmieni\u0142a \u015bwiat ma\u0142ej Vashti i dziewczynka uwierzy\u0142a w siebie). Nast\u0119pnie dzieciaki bawi\u0142y si\u0119 przy muzyce, ta\u0144czyli z chusteczk\u0105 haftowan\u0105 w kropki, losowali tajemnicze przedmioty z worka w kropki, wykonywali kropkowane prace plastyczne i ozdabiali teren przedszkola kredowymi kropkami!<br \/>\nTo by\u0142 wspania\u0142y i niezapomniany dzie\u0144!<\/p>\n<p style=\"text-align: justify;\">\nSerdecznie dzi\u0119kujemy kochanym rodzicom za zaanga\u017cowanie i przygotowanie pi\u0119knych stroi dla dzieci.\ud83d\ude09<\/p>\nngg_shortcode_0_placeholder\n","protected":false},"excerpt":{"rendered":"<p>Od pi\u0119ciu lat 15 wrze\u015bnia obchodzi si\u0119 International Dot Day, czyli Mi\u0119dzynarodowy Dzie\u0144 Kropki. Jest to \u015bwi\u0119to kreatywno\u015bci, odwagi i zabawy. Uczniowie, nauczyciele, pracownicy instytucji kultury na ca\u0142ym \u015bwiecie, organizuj\u0105 tego dnia wiele dzia\u0142a\u0144, kt\u00f3re pomagaj\u0105 dzieciom odkry\u0107 talenty, pozna\u0107 ich mocne strony i je zaprezentowa\u0107.<\/p>\n","protected":false},"author":3,"featured_media":3524,"comment_status":"open","ping_status":"open","sticky":false,"template":"","format":"standard","meta":{"ngg_post_thumbnail":0,"footnotes":""},"categories":[1],"tags":[],"class_list":["post-3519","post","type-post","status-publish","format-standard","has-post-thumbnail","hentry","category-bez-kategorii"],"_links":{"self":[{"href":"https:\/\/zabnica.e-przedszkolak.eu\/archiwum\/wp-json\/wp\/v2\/posts\/3519","targetHints":{"allow":["GET"]}}],"collection":[{"href":"https:\/\/zabnica.e-przedszkolak.eu\/archiwum\/wp-json\/wp\/v2\/posts"}],"about":[{"href":"https:\/\/zabnica.e-przedszkolak.eu\/archiwum\/wp-json\/wp\/v2\/types\/post"}],"author":[{"embeddable":true,"href":"https:\/\/zabnica.e-przedszkolak.eu\/archiwum\/wp-json\/wp\/v2\/users\/3"}],"replies":[{"embeddable":true,"href":"https:\/\/zabnica.e-przedszkolak.eu\/archiwum\/wp-json\/wp\/v2\/comments?post=3519"}],"version-history":[{"count":1,"href":"https:\/\/zabnica.e-przedszkolak.eu\/archiwum\/wp-json\/wp\/v2\/posts\/3519\/revisions"}],"predecessor-version":[{"id":3525,"href":"https:\/\/zabnica.e-przedszkolak.eu\/archiwum\/wp-json\/wp\/v2\/posts\/3519\/revisions\/3525"}],"wp:featuredmedia":[{"embeddable":true,"href":"https:\/\/zabnica.e-przedszkolak.eu\/archiwum\/wp-json\/wp\/v2\/media\/3524"}],"wp:attachment":[{"href":"https:\/\/zabnica.e-przedszkolak.eu\/archiwum\/wp-json\/wp\/v2\/media?parent=3519"}],"wp:term":[{"taxonomy":"category","embeddable":true,"href":"https:\/\/zabnica.e-przedszkolak.eu\/archiwum\/wp-json\/wp\/v2\/categories?post=3519"},{"taxonomy":"post_tag","embeddable":true,"href":"https:\/\/zabnica.e-przedszkolak.eu\/archiwum\/wp-json\/wp\/v2\/tags?post=3519"}],"curies":[{"name":"wp","href":"https:\/\/api.w.org\/{rel}","templated":true}]}}