 {"id":3565,"date":"2021-05-21T20:01:58","date_gmt":"2021-05-21T18:01:58","guid":{"rendered":"https:\/\/zabnica.e-przedszkolak.eu\/?p=3565"},"modified":"2021-05-21T20:02:16","modified_gmt":"2021-05-21T18:02:16","slug":"swiatowy-dzien-swiadomosci-autyzmu","status":"publish","type":"post","link":"https:\/\/zabnica.e-przedszkolak.eu\/archiwum\/2021\/05\/21\/swiatowy-dzien-swiadomosci-autyzmu\/","title":{"rendered":"\u015aWIATOWY DZIE\u0143 \u015aWIADOMO\u015aCI AUTYZMU"},"content":{"rendered":"<p style=\"text-align: justify;\">KOCHANI &#8230;&#8230;.dzi\u015b obchodzimy &#8221; \u015aWIATOWY DZIE\u0143 \u015aWIADOMO\u015aCI AUTYZMU&#8221;. Zapraszamy Wszystkich przedszkolak\u00f3w wraz z rodze\u0144stwem i rodzicami do w\u0142\u0105czenia si\u0119 w t\u0105 akcj\u0119!!!!<!--more-->Pami\u0119tajmy, \u017ce wyrazem naszej solidarno\u015bci z osobami dotkni\u0119tymi zaburzeniami ze spektrum jest kolor niebieski. Zach\u0119camy wi\u0119c do wyra\u017cenia naszej otwarto\u015bci, zrozumienia i akceptacji dla tych os\u00f3b poprzez za\u0142o\u017cenie niebieskich ubra\u0144, zapalenie w oknie niebieskiej lampki czy zrobienie w tym kolorze jakiej\u015b dekoracji naszego domu. Nie b\u0105d\u017amy oboj\u0119tni, b\u0105d\u017amy na niebiesko!<\/p>\n<p style=\"text-align: justify;\">A poni\u017cej znajdziecie kr\u00f3tki filmik o AUTY\u0179MIE&#8230;. zach\u0119camy do obejrzenia i porozmawiania o nim z rodzicami. MI\u0141EGO NIEBIESKIEGO DNIA&#8230;.<\/p>\n<p><iframe loading=\"lazy\" title=\"film   Autyzm\" width=\"500\" height=\"281\" src=\"https:\/\/www.youtube.com\/embed\/5n93mDQ8080?feature=oembed\" frameborder=\"0\" allow=\"accelerometer; autoplay; clipboard-write; encrypted-media; gyroscope; picture-in-picture; web-share\" referrerpolicy=\"strict-origin-when-cross-origin\" allowfullscreen><\/iframe><\/p>\n","protected":false},"excerpt":{"rendered":"<p>KOCHANI &#8230;&#8230;.dzi\u015b obchodzimy &#8221; \u015aWIATOWY DZIE\u0143 \u015aWIADOMO\u015aCI AUTYZMU&#8221;. Zapraszamy Wszystkich przedszkolak\u00f3w wraz z rodze\u0144stwem i rodzicami do w\u0142\u0105czenia si\u0119 w t\u0105 akcj\u0119!!!!<\/p>\n","protected":false},"author":3,"featured_media":0,"comment_status":"open","ping_status":"open","sticky":false,"template":"","format":"standard","meta":{"ngg_post_thumbnail":0,"footnotes":""},"categories":[1],"tags":[],"class_list":["post-3565","post","type-post","status-publish","format-standard","hentry","category-bez-kategorii"],"_links":{"self":[{"href":"https:\/\/zabnica.e-przedszkolak.eu\/archiwum\/wp-json\/wp\/v2\/posts\/3565","targetHints":{"allow":["GET"]}}],"collection":[{"href":"https:\/\/zabnica.e-przedszkolak.eu\/archiwum\/wp-json\/wp\/v2\/posts"}],"about":[{"href":"https:\/\/zabnica.e-przedszkolak.eu\/archiwum\/wp-json\/wp\/v2\/types\/post"}],"author":[{"embeddable":true,"href":"https:\/\/zabnica.e-przedszkolak.eu\/archiwum\/wp-json\/wp\/v2\/users\/3"}],"replies":[{"embeddable":true,"href":"https:\/\/zabnica.e-przedszkolak.eu\/archiwum\/wp-json\/wp\/v2\/comments?post=3565"}],"version-history":[{"count":2,"href":"https:\/\/zabnica.e-przedszkolak.eu\/archiwum\/wp-json\/wp\/v2\/posts\/3565\/revisions"}],"predecessor-version":[{"id":3567,"href":"https:\/\/zabnica.e-przedszkolak.eu\/archiwum\/wp-json\/wp\/v2\/posts\/3565\/revisions\/3567"}],"wp:attachment":[{"href":"https:\/\/zabnica.e-przedszkolak.eu\/archiwum\/wp-json\/wp\/v2\/media?parent=3565"}],"wp:term":[{"taxonomy":"category","embeddable":true,"href":"https:\/\/zabnica.e-przedszkolak.eu\/archiwum\/wp-json\/wp\/v2\/categories?post=3565"},{"taxonomy":"post_tag","embeddable":true,"href":"https:\/\/zabnica.e-przedszkolak.eu\/archiwum\/wp-json\/wp\/v2\/tags?post=3565"}],"curies":[{"name":"wp","href":"https:\/\/api.w.org\/{rel}","templated":true}]}}