 {"id":3568,"date":"2021-05-21T20:05:41","date_gmt":"2021-05-21T18:05:41","guid":{"rendered":"https:\/\/zabnica.e-przedszkolak.eu\/?p=3568"},"modified":"2021-05-21T20:05:41","modified_gmt":"2021-05-21T18:05:41","slug":"rocznica-uchwalenia-konstytucji-3-maja-oraz-swieta-flagi","status":"publish","type":"post","link":"https:\/\/zabnica.e-przedszkolak.eu\/archiwum\/2021\/05\/21\/rocznica-uchwalenia-konstytucji-3-maja-oraz-swieta-flagi\/","title":{"rendered":"Rocznica uchwalenia Konstytucji 3 maja oraz \u015awi\u0119ta Flagi"},"content":{"rendered":"<p>Serdecznie zapraszamy do obejrzenia filmiku z obchod\u00f3w rocznicy uchwalenia Konstytucji 3 maja oraz \u015awi\u0119ta Flagi w naszym przedszkolu\ud83d\udc97\ud83d\udc97\ud83d\udc97\ud83d\udc97\ud83d\udc97<!--more--><\/p>\n<p><strong>&gt;&gt;<a href=\"https:\/\/fb.watch\/5CrePxx_GR\/\">Otw\u00f3rz film<\/a>&lt;&lt;<\/strong><\/p>\n<p>&nbsp;<\/p>\n","protected":false},"excerpt":{"rendered":"<p>Serdecznie zapraszamy do obejrzenia filmiku z obchod\u00f3w rocznicy uchwalenia Konstytucji 3 maja oraz \u015awi\u0119ta Flagi w naszym przedszkolu\ud83d\udc97\ud83d\udc97\ud83d\udc97\ud83d\udc97\ud83d\udc97<\/p>\n","protected":false},"author":3,"featured_media":0,"comment_status":"open","ping_status":"open","sticky":false,"template":"","format":"standard","meta":{"ngg_post_thumbnail":0,"footnotes":""},"categories":[1],"tags":[],"class_list":["post-3568","post","type-post","status-publish","format-standard","hentry","category-bez-kategorii"],"_links":{"self":[{"href":"https:\/\/zabnica.e-przedszkolak.eu\/archiwum\/wp-json\/wp\/v2\/posts\/3568","targetHints":{"allow":["GET"]}}],"collection":[{"href":"https:\/\/zabnica.e-przedszkolak.eu\/archiwum\/wp-json\/wp\/v2\/posts"}],"about":[{"href":"https:\/\/zabnica.e-przedszkolak.eu\/archiwum\/wp-json\/wp\/v2\/types\/post"}],"author":[{"embeddable":true,"href":"https:\/\/zabnica.e-przedszkolak.eu\/archiwum\/wp-json\/wp\/v2\/users\/3"}],"replies":[{"embeddable":true,"href":"https:\/\/zabnica.e-przedszkolak.eu\/archiwum\/wp-json\/wp\/v2\/comments?post=3568"}],"version-history":[{"count":1,"href":"https:\/\/zabnica.e-przedszkolak.eu\/archiwum\/wp-json\/wp\/v2\/posts\/3568\/revisions"}],"predecessor-version":[{"id":3569,"href":"https:\/\/zabnica.e-przedszkolak.eu\/archiwum\/wp-json\/wp\/v2\/posts\/3568\/revisions\/3569"}],"wp:attachment":[{"href":"https:\/\/zabnica.e-przedszkolak.eu\/archiwum\/wp-json\/wp\/v2\/media?parent=3568"}],"wp:term":[{"taxonomy":"category","embeddable":true,"href":"https:\/\/zabnica.e-przedszkolak.eu\/archiwum\/wp-json\/wp\/v2\/categories?post=3568"},{"taxonomy":"post_tag","embeddable":true,"href":"https:\/\/zabnica.e-przedszkolak.eu\/archiwum\/wp-json\/wp\/v2\/tags?post=3568"}],"curies":[{"name":"wp","href":"https:\/\/api.w.org\/{rel}","templated":true}]}}