 {"id":3570,"date":"2021-05-21T20:07:19","date_gmt":"2021-05-21T18:07:19","guid":{"rendered":"https:\/\/zabnica.e-przedszkolak.eu\/?p=3570"},"modified":"2021-05-21T20:07:19","modified_gmt":"2021-05-21T18:07:19","slug":"zajecia-sensoplastyczne","status":"publish","type":"post","link":"https:\/\/zabnica.e-przedszkolak.eu\/archiwum\/2021\/05\/21\/zajecia-sensoplastyczne\/","title":{"rendered":"Zaj\u0119cia sensoplastyczne"},"content":{"rendered":"<p style=\"text-align: justify;\">W pi\u0105tek odby\u0142y si\u0119 zaj\u0119cia sensoplastyczne! organizowane przez wszystkich wychowawc\u00f3w z naszego przedszkola. Sensoplastyka wp\u0142ywa na wiele aspekt\u00f3w rozwoju dzieci, wp\u0142ywa na stymulacj\u0119 wszystkich zmys\u0142\u00f3w: w\u0119chu, wzroku, dotyku, smaku, s\u0142uchu. Jest to r\u00f3wnie\u017c &#8222;pole do popisu&#8221; dla swobodnej, niekierowanej zabawy, kreatywno\u015bci, nieograniczonej wyobra\u017ani.<!--more--><\/p>\n<p style=\"text-align: justify;\">Na zaj\u0119ciach wykorzystali\u015bmy makaron spaghetti , kisiel , kuleczki hydro\u017celowe, ry\u017c, ca\u0142\u0105 palet\u0119 barwnik\u00f3w spo\u017cywczych oraz tworzyli\u015bmy r\u00f3\u017cne masy plastyczne. Nasze przedszkolaki bawi\u0142y si\u0119 wspaniale i obiecujemy, \u017ce nie by\u0142y to ostatnie tego typu zaj\u0119cia<br \/>\nZapraszamy do obejrzenia filmiku \ud83d\udc47\ud83d\udc47\ud83d\udc47\ud83d\udc47\ud83d\udc47\ud83d\udc47\ud83d\udc47<\/p>\n<p><strong>&gt;&gt;<a href=\"https:\/\/fb.watch\/5Cp_L86A-I\/\">Otw\u00f3rz film<\/a>&lt;&lt;<\/strong><\/p>\n","protected":false},"excerpt":{"rendered":"<p>W pi\u0105tek odby\u0142y si\u0119 zaj\u0119cia sensoplastyczne! organizowane przez wszystkich wychowawc\u00f3w z naszego przedszkola. Sensoplastyka wp\u0142ywa na wiele aspekt\u00f3w rozwoju dzieci, wp\u0142ywa na stymulacj\u0119 wszystkich zmys\u0142\u00f3w: w\u0119chu, wzroku, dotyku, smaku, s\u0142uchu. Jest to r\u00f3wnie\u017c &#8222;pole do popisu&#8221; dla swobodnej, niekierowanej zabawy, kreatywno\u015bci, nieograniczonej wyobra\u017ani.<\/p>\n","protected":false},"author":3,"featured_media":0,"comment_status":"open","ping_status":"open","sticky":false,"template":"","format":"standard","meta":{"ngg_post_thumbnail":0,"footnotes":""},"categories":[1],"tags":[],"class_list":["post-3570","post","type-post","status-publish","format-standard","hentry","category-bez-kategorii"],"_links":{"self":[{"href":"https:\/\/zabnica.e-przedszkolak.eu\/archiwum\/wp-json\/wp\/v2\/posts\/3570","targetHints":{"allow":["GET"]}}],"collection":[{"href":"https:\/\/zabnica.e-przedszkolak.eu\/archiwum\/wp-json\/wp\/v2\/posts"}],"about":[{"href":"https:\/\/zabnica.e-przedszkolak.eu\/archiwum\/wp-json\/wp\/v2\/types\/post"}],"author":[{"embeddable":true,"href":"https:\/\/zabnica.e-przedszkolak.eu\/archiwum\/wp-json\/wp\/v2\/users\/3"}],"replies":[{"embeddable":true,"href":"https:\/\/zabnica.e-przedszkolak.eu\/archiwum\/wp-json\/wp\/v2\/comments?post=3570"}],"version-history":[{"count":1,"href":"https:\/\/zabnica.e-przedszkolak.eu\/archiwum\/wp-json\/wp\/v2\/posts\/3570\/revisions"}],"predecessor-version":[{"id":3571,"href":"https:\/\/zabnica.e-przedszkolak.eu\/archiwum\/wp-json\/wp\/v2\/posts\/3570\/revisions\/3571"}],"wp:attachment":[{"href":"https:\/\/zabnica.e-przedszkolak.eu\/archiwum\/wp-json\/wp\/v2\/media?parent=3570"}],"wp:term":[{"taxonomy":"category","embeddable":true,"href":"https:\/\/zabnica.e-przedszkolak.eu\/archiwum\/wp-json\/wp\/v2\/categories?post=3570"},{"taxonomy":"post_tag","embeddable":true,"href":"https:\/\/zabnica.e-przedszkolak.eu\/archiwum\/wp-json\/wp\/v2\/tags?post=3570"}],"curies":[{"name":"wp","href":"https:\/\/api.w.org\/{rel}","templated":true}]}}