 {"id":3579,"date":"2021-05-24T11:57:42","date_gmt":"2021-05-24T09:57:42","guid":{"rendered":"https:\/\/zabnica.e-przedszkolak.eu\/?p=3579"},"modified":"2021-05-24T11:57:42","modified_gmt":"2021-05-24T09:57:42","slug":"nieczynne-przedszkole","status":"publish","type":"post","link":"https:\/\/zabnica.e-przedszkolak.eu\/archiwum\/2021\/05\/24\/nieczynne-przedszkole\/","title":{"rendered":"Nieczynne przedszkole"},"content":{"rendered":"<p style=\"text-align: justify;\">OG\u0141OSZNENIE: Dyrektor Przedszkola w \u017babnicy, informuje, \u017ce 04.06.2021r. (tj. pi\u0105tek) Przedszkole b\u0119dzie NIECZYNNE. W tym dniu Pracownicy Przedszkola otrzymuj\u0105 nale\u017cny urlop za 01.05.2021(tj. sobota).<!--more--><\/p>\n<p>&nbsp;<\/p>\n","protected":false},"excerpt":{"rendered":"<p>OG\u0141OSZNENIE: Dyrektor Przedszkola w \u017babnicy, informuje, \u017ce 04.06.2021r. (tj. pi\u0105tek) Przedszkole b\u0119dzie NIECZYNNE. W tym dniu Pracownicy Przedszkola otrzymuj\u0105 nale\u017cny urlop za 01.05.2021(tj. sobota).<\/p>\n","protected":false},"author":3,"featured_media":3477,"comment_status":"open","ping_status":"open","sticky":false,"template":"","format":"standard","meta":{"ngg_post_thumbnail":0,"footnotes":""},"categories":[1],"tags":[],"class_list":["post-3579","post","type-post","status-publish","format-standard","has-post-thumbnail","hentry","category-bez-kategorii"],"_links":{"self":[{"href":"https:\/\/zabnica.e-przedszkolak.eu\/archiwum\/wp-json\/wp\/v2\/posts\/3579","targetHints":{"allow":["GET"]}}],"collection":[{"href":"https:\/\/zabnica.e-przedszkolak.eu\/archiwum\/wp-json\/wp\/v2\/posts"}],"about":[{"href":"https:\/\/zabnica.e-przedszkolak.eu\/archiwum\/wp-json\/wp\/v2\/types\/post"}],"author":[{"embeddable":true,"href":"https:\/\/zabnica.e-przedszkolak.eu\/archiwum\/wp-json\/wp\/v2\/users\/3"}],"replies":[{"embeddable":true,"href":"https:\/\/zabnica.e-przedszkolak.eu\/archiwum\/wp-json\/wp\/v2\/comments?post=3579"}],"version-history":[{"count":1,"href":"https:\/\/zabnica.e-przedszkolak.eu\/archiwum\/wp-json\/wp\/v2\/posts\/3579\/revisions"}],"predecessor-version":[{"id":3580,"href":"https:\/\/zabnica.e-przedszkolak.eu\/archiwum\/wp-json\/wp\/v2\/posts\/3579\/revisions\/3580"}],"wp:featuredmedia":[{"embeddable":true,"href":"https:\/\/zabnica.e-przedszkolak.eu\/archiwum\/wp-json\/wp\/v2\/media\/3477"}],"wp:attachment":[{"href":"https:\/\/zabnica.e-przedszkolak.eu\/archiwum\/wp-json\/wp\/v2\/media?parent=3579"}],"wp:term":[{"taxonomy":"category","embeddable":true,"href":"https:\/\/zabnica.e-przedszkolak.eu\/archiwum\/wp-json\/wp\/v2\/categories?post=3579"},{"taxonomy":"post_tag","embeddable":true,"href":"https:\/\/zabnica.e-przedszkolak.eu\/archiwum\/wp-json\/wp\/v2\/tags?post=3579"}],"curies":[{"name":"wp","href":"https:\/\/api.w.org\/{rel}","templated":true}]}}