 {"id":3581,"date":"2021-05-26T16:37:03","date_gmt":"2021-05-26T14:37:03","guid":{"rendered":"https:\/\/zabnica.e-przedszkolak.eu\/?p=3581"},"modified":"2021-05-26T16:37:31","modified_gmt":"2021-05-26T14:37:31","slug":"makulatura-dla-wiktorka","status":"publish","type":"post","link":"https:\/\/zabnica.e-przedszkolak.eu\/archiwum\/2021\/05\/26\/makulatura-dla-wiktorka\/","title":{"rendered":"Makulatura dla Wiktorka"},"content":{"rendered":"<p>Przedszkole z \u017babnicy w\u0142\u0105cza si\u0119 do akcji zbi\u00f3rki makulatury dla Wiktorka ch\u0119tnych prosimy o dostarczanie makulatury do Szko\u0142y Podstawowej w \u017babnicy. Bardzo prosimy o wsparcie dla Wiktorka.<!--more--><\/p>\n<p><a href=\"https:\/\/zabnica.e-przedszkolak.eu\/archiwum\/wp-content\/uploads\/2021\/05\/makulatura.png\"><img loading=\"lazy\" decoding=\"async\" class=\"aligncenter wp-image-3582\" src=\"https:\/\/zabnica.e-przedszkolak.eu\/archiwum\/wp-content\/uploads\/2021\/05\/makulatura-224x300.png\" alt=\"\" width=\"441\" height=\"591\" srcset=\"https:\/\/zabnica.e-przedszkolak.eu\/archiwum\/wp-content\/uploads\/2021\/05\/makulatura-224x300.png 224w, https:\/\/zabnica.e-przedszkolak.eu\/archiwum\/wp-content\/uploads\/2021\/05\/makulatura.png 526w\" sizes=\"auto, (max-width: 441px) 100vw, 441px\" \/><\/a><\/p>\n","protected":false},"excerpt":{"rendered":"<p>Przedszkole z \u017babnicy w\u0142\u0105cza si\u0119 do akcji zbi\u00f3rki makulatury dla Wiktorka ch\u0119tnych prosimy o dostarczanie makulatury do Szko\u0142y Podstawowej w \u017babnicy. Bardzo prosimy o wsparcie dla Wiktorka.<\/p>\n","protected":false},"author":3,"featured_media":0,"comment_status":"open","ping_status":"open","sticky":false,"template":"","format":"standard","meta":{"ngg_post_thumbnail":0,"footnotes":""},"categories":[1],"tags":[],"class_list":["post-3581","post","type-post","status-publish","format-standard","hentry","category-bez-kategorii"],"_links":{"self":[{"href":"https:\/\/zabnica.e-przedszkolak.eu\/archiwum\/wp-json\/wp\/v2\/posts\/3581","targetHints":{"allow":["GET"]}}],"collection":[{"href":"https:\/\/zabnica.e-przedszkolak.eu\/archiwum\/wp-json\/wp\/v2\/posts"}],"about":[{"href":"https:\/\/zabnica.e-przedszkolak.eu\/archiwum\/wp-json\/wp\/v2\/types\/post"}],"author":[{"embeddable":true,"href":"https:\/\/zabnica.e-przedszkolak.eu\/archiwum\/wp-json\/wp\/v2\/users\/3"}],"replies":[{"embeddable":true,"href":"https:\/\/zabnica.e-przedszkolak.eu\/archiwum\/wp-json\/wp\/v2\/comments?post=3581"}],"version-history":[{"count":2,"href":"https:\/\/zabnica.e-przedszkolak.eu\/archiwum\/wp-json\/wp\/v2\/posts\/3581\/revisions"}],"predecessor-version":[{"id":3584,"href":"https:\/\/zabnica.e-przedszkolak.eu\/archiwum\/wp-json\/wp\/v2\/posts\/3581\/revisions\/3584"}],"wp:attachment":[{"href":"https:\/\/zabnica.e-przedszkolak.eu\/archiwum\/wp-json\/wp\/v2\/media?parent=3581"}],"wp:term":[{"taxonomy":"category","embeddable":true,"href":"https:\/\/zabnica.e-przedszkolak.eu\/archiwum\/wp-json\/wp\/v2\/categories?post=3581"},{"taxonomy":"post_tag","embeddable":true,"href":"https:\/\/zabnica.e-przedszkolak.eu\/archiwum\/wp-json\/wp\/v2\/tags?post=3581"}],"curies":[{"name":"wp","href":"https:\/\/api.w.org\/{rel}","templated":true}]}}