 {"id":3586,"date":"2021-06-02T16:41:49","date_gmt":"2021-06-02T14:41:49","guid":{"rendered":"https:\/\/zabnica.e-przedszkolak.eu\/?p=3586"},"modified":"2021-06-02T16:41:49","modified_gmt":"2021-06-02T14:41:49","slug":"dzien-dziecka-3","status":"publish","type":"post","link":"https:\/\/zabnica.e-przedszkolak.eu\/archiwum\/2021\/06\/02\/dzien-dziecka-3\/","title":{"rendered":"Dzie\u0144 dziecka"},"content":{"rendered":"<p>Dzisiaj \u015bwi\u0119towali\u015bmy 1 Czerwca\u2764\ufe0f urz\u0105dzili\u015bmy zawody sportowe \ud83d\udcaa\ud83d\udcaa\ud83d\udcaa by\u0142 s\u0142odki pocz\u0119stunek i inne atrakcje \ud83d\ude01 sami zobaczycie.<\/p>\n<p><!--more--><\/p>\n<div style=\"width: 1080px;\" class=\"wp-video\"><!--[if lt IE 9]><script>document.createElement('video');<\/script><![endif]-->\n<video class=\"wp-video-shortcode\" id=\"video-3586-1\" width=\"1080\" height=\"608\" preload=\"metadata\" controls=\"controls\"><source type=\"video\/mp4\" src=\"https:\/\/zabnica.e-przedszkolak.eu\/archiwum\/wp-content\/uploads\/2021\/06\/vid_20210601_10010000.mp4?_=1\" \/><a href=\"https:\/\/zabnica.e-przedszkolak.eu\/archiwum\/wp-content\/uploads\/2021\/06\/vid_20210601_10010000.mp4\">https:\/\/zabnica.e-przedszkolak.eu\/archiwum\/wp-content\/uploads\/2021\/06\/vid_20210601_10010000.mp4<\/a><\/video><\/div>\nngg_shortcode_0_placeholder\n","protected":false},"excerpt":{"rendered":"<p>Dzisiaj \u015bwi\u0119towali\u015bmy 1 Czerwca\u2764\ufe0f urz\u0105dzili\u015bmy zawody sportowe \ud83d\udcaa\ud83d\udcaa\ud83d\udcaa by\u0142 s\u0142odki pocz\u0119stunek i inne atrakcje \ud83d\ude01 sami zobaczycie.<\/p>\n","protected":false},"author":3,"featured_media":3593,"comment_status":"open","ping_status":"open","sticky":false,"template":"","format":"standard","meta":{"ngg_post_thumbnail":0,"footnotes":""},"categories":[1],"tags":[],"class_list":["post-3586","post","type-post","status-publish","format-standard","has-post-thumbnail","hentry","category-bez-kategorii"],"_links":{"self":[{"href":"https:\/\/zabnica.e-przedszkolak.eu\/archiwum\/wp-json\/wp\/v2\/posts\/3586","targetHints":{"allow":["GET"]}}],"collection":[{"href":"https:\/\/zabnica.e-przedszkolak.eu\/archiwum\/wp-json\/wp\/v2\/posts"}],"about":[{"href":"https:\/\/zabnica.e-przedszkolak.eu\/archiwum\/wp-json\/wp\/v2\/types\/post"}],"author":[{"embeddable":true,"href":"https:\/\/zabnica.e-przedszkolak.eu\/archiwum\/wp-json\/wp\/v2\/users\/3"}],"replies":[{"embeddable":true,"href":"https:\/\/zabnica.e-przedszkolak.eu\/archiwum\/wp-json\/wp\/v2\/comments?post=3586"}],"version-history":[{"count":1,"href":"https:\/\/zabnica.e-przedszkolak.eu\/archiwum\/wp-json\/wp\/v2\/posts\/3586\/revisions"}],"predecessor-version":[{"id":3594,"href":"https:\/\/zabnica.e-przedszkolak.eu\/archiwum\/wp-json\/wp\/v2\/posts\/3586\/revisions\/3594"}],"wp:featuredmedia":[{"embeddable":true,"href":"https:\/\/zabnica.e-przedszkolak.eu\/archiwum\/wp-json\/wp\/v2\/media\/3593"}],"wp:attachment":[{"href":"https:\/\/zabnica.e-przedszkolak.eu\/archiwum\/wp-json\/wp\/v2\/media?parent=3586"}],"wp:term":[{"taxonomy":"category","embeddable":true,"href":"https:\/\/zabnica.e-przedszkolak.eu\/archiwum\/wp-json\/wp\/v2\/categories?post=3586"},{"taxonomy":"post_tag","embeddable":true,"href":"https:\/\/zabnica.e-przedszkolak.eu\/archiwum\/wp-json\/wp\/v2\/tags?post=3586"}],"curies":[{"name":"wp","href":"https:\/\/api.w.org\/{rel}","templated":true}]}}