 {"id":3596,"date":"2021-06-14T15:36:25","date_gmt":"2021-06-14T13:36:25","guid":{"rendered":"https:\/\/zabnica.e-przedszkolak.eu\/?p=3596"},"modified":"2021-06-14T15:37:07","modified_gmt":"2021-06-14T13:37:07","slug":"certyfikat-wzorowej-placowki","status":"publish","type":"post","link":"https:\/\/zabnica.e-przedszkolak.eu\/archiwum\/2021\/06\/14\/certyfikat-wzorowej-placowki\/","title":{"rendered":"Certyfikat wzorowej plac\u00f3wki"},"content":{"rendered":"<p style=\"text-align: justify;\">Po blisko roku realizacji poszczeg\u00f3lnych modu\u0142\u00f3w projektu ,,Ma\u0142y Mi\u015b w \u015bwiecie wielkiej literatury&#8221; nasze przedszkole otrzyma\u0142o certyfikat wzorowej plac\u00f3wki. Wszystkim osobom zaanga\u017cowanym w projekt bardzo serdecznie dzi\u0119kujemy.<!--more--><\/p>\n<p><a href=\"https:\/\/zabnica.e-przedszkolak.eu\/archiwum\/wp-content\/uploads\/2021\/06\/certyfikat.png\"><img loading=\"lazy\" decoding=\"async\" class=\"aligncenter wp-image-3598\" src=\"https:\/\/zabnica.e-przedszkolak.eu\/archiwum\/wp-content\/uploads\/2021\/06\/certyfikat-300x225.png\" alt=\"\" width=\"491\" height=\"367\"><\/a><\/p>\n","protected":false},"excerpt":{"rendered":"<p>Po blisko roku realizacji poszczeg\u00f3lnych modu\u0142\u00f3w projektu ,,Ma\u0142y Mi\u015b w \u015bwiecie wielkiej literatury&#8221; nasze przedszkole otrzyma\u0142o certyfikat wzorowej plac\u00f3wki. Wszystkim osobom zaanga\u017cowanym w projekt bardzo serdecznie dzi\u0119kujemy.<\/p>\n","protected":false},"author":3,"featured_media":3598,"comment_status":"open","ping_status":"open","sticky":false,"template":"","format":"standard","meta":{"ngg_post_thumbnail":0,"footnotes":""},"categories":[1],"tags":[],"class_list":["post-3596","post","type-post","status-publish","format-standard","has-post-thumbnail","hentry","category-bez-kategorii"],"_links":{"self":[{"href":"https:\/\/zabnica.e-przedszkolak.eu\/archiwum\/wp-json\/wp\/v2\/posts\/3596","targetHints":{"allow":["GET"]}}],"collection":[{"href":"https:\/\/zabnica.e-przedszkolak.eu\/archiwum\/wp-json\/wp\/v2\/posts"}],"about":[{"href":"https:\/\/zabnica.e-przedszkolak.eu\/archiwum\/wp-json\/wp\/v2\/types\/post"}],"author":[{"embeddable":true,"href":"https:\/\/zabnica.e-przedszkolak.eu\/archiwum\/wp-json\/wp\/v2\/users\/3"}],"replies":[{"embeddable":true,"href":"https:\/\/zabnica.e-przedszkolak.eu\/archiwum\/wp-json\/wp\/v2\/comments?post=3596"}],"version-history":[{"count":4,"href":"https:\/\/zabnica.e-przedszkolak.eu\/archiwum\/wp-json\/wp\/v2\/posts\/3596\/revisions"}],"predecessor-version":[{"id":3602,"href":"https:\/\/zabnica.e-przedszkolak.eu\/archiwum\/wp-json\/wp\/v2\/posts\/3596\/revisions\/3602"}],"wp:featuredmedia":[{"embeddable":true,"href":"https:\/\/zabnica.e-przedszkolak.eu\/archiwum\/wp-json\/wp\/v2\/media\/3598"}],"wp:attachment":[{"href":"https:\/\/zabnica.e-przedszkolak.eu\/archiwum\/wp-json\/wp\/v2\/media?parent=3596"}],"wp:term":[{"taxonomy":"category","embeddable":true,"href":"https:\/\/zabnica.e-przedszkolak.eu\/archiwum\/wp-json\/wp\/v2\/categories?post=3596"},{"taxonomy":"post_tag","embeddable":true,"href":"https:\/\/zabnica.e-przedszkolak.eu\/archiwum\/wp-json\/wp\/v2\/tags?post=3596"}],"curies":[{"name":"wp","href":"https:\/\/api.w.org\/{rel}","templated":true}]}}