 {"id":3603,"date":"2021-06-14T15:41:42","date_gmt":"2021-06-14T13:41:42","guid":{"rendered":"https:\/\/zabnica.e-przedszkolak.eu\/?p=3603"},"modified":"2021-06-14T15:41:42","modified_gmt":"2021-06-14T13:41:42","slug":"dzien-dziecka-cz-2","status":"publish","type":"post","link":"https:\/\/zabnica.e-przedszkolak.eu\/archiwum\/2021\/06\/14\/dzien-dziecka-cz-2\/","title":{"rendered":"Dzie\u0144 Dziecka cz. 2"},"content":{"rendered":"<p style=\"text-align: justify;\">Tymczasem U Nas zaleg\u0142e atrakcje z okazji DNIA DZIECKA! Dzi\u0119kujemy firmie &#8221; STAR FUN&#8221; . Zabawa by\u0142a na 102\ud83d\ude0d\ud83e\udd23<!--more--><\/p>\n<div style=\"width: 1080px;\" class=\"wp-video\"><!--[if lt IE 9]><script>document.createElement('video');<\/script><![endif]-->\n<video class=\"wp-video-shortcode\" id=\"video-3603-1\" width=\"1080\" height=\"608\" preload=\"metadata\" controls=\"controls\"><source type=\"video\/mp4\" src=\"https:\/\/zabnica.e-przedszkolak.eu\/archiwum\/wp-content\/uploads\/2021\/06\/vid_20210611_1020310.mp4?_=1\" \/><a href=\"https:\/\/zabnica.e-przedszkolak.eu\/archiwum\/wp-content\/uploads\/2021\/06\/vid_20210611_1020310.mp4\">https:\/\/zabnica.e-przedszkolak.eu\/archiwum\/wp-content\/uploads\/2021\/06\/vid_20210611_1020310.mp4<\/a><\/video><\/div>\nngg_shortcode_0_placeholder\n","protected":false},"excerpt":{"rendered":"<p>Tymczasem U Nas zaleg\u0142e atrakcje z okazji DNIA DZIECKA! Dzi\u0119kujemy firmie &#8221; STAR FUN&#8221; . Zabawa by\u0142a na 102\ud83d\ude0d\ud83e\udd23<\/p>\n","protected":false},"author":3,"featured_media":3609,"comment_status":"open","ping_status":"open","sticky":false,"template":"","format":"standard","meta":{"ngg_post_thumbnail":0,"footnotes":""},"categories":[1],"tags":[],"class_list":["post-3603","post","type-post","status-publish","format-standard","has-post-thumbnail","hentry","category-bez-kategorii"],"_links":{"self":[{"href":"https:\/\/zabnica.e-przedszkolak.eu\/archiwum\/wp-json\/wp\/v2\/posts\/3603","targetHints":{"allow":["GET"]}}],"collection":[{"href":"https:\/\/zabnica.e-przedszkolak.eu\/archiwum\/wp-json\/wp\/v2\/posts"}],"about":[{"href":"https:\/\/zabnica.e-przedszkolak.eu\/archiwum\/wp-json\/wp\/v2\/types\/post"}],"author":[{"embeddable":true,"href":"https:\/\/zabnica.e-przedszkolak.eu\/archiwum\/wp-json\/wp\/v2\/users\/3"}],"replies":[{"embeddable":true,"href":"https:\/\/zabnica.e-przedszkolak.eu\/archiwum\/wp-json\/wp\/v2\/comments?post=3603"}],"version-history":[{"count":1,"href":"https:\/\/zabnica.e-przedszkolak.eu\/archiwum\/wp-json\/wp\/v2\/posts\/3603\/revisions"}],"predecessor-version":[{"id":3611,"href":"https:\/\/zabnica.e-przedszkolak.eu\/archiwum\/wp-json\/wp\/v2\/posts\/3603\/revisions\/3611"}],"wp:featuredmedia":[{"embeddable":true,"href":"https:\/\/zabnica.e-przedszkolak.eu\/archiwum\/wp-json\/wp\/v2\/media\/3609"}],"wp:attachment":[{"href":"https:\/\/zabnica.e-przedszkolak.eu\/archiwum\/wp-json\/wp\/v2\/media?parent=3603"}],"wp:term":[{"taxonomy":"category","embeddable":true,"href":"https:\/\/zabnica.e-przedszkolak.eu\/archiwum\/wp-json\/wp\/v2\/categories?post=3603"},{"taxonomy":"post_tag","embeddable":true,"href":"https:\/\/zabnica.e-przedszkolak.eu\/archiwum\/wp-json\/wp\/v2\/tags?post=3603"}],"curies":[{"name":"wp","href":"https:\/\/api.w.org\/{rel}","templated":true}]}}