 {"id":3612,"date":"2021-06-15T22:43:07","date_gmt":"2021-06-15T20:43:07","guid":{"rendered":"https:\/\/zabnica.e-przedszkolak.eu\/?p=3612"},"modified":"2021-06-15T22:43:07","modified_gmt":"2021-06-15T20:43:07","slug":"dzien-mamy-i-taty-2","status":"publish","type":"post","link":"https:\/\/zabnica.e-przedszkolak.eu\/archiwum\/2021\/06\/15\/dzien-mamy-i-taty-2\/","title":{"rendered":"Dzie\u0144 mamy i taty"},"content":{"rendered":"<p style=\"text-align: justify;\">Z okazji Dnia Matki oraz zbli\u017caj\u0105cego si\u0119 Dnia Ojca&nbsp; wszystkie Przedszkolaki oraz pracownicy przedszkola sk\u0142adaj\u0105 Pa\u0144stwu najserdeczniejsze \u017cyczenia zdrowia, rado\u015bci, w ka\u017cdym nawet szarym dniu spe\u0142nienia marze\u0144, realizacji zamierzonych plan\u00f3w oraz pociechy ze swoich dzieci&#8230;.\u2764\ufe0f\u2764\ufe0f\u2764\ufe0f\u2764\ufe0f<!--more--><\/p>\nngg_shortcode_0_placeholder\n","protected":false},"excerpt":{"rendered":"<p>Z okazji Dnia Matki oraz zbli\u017caj\u0105cego si\u0119 Dnia Ojca&nbsp; wszystkie Przedszkolaki oraz pracownicy przedszkola sk\u0142adaj\u0105 Pa\u0144stwu najserdeczniejsze \u017cyczenia zdrowia, rado\u015bci, w ka\u017cdym nawet szarym dniu spe\u0142nienia marze\u0144, realizacji zamierzonych plan\u00f3w oraz pociechy ze swoich dzieci&#8230;.\u2764\ufe0f\u2764\ufe0f\u2764\ufe0f\u2764\ufe0f<\/p>\n","protected":false},"author":3,"featured_media":3616,"comment_status":"open","ping_status":"open","sticky":false,"template":"","format":"standard","meta":{"ngg_post_thumbnail":0,"footnotes":""},"categories":[1],"tags":[],"class_list":["post-3612","post","type-post","status-publish","format-standard","has-post-thumbnail","hentry","category-bez-kategorii"],"_links":{"self":[{"href":"https:\/\/zabnica.e-przedszkolak.eu\/archiwum\/wp-json\/wp\/v2\/posts\/3612","targetHints":{"allow":["GET"]}}],"collection":[{"href":"https:\/\/zabnica.e-przedszkolak.eu\/archiwum\/wp-json\/wp\/v2\/posts"}],"about":[{"href":"https:\/\/zabnica.e-przedszkolak.eu\/archiwum\/wp-json\/wp\/v2\/types\/post"}],"author":[{"embeddable":true,"href":"https:\/\/zabnica.e-przedszkolak.eu\/archiwum\/wp-json\/wp\/v2\/users\/3"}],"replies":[{"embeddable":true,"href":"https:\/\/zabnica.e-przedszkolak.eu\/archiwum\/wp-json\/wp\/v2\/comments?post=3612"}],"version-history":[{"count":1,"href":"https:\/\/zabnica.e-przedszkolak.eu\/archiwum\/wp-json\/wp\/v2\/posts\/3612\/revisions"}],"predecessor-version":[{"id":3617,"href":"https:\/\/zabnica.e-przedszkolak.eu\/archiwum\/wp-json\/wp\/v2\/posts\/3612\/revisions\/3617"}],"wp:featuredmedia":[{"embeddable":true,"href":"https:\/\/zabnica.e-przedszkolak.eu\/archiwum\/wp-json\/wp\/v2\/media\/3616"}],"wp:attachment":[{"href":"https:\/\/zabnica.e-przedszkolak.eu\/archiwum\/wp-json\/wp\/v2\/media?parent=3612"}],"wp:term":[{"taxonomy":"category","embeddable":true,"href":"https:\/\/zabnica.e-przedszkolak.eu\/archiwum\/wp-json\/wp\/v2\/categories?post=3612"},{"taxonomy":"post_tag","embeddable":true,"href":"https:\/\/zabnica.e-przedszkolak.eu\/archiwum\/wp-json\/wp\/v2\/tags?post=3612"}],"curies":[{"name":"wp","href":"https:\/\/api.w.org\/{rel}","templated":true}]}}